 {"id":14774,"date":"2023-11-10T07:24:13","date_gmt":"2023-11-10T10:24:13","guid":{"rendered":"https:\/\/portalmidia.net\/?p=14774"},"modified":"2023-11-10T07:24:13","modified_gmt":"2023-11-10T10:24:13","slug":"experiencia-do-vacina-mais-paraiba-ganha-destaque-na-mostra-nacional-expoepi-em-brasilia","status":"publish","type":"post","link":"https:\/\/portalmidia.net\/index.php\/2023\/11\/10\/experiencia-do-vacina-mais-paraiba-ganha-destaque-na-mostra-nacional-expoepi-em-brasilia\/","title":{"rendered":"Experi\u00eancia do Vacina Mais Para\u00edba ganha destaque na mostra nacional ExpoEpi em Bras\u00edlia"},"content":{"rendered":"<table border=\"0\" width=\"100%\" cellspacing=\"0\" cellpadding=\"0\">\n<tbody>\n<tr>\n<td>\n<table border=\"0\" width=\"100%\" cellspacing=\"0\" cellpadding=\"0\" align=\"left\">\n<tbody>\n<tr>\n<td>O trabalho \u201cVacina Mais Para\u00edba: estrat\u00e9gias de educa\u00e7\u00e3o permanente nas a\u00e7\u00f5es de imuniza\u00e7\u00e3o do estado da Para\u00edba\u201d \u2013 integrante de uma lista de 42 selecionados entre mais de 1.800 inscritos \u2013 foi apresentado nessa quarta-feira (8), em Bras\u00edlia, na 17\u00aa Mostra Nacional de Experi\u00eancias Bem-Sucedidas em Epidemiologia, Preven\u00e7\u00e3o e Controle de Doen\u00e7as (ExpoEpi), promovida pela Secretaria de Vigil\u00e2ncia em Sa\u00fade, \u00f3rg\u00e3o ligado ao Minist\u00e9rio da Sa\u00fade. O projeto Vacina Mais Para\u00edba foi implantado pelo Governo da Para\u00edba com a\u00e7\u00f5es voltadas para os profissionais e para a popula\u00e7\u00e3o com o objetivo de ampliar e melhorar os \u00edndices de coberturas vacinais no estado.<br aria-hidden=\"true\" \/><br aria-hidden=\"true\" \/>Um dos exemplos exitosos do Vacina Mais Para\u00edba foi o alcance da meta na campanha de poliomielite em 2022, com uma cobertura vacinal de 100,39%, sendo o primeiro estado a atingir a cobertura vacinal no pa\u00eds. Ap\u00f3s 28 dias do in\u00edcio do projeto, diante do baixo \u00edndice do alcance da meta da maioria dos munic\u00edpios, os apoiadores do projeto monitoraram diariamente a campanha junto aos munic\u00edpios e, em 30 dias de acompanhamento, 188 munic\u00edpios atingiram a cobertura e, por causa dessa a\u00e7\u00e3o, a Para\u00edba foi o primeiro Estado a alcan\u00e7ar a meta na campanha de poliomielite no ano de 2022.<br aria-hidden=\"true\" \/><br aria-hidden=\"true\" \/>O trabalho foi apresentado em Bras\u00edlia pela chefe do N\u00facleo de Imuniza\u00e7\u00e3o da Secretaria de Estado da Sa\u00fade (SES), M\u00e1rcia Mayara. \u201cA ExpoEpi \u00e9 o maior congresso de epidemiologia do pa\u00eds e um espa\u00e7o para troca de experi\u00eancia. \u00c9 com muita alegria que o projeto Vacina Mais Para\u00edba foi selecionado entre os 1812 inscritos. \u00c9 uma oportunidade de\u00a0 apresentar a efetividade do projeto atrav\u00e9s dos resultados obtidos e destacar que as a\u00e7\u00f5es desenvolvidas objetivaram levar a vacina para toda a popula\u00e7\u00e3o e aumentar as coberturas vacinais\u201d, declarou.<br aria-hidden=\"true\" \/><br aria-hidden=\"true\" \/>\u201cEstamos muito felizes com esse momento onde a Para\u00edba \u00e9 destaque nacional, pois foram 1.812 trabalhos inscritos e o da SES ficou entre os 42 aprovados para apresenta\u00e7\u00e3o oral. Al\u00e9m disso, \u00e9 um dos tr\u00eas trabalhos nacionais selecionados na tem\u00e1tica, junto com os estados do Rio de Janeiro e Minas Gerais\u201d, disse.<br aria-hidden=\"true\" \/><br aria-hidden=\"true\" \/>As a\u00e7\u00f5es do projeto contaram com a contrata\u00e7\u00e3o de 19 enfermeiros apoiadores focais e dois coordenadores de macrorregi\u00f5es para atuarem junto aos gestores de imuniza\u00e7\u00e3o das ger\u00eancias, para o fortalecimento das a\u00e7\u00f5es de imuniza\u00e7\u00e3o; avalia\u00e7\u00e3o e diagn\u00f3stico situacional das 1.198 salas de vacina, por meio da aplica\u00e7\u00e3o de um monitoramento e realizou uma oficina sobre calend\u00e1rio vacinal com 6.901 agentes comunit\u00e1rios de sa\u00fade, bem como a constru\u00e7\u00e3o e implanta\u00e7\u00e3o de procedimentos operacionais padr\u00e3o.<br aria-hidden=\"true\" \/><br aria-hidden=\"true\" \/>O projeto ofertou tamb\u00e9m uma oficina de boas pr\u00e1ticas e atualiza\u00e7\u00e3o do calend\u00e1rio vacinal com 2.322 profissionais da aten\u00e7\u00e3o prim\u00e1ria \u00e0 sa\u00fade e gestores de imuniza\u00e7\u00e3o nas salas de vacina. Al\u00e9m da capacita\u00e7\u00e3o de 252 profissionais em sistemas de informa\u00e7\u00e3o da imuniza\u00e7\u00e3o e o monitoramento di\u00e1rio da vacina\u00e7\u00e3o nos per\u00edodos de campanha e vacinas de rotina.\u00a0 Al\u00e9m de todas essas iniciativas realizadas pela SES, entre o primeiro e segundo semestre de 2022, verificou-se uma melhoria dos resultados na cobertura vacinal em crian\u00e7as menores de um ano de idade.<br aria-hidden=\"true\" \/><br aria-hidden=\"true\" \/>O Projeto Vacina Mais Para\u00edba foi lan\u00e7ado em 2022 e tem como prop\u00f3sito trabalhar no desenvolvimento de a\u00e7\u00f5es de fortalecimento em tr\u00eas eixos: qualifica\u00e7\u00f5es &#8211; para o fortalecimento da operacionalidade dos imunobiol\u00f3gicos pela assist\u00eancia; comunica\u00e7\u00e3o &#8211; fortalecendo a import\u00e2ncia da vacina\u00e7\u00e3o, estabelecendo uma rede de colabora\u00e7\u00e3o interinstitucional para buscar a melhoria da cobertura vacinal e sistemas de informa\u00e7\u00e3o &#8211; aprimorando o fluxo de registro, an\u00e1lise e trabalho com os dados vacinais.<\/td>\n<\/tr>\n<\/tbody>\n<\/table>\n<\/td>\n<\/tr>\n<\/tbody>\n<\/table>\n<p style=\"text-align: justify;\">\n<table border=\"0\" width=\"100%\" cellspacing=\"0\" cellpadding=\"0\">\n<tbody>\n<tr>\n<td>\n<table border=\"0\" width=\"100%\" cellspacing=\"0\" cellpadding=\"0\" align=\"left\">\n<tbody>\n<tr>\n<td>A iniciativa j\u00e1 foi premiada no 7th Internacional Symposium on Inmunobiologicals (7\u00ba Simp\u00f3sio Internacional de Imunobiol\u00f3gicos), realizado em maio de 2023, no Campus da Funda\u00e7\u00e3o Oswaldo Cruz, no Rio de Janeiro. O simp\u00f3sio teve como foco o fomento \u00e0 inova\u00e7\u00e3o, \u00e0 gera\u00e7\u00e3o de conhecimento de ponta para acelerar o desenvolvimento de solu\u00e7\u00f5es em biotecnologia para os problemas de sa\u00fade p\u00fablica<\/td>\n<\/tr>\n<\/tbody>\n<\/table>\n<\/td>\n<\/tr>\n<\/tbody>\n<\/table>\n<p style=\"text-align: justify;\"><img fetchpriority=\"high\" decoding=\"async\" class=\"size-full wp-image-14777\" src=\"https:\/\/portalmidia.net\/wp-content\/uploads\/2023\/11\/90fcaf62-6c5b-c1e9-3a05-3b7623c810ce.jpeg\" alt=\"\" width=\"1024\" height=\"576\" srcset=\"https:\/\/portalmidia.net\/wp-content\/uploads\/2023\/11\/90fcaf62-6c5b-c1e9-3a05-3b7623c810ce.jpeg 1024w, https:\/\/portalmidia.net\/wp-content\/uploads\/2023\/11\/90fcaf62-6c5b-c1e9-3a05-3b7623c810ce-300x169.jpeg 300w, https:\/\/portalmidia.net\/wp-content\/uploads\/2023\/11\/90fcaf62-6c5b-c1e9-3a05-3b7623c810ce-768x432.jpeg 768w, https:\/\/portalmidia.net\/wp-content\/uploads\/2023\/11\/90fcaf62-6c5b-c1e9-3a05-3b7623c810ce-600x338.jpeg 600w\" sizes=\"(max-width: 1024px) 100vw, 1024px\" \/> <img decoding=\"async\" class=\"size-large wp-image-14776\" src=\"https:\/\/portalmidia.net\/wp-content\/uploads\/2023\/11\/c443223f-62d8-ee9b-b138-53f1b8fbdcf9-1024x682.jpeg\" alt=\"\" width=\"640\" height=\"426\" srcset=\"https:\/\/portalmidia.net\/wp-content\/uploads\/2023\/11\/c443223f-62d8-ee9b-b138-53f1b8fbdcf9-1024x682.jpeg 1024w, https:\/\/portalmidia.net\/wp-content\/uploads\/2023\/11\/c443223f-62d8-ee9b-b138-53f1b8fbdcf9-300x200.jpeg 300w, https:\/\/portalmidia.net\/wp-content\/uploads\/2023\/11\/c443223f-62d8-ee9b-b138-53f1b8fbdcf9-768x512.jpeg 768w, https:\/\/portalmidia.net\/wp-content\/uploads\/2023\/11\/c443223f-62d8-ee9b-b138-53f1b8fbdcf9-1536x1023.jpeg 1536w, https:\/\/portalmidia.net\/wp-content\/uploads\/2023\/11\/c443223f-62d8-ee9b-b138-53f1b8fbdcf9-600x400.jpeg 600w, https:\/\/portalmidia.net\/wp-content\/uploads\/2023\/11\/c443223f-62d8-ee9b-b138-53f1b8fbdcf9.jpeg 1600w\" sizes=\"(max-width: 640px) 100vw, 640px\" \/><\/p>\n","protected":false},"excerpt":{"rendered":"<p>O trabalho \u201cVacina Mais Para\u00edba: estrat\u00e9gias de educa\u00e7\u00e3o permanente nas a\u00e7\u00f5es de imuniza\u00e7\u00e3o do estado da Para\u00edba\u201d \u2013 integrante de uma lista de 42 selecionados entre mais de 1.800 inscritos \u2013 foi apresentado nessa quarta-feira (8), em Bras\u00edlia, na 17\u00aa Mostra Nacional de Experi\u00eancias Bem-Sucedidas em Epidemiologia, Preven\u00e7\u00e3o e Controle de Doen\u00e7as (ExpoEpi), promovida pela<\/p>\n","protected":false},"author":1,"featured_media":14778,"comment_status":"open","ping_status":"open","sticky":false,"template":"","format":"standard","meta":{"_eb_attr":"","footnotes":""},"categories":[7,5],"tags":[],"class_list":["post-14774","post","type-post","status-publish","format-standard","has-post-thumbnail","hentry","category-destaque","category-saude"],"_links":{"self":[{"href":"https:\/\/portalmidia.net\/index.php\/wp-json\/wp\/v2\/posts\/14774","targetHints":{"allow":["GET"]}}],"collection":[{"href":"https:\/\/portalmidia.net\/index.php\/wp-json\/wp\/v2\/posts"}],"about":[{"href":"https:\/\/portalmidia.net\/index.php\/wp-json\/wp\/v2\/types\/post"}],"author":[{"embeddable":true,"href":"https:\/\/portalmidia.net\/index.php\/wp-json\/wp\/v2\/users\/1"}],"replies":[{"embeddable":true,"href":"https:\/\/portalmidia.net\/index.php\/wp-json\/wp\/v2\/comments?post=14774"}],"version-history":[{"count":0,"href":"https:\/\/portalmidia.net\/index.php\/wp-json\/wp\/v2\/posts\/14774\/revisions"}],"wp:featuredmedia":[{"embeddable":true,"href":"https:\/\/portalmidia.net\/index.php\/wp-json\/wp\/v2\/media\/14778"}],"wp:attachment":[{"href":"https:\/\/portalmidia.net\/index.php\/wp-json\/wp\/v2\/media?parent=14774"}],"wp:term":[{"taxonomy":"category","embeddable":true,"href":"https:\/\/portalmidia.net\/index.php\/wp-json\/wp\/v2\/categories?post=14774"},{"taxonomy":"post_tag","embeddable":true,"href":"https:\/\/portalmidia.net\/index.php\/wp-json\/wp\/v2\/tags?post=14774"}],"curies":[{"name":"wp","href":"https:\/\/api.w.org\/{rel}","templated":true}]}}