 {"id":14787,"date":"2023-11-10T07:27:58","date_gmt":"2023-11-10T10:27:58","guid":{"rendered":"https:\/\/portalmidia.net\/?p=14787"},"modified":"2023-11-10T07:27:58","modified_gmt":"2023-11-10T10:27:58","slug":"caso-ana-sophia-defesa-de-tiago-fontes-diz-que-ira-se-pronunciar-sobre-encontro-de-cadaver-em-bananeiras","status":"publish","type":"post","link":"https:\/\/portalmidia.net\/index.php\/2023\/11\/10\/caso-ana-sophia-defesa-de-tiago-fontes-diz-que-ira-se-pronunciar-sobre-encontro-de-cadaver-em-bananeiras\/","title":{"rendered":"Caso Ana Sophia: defesa de Tiago Fontes diz que ir\u00e1 se pronunciar sobre encontro de cad\u00e1ver em Bananeiras"},"content":{"rendered":"<p style=\"text-align: justify;\">\n<p style=\"text-align: justify;\">A defesa de Tiago Fontes, principal suspeito pelo sumi\u00e7o e poss\u00edvel morte da garota Ana Sophia, em Bananeiras, detalhou ao ClickPB que ir\u00e1 se pronunciar sobre o encontro de um cad\u00e1ver no munic\u00edpio do Brejo paraibano. Conforme trouxe o ClickPB, h\u00e1 rumores de que o corpo encontrado ontem (09) seja de Tiago.<\/p>\n<p style=\"text-align: justify;\">&#8220;Iremos nos posicionar,sim, sem d\u00favidas. E farei depois que conversar com a Policia&#8221; explicou a reportagem o advogado Marcus Al\u00e2nio Vaz. Segundo o advogado, ele dever\u00e1 ir ainda na manh\u00e3 de hoje a delegacia de Sol\u00e2nea. Tiago est\u00e1 sendo procurado pela Pol\u00edcia desde setembro. O acusado teria tido um suposto surto exatamente no dia em que deveria ser ouvido pela pol\u00edcia.<\/p>\n<p style=\"text-align: justify;\">Ele foi visto pela \u00faltima vez na cidade de Sol\u00e2nea, vizinho a Bananeiras, local onde a crian\u00e7a<br \/>\nmorava. As investiga\u00e7\u00f5es apontam que a \u00faltima vez que Sophia foi vista foi entrando na casa de Thiago, que \u00e9 marido de uma professora da escola onde a menina estudava.<\/p>\n<p style=\"text-align: justify;\">A garota Ana Sophia desapareceu no dia 4 de julho no distrito de Roma, em Bananeiras.\u00a0<strong>Qualquer informa\u00e7\u00e3o sobre o caso pode ser repassada a pol\u00edcia por meio dos telefones 190 ou 197, de forma an\u00f4nima.\u00a0<\/strong><\/p>\n<p style=\"text-align: justify;\">\n<p style=\"text-align: justify;\">\n<p style=\"text-align: justify;\">\n<p style=\"text-align: justify;\">\n<p style=\"text-align: justify;\">\n<p style=\"text-align: justify;\">clickpb<\/p>\n","protected":false},"excerpt":{"rendered":"<p>A defesa de Tiago Fontes, principal suspeito pelo sumi\u00e7o e poss\u00edvel morte da garota Ana Sophia, em Bananeiras, detalhou ao ClickPB que ir\u00e1 se pronunciar sobre o encontro de um cad\u00e1ver no munic\u00edpio do Brejo paraibano. Conforme trouxe o ClickPB, h\u00e1 rumores de que o corpo encontrado ontem (09) seja de Tiago. &#8220;Iremos nos posicionar,sim,<\/p>\n","protected":false},"author":1,"featured_media":14789,"comment_status":"open","ping_status":"open","sticky":false,"template":"","format":"standard","meta":{"_eb_attr":"","footnotes":""},"categories":[7,2],"tags":[],"class_list":["post-14787","post","type-post","status-publish","format-standard","has-post-thumbnail","hentry","category-destaque","category-policial"],"_links":{"self":[{"href":"https:\/\/portalmidia.net\/index.php\/wp-json\/wp\/v2\/posts\/14787","targetHints":{"allow":["GET"]}}],"collection":[{"href":"https:\/\/portalmidia.net\/index.php\/wp-json\/wp\/v2\/posts"}],"about":[{"href":"https:\/\/portalmidia.net\/index.php\/wp-json\/wp\/v2\/types\/post"}],"author":[{"embeddable":true,"href":"https:\/\/portalmidia.net\/index.php\/wp-json\/wp\/v2\/users\/1"}],"replies":[{"embeddable":true,"href":"https:\/\/portalmidia.net\/index.php\/wp-json\/wp\/v2\/comments?post=14787"}],"version-history":[{"count":0,"href":"https:\/\/portalmidia.net\/index.php\/wp-json\/wp\/v2\/posts\/14787\/revisions"}],"wp:featuredmedia":[{"embeddable":true,"href":"https:\/\/portalmidia.net\/index.php\/wp-json\/wp\/v2\/media\/14789"}],"wp:attachment":[{"href":"https:\/\/portalmidia.net\/index.php\/wp-json\/wp\/v2\/media?parent=14787"}],"wp:term":[{"taxonomy":"category","embeddable":true,"href":"https:\/\/portalmidia.net\/index.php\/wp-json\/wp\/v2\/categories?post=14787"},{"taxonomy":"post_tag","embeddable":true,"href":"https:\/\/portalmidia.net\/index.php\/wp-json\/wp\/v2\/tags?post=14787"}],"curies":[{"name":"wp","href":"https:\/\/api.w.org\/{rel}","templated":true}]}}