 {"id":15072,"date":"2023-11-15T10:26:17","date_gmt":"2023-11-15T13:26:17","guid":{"rendered":"https:\/\/portalmidia.net\/?p=15072"},"modified":"2023-11-15T10:26:17","modified_gmt":"2023-11-15T13:26:17","slug":"nao-permitiremos-aumento-abusivo-nas-passagens-aereas-diz-ministro","status":"publish","type":"post","link":"https:\/\/portalmidia.net\/index.php\/2023\/11\/15\/nao-permitiremos-aumento-abusivo-nas-passagens-aereas-diz-ministro\/","title":{"rendered":"&#8216;N\u00e3o permitiremos aumento abusivo nas passagens a\u00e9reas&#8217;, diz ministro"},"content":{"rendered":"<p style=\"text-align: justify;\">As empresas a\u00e9reas devem apresentar, em at\u00e9 10 dias, um plano ao governo federal para tentar conter o aumento no custo das passagens. A afirma\u00e7\u00e3o \u00e9 do ministro de Portos e Aeroportos, Silvio Costa Filho, que se reuniu com representantes das companhias a\u00e9reas na noite desta ter\u00e7a-feira (14), em Bras\u00edlia. O ministro ainda criticou o que chamou de \u201caumentos abusivos\u201d em alguns trechos.<img decoding=\"async\" src=\"https:\/\/agenciabrasil.ebc.com.br\/ebc.png?id=1566692&amp;o=node\" \/><img decoding=\"async\" src=\"https:\/\/agenciabrasil.ebc.com.br\/ebc.gif?id=1566692&amp;o=node\" \/><\/p>\n<p style=\"text-align: justify;\">\u201cSabemos que o aumento das passagens \u00e9 uma quest\u00e3o mundial. Na Europa, nos Estados Unidos, tivemos aumento nas passagens a\u00e9reas. O que n\u00f3s n\u00e3o podemos aceitar e permitir s\u00e3o aumentos abusivos que t\u00eam prejudicado a popula\u00e7\u00e3o brasileira\u201d, afirmou\u00a0Costa Filho.<\/p>\n<p style=\"text-align: justify;\">\u201cO que a gente est\u00e1 fazendo \u00e9 dialogando, buscando alternativas, tentando fazer um trabalho de convencimento com as companhias a\u00e9reas sobre a import\u00e2ncia de baixar o pre\u00e7o das passagens. Em alguns casos, \u00e9 verdade, a gente compra passagem a R$ 200, R$ 300, R$ 400, em alguns trechos. Mas, tem outros que sa\u00edram de R$ 1,5 mil para R$ 3,5 mil, R$ 4 mil, que s\u00e3o injustific\u00e1veis\u201d, argumentou Costa Filho. Ele ainda lembrou que o pre\u00e7o do querosene da avia\u00e7\u00e3o baixou cerca de 14% este ano.<\/p>\n<p style=\"text-align: justify;\">De acordo com a infla\u00e7\u00e3o medida pelo \u00cdndice de Pre\u00e7os ao Consumidor Amplo (IPCA), as passagens a\u00e9reas, que j\u00e1 tinham ficado 13,47% mais caras em setembro,\u00a0<a href=\"https:\/\/agenciabrasil.ebc.com.br\/economia\/noticia\/2023-11\/inflacao-de-outubro-fica-em-024-puxada-pelas-passagens-aereas\" target=\"_blank\" rel=\"noopener\">subiram 23,70% em outubro<\/a>, causando o maior impacto na infla\u00e7\u00e3o oficial do pa\u00eds no m\u00eas passado.<\/p>\n<p style=\"text-align: justify;\">Apesar da cobran\u00e7a, o ministro ponderou que o setor a\u00e9reo foi um dos que mais sofreu durante a pandemia, por conta das medidas de isolamento social, e que o mercado brasileiro representa mais de 70% da judicializa\u00e7\u00e3o do segmento em todo o mundo, com impactos anuais de R$ 1 bilh\u00e3o para as empresas de avia\u00e7\u00e3o.<\/p>\n<p style=\"text-align: justify;\">Em nota, a Associa\u00e7\u00e3o Brasileira das Empresas A\u00e9reas (Abear) afirmou estar \u00e0 disposi\u00e7\u00e3o para debater com o governo federal formas de estimular a cria\u00e7\u00e3o de pol\u00edticas p\u00fablicas que contribuam para que mais pessoas viajem de avi\u00e3o e novos destinos sejam atendidos.<\/p>\n<p style=\"text-align: justify;\">\u201c\u00c9 importante destacar que as associadas Abear aderiram ao Programa Voa Brasil e est\u00e3o em linha com o objetivo do governo de ampliar a oferta de passagens a\u00e9reas com pre\u00e7os competitivos. A Abear compartilha com o Minist\u00e9rio de Portos e Aeroportos informa\u00e7\u00f5es sobre o cen\u00e1rio do setor a\u00e9reo e a necessidade de enfrentamento dos custos das companhias a\u00e9reas. A queda do pre\u00e7o do combust\u00edvel de avia\u00e7\u00e3o (QAV), a diminui\u00e7\u00e3o da judicializa\u00e7\u00e3o no setor, a redu\u00e7\u00e3o de tributos e o est\u00edmulo \u00e0 concorr\u00eancia s\u00e3o essenciais para democratizar ainda mais o acesso ao transporte a\u00e9reo\u201d.<\/p>\n<p style=\"text-align: justify;\">\n<p style=\"text-align: justify;\">\n<p style=\"text-align: justify;\">\n<p style=\"text-align: justify;\">\n<p style=\"text-align: justify;\">\n<p style=\"text-align: justify;\">agenciabrasil<\/p>\n","protected":false},"excerpt":{"rendered":"<p>As empresas a\u00e9reas devem apresentar, em at\u00e9 10 dias, um plano ao governo federal para tentar conter o aumento no custo das passagens. A afirma\u00e7\u00e3o \u00e9 do ministro de Portos e Aeroportos, Silvio Costa Filho, que se reuniu com representantes das companhias a\u00e9reas na noite desta ter\u00e7a-feira (14), em Bras\u00edlia. O ministro ainda criticou o<\/p>\n","protected":false},"author":1,"featured_media":15074,"comment_status":"open","ping_status":"open","sticky":false,"template":"","format":"standard","meta":{"_eb_attr":"","footnotes":""},"categories":[7,3],"tags":[],"class_list":["post-15072","post","type-post","status-publish","format-standard","has-post-thumbnail","hentry","category-destaque","category-politica"],"_links":{"self":[{"href":"https:\/\/portalmidia.net\/index.php\/wp-json\/wp\/v2\/posts\/15072","targetHints":{"allow":["GET"]}}],"collection":[{"href":"https:\/\/portalmidia.net\/index.php\/wp-json\/wp\/v2\/posts"}],"about":[{"href":"https:\/\/portalmidia.net\/index.php\/wp-json\/wp\/v2\/types\/post"}],"author":[{"embeddable":true,"href":"https:\/\/portalmidia.net\/index.php\/wp-json\/wp\/v2\/users\/1"}],"replies":[{"embeddable":true,"href":"https:\/\/portalmidia.net\/index.php\/wp-json\/wp\/v2\/comments?post=15072"}],"version-history":[{"count":0,"href":"https:\/\/portalmidia.net\/index.php\/wp-json\/wp\/v2\/posts\/15072\/revisions"}],"wp:featuredmedia":[{"embeddable":true,"href":"https:\/\/portalmidia.net\/index.php\/wp-json\/wp\/v2\/media\/15074"}],"wp:attachment":[{"href":"https:\/\/portalmidia.net\/index.php\/wp-json\/wp\/v2\/media?parent=15072"}],"wp:term":[{"taxonomy":"category","embeddable":true,"href":"https:\/\/portalmidia.net\/index.php\/wp-json\/wp\/v2\/categories?post=15072"},{"taxonomy":"post_tag","embeddable":true,"href":"https:\/\/portalmidia.net\/index.php\/wp-json\/wp\/v2\/tags?post=15072"}],"curies":[{"name":"wp","href":"https:\/\/api.w.org\/{rel}","templated":true}]}}