 {"id":15076,"date":"2023-11-15T10:27:24","date_gmt":"2023-11-15T13:27:24","guid":{"rendered":"https:\/\/portalmidia.net\/?p=15076"},"modified":"2023-11-15T10:27:24","modified_gmt":"2023-11-15T13:27:24","slug":"calor-aumenta-e-rio-registra-sensacao-recorde-de-585c-de-manha","status":"publish","type":"post","link":"https:\/\/portalmidia.net\/index.php\/2023\/11\/15\/calor-aumenta-e-rio-registra-sensacao-recorde-de-585c-de-manha\/","title":{"rendered":"Calor aumenta e Rio registra sensa\u00e7\u00e3o recorde de 58,5\u00b0C de manh\u00e3"},"content":{"rendered":"<div class=\"post-item-wrap\">\n<p style=\"text-align: justify;\">O Rio de Janeiro registrou, \u00e0s 9h15 desta ter\u00e7a-feira (14), a maior sensa\u00e7\u00e3o t\u00e9rmica desde 2014, de 58,5 graus Celsius (\u00b0C). A medi\u00e7\u00e3o foi feita pela esta\u00e7\u00e3o do servi\u00e7o municipal de meteorologia Alerta Rio em Guaratiba, na zona oeste da cidade. No momento, os term\u00f4metros marcavam\u00a035,5\u00b0C.<img decoding=\"async\" src=\"https:\/\/agenciabrasil.ebc.com.br\/ebc.png?id=1566406&amp;o=node\" \/><img decoding=\"async\" src=\"https:\/\/agenciabrasil.ebc.com.br\/ebc.gif?id=1566406&amp;o=node\" \/><\/p>\n<p style=\"text-align: justify;\">Desde a chegada da onda de calor que afeta diversos estados brasileiros, o Rio de Janeiro j\u00e1 havia registrado o dia mais quente do ano no domingo\u00a0(12), com temperatura de\u00a042,5\u00b0C, e a\u00a0<a href=\"https:\/\/agenciabrasil.ebc.com.br\/geral\/noticia\/2023-11\/rio-tem-sensacao-termica-de-mais-de-52-graus-8h-da-manha\" target=\"_blank\" rel=\"noopener\">sensa\u00e7\u00e3o t\u00e9rmica de 52 graus na manh\u00e3 de segunda (13)<\/a>.<\/p>\n<p style=\"text-align: justify;\">O recorde de calor de hoje \u00e9 o maior desde que o Alerta Rio come\u00e7ou a fazer as medi\u00e7\u00f5es de temperatura na cidade. O \u00f3rg\u00e3o informa que as duas outras\u00a0maiores sensa\u00e7\u00f5es t\u00e9rmicas deste ano foram 58,3\u00b0C, em 17 de fevereiro, e 58\u00b0C, em 4 de fevereiro.<\/p>\n<div class=\"dnd-widget-wrapper context-cheio_8colunas type-image\" style=\"text-align: justify;\">\n<div class=\"dnd-atom-rendered\">\n<div class=\"shadow overflow-hidden rounded-lg d-block w-100\"><img decoding=\"async\" class=\"flex-fill img-cover\" title=\"Tomaz Silva\/Ag\u00eancia Brasil\" src=\"https:\/\/imagens.ebc.com.br\/L2d8GcyI_SiZFaUv0bItwkCynYk=\/754x0\/smart\/https:\/\/agenciabrasil.ebc.com.br\/sites\/default\/files\/thumbnails\/image\/_dsc4412.jpg?itok=CDORFeVx\" alt=\"Rio de Janeiro (RJ), 14\/11\/2023 \u2013 Popula\u00e7\u00e3o enfrenta forte onda de calor no Rio de Janeiro. Foto: Tomaz Silva\/Ag\u00eancia Brasil\" \/><\/div>\n<\/div>\n<div class=\"dnd-caption-wrapper\">\n<div class=\"meta\">Rio de Janeiro (RJ), 14\/11\/2023 \u2013 Popula\u00e7\u00e3o enfrenta forte onda de calor no Rio de Janeiro. Foto: Tomaz Silva\/Ag\u00eancia Brasil &#8211;\u00a0<strong>Tomaz Silva\/Ag\u00eancia Brasil<\/strong><\/div>\n<\/div>\n<\/div>\n<p style=\"text-align: justify;\">O intenso calor registrado principalmente no Sudeste e no Centro-Oeste do Brasil deve continuar ao longo de toda a semana, e a<a href=\"https:\/\/agenciabrasil.ebc.com.br\/geral\/noticia\/2023-11\/entenda-como-ausencia-de-nuvens-fortalece-onda-de-calor\" target=\"_blank\" rel=\"noopener\">\u00a0aus\u00eancia de nuvens<\/a>\u00a0no c\u00e9u torna ainda mais perigosa a exposi\u00e7\u00e3o \u00e0 radia\u00e7\u00e3o solar e a sensa\u00e7\u00e3o de calor.<\/p>\n<p style=\"text-align: justify;\">A onda de calor chegou em uma \u00e9poca do ano em que, normalmente, a esta\u00e7\u00e3o chuvosa j\u00e1 est\u00e1 estabelecida e em que as nuvens funcionam como uma esp\u00e9cie de controle das temperaturas. A aus\u00eancia dessa defesa, segundo a meteorologista do Instituto Nacional de Meteorologia (Inmet)\u00a0Anete Fernandes, potencializa os efeitos do fen\u00f4meno clim\u00e1tico.<\/p>\n<p style=\"text-align: justify;\">\u201cQuando a gente tem aus\u00eancia de chuva nesta \u00e9poca do ano, que chamamos de veranico, a aus\u00eancia de nuvens favorece uma grande incid\u00eancia de radia\u00e7\u00e3o na superf\u00edcie, que \u00e9 o que est\u00e1 acontecendo agora. Ent\u00e3o, as temperaturas se elevam muito\u201d, explicou.<\/p>\n<div class=\"dnd-widget-wrapper context-cheio_8colunas type-image\" style=\"text-align: justify;\">\n<div class=\"dnd-atom-rendered\">\n<div class=\"shadow overflow-hidden rounded-lg d-block w-100\"><img decoding=\"async\" class=\"flex-fill img-cover\" title=\"Arte\/ABR\" src=\"https:\/\/imagens.ebc.com.br\/-d7MnEdnnIolgLUG-CEwH1ez6N4=\/754x0\/smart\/https:\/\/agenciabrasil.ebc.com.br\/sites\/default\/files\/thumbnails\/image\/onda_de_calor.png?itok=AlUlu8fI\" alt=\"Onda de calor atinge v\u00e1rios estados brasileiros\" \/><\/div>\n<\/div>\n<\/div>\n<\/div>\n<p class=\"alt-font font-italic my-2 small text-info\" style=\"text-align: justify;\">\n<p style=\"text-align: justify;\">\n<p style=\"text-align: justify;\">\n<p style=\"text-align: justify;\">\n<p style=\"text-align: justify;\">\n<p style=\"text-align: justify;\">\n<p style=\"text-align: justify;\">\n<p style=\"text-align: justify;\">agenciabrasil<\/p>\n","protected":false},"excerpt":{"rendered":"<p>O Rio de Janeiro registrou, \u00e0s 9h15 desta ter\u00e7a-feira (14), a maior sensa\u00e7\u00e3o t\u00e9rmica desde 2014, de 58,5 graus Celsius (\u00b0C). A medi\u00e7\u00e3o foi feita pela esta\u00e7\u00e3o do servi\u00e7o municipal de meteorologia Alerta Rio em Guaratiba, na zona oeste da cidade. No momento, os term\u00f4metros marcavam\u00a035,5\u00b0C. Desde a chegada da onda de calor que afeta<\/p>\n","protected":false},"author":1,"featured_media":15078,"comment_status":"open","ping_status":"open","sticky":false,"template":"","format":"standard","meta":{"_eb_attr":"","footnotes":""},"categories":[7,13],"tags":[],"class_list":["post-15076","post","type-post","status-publish","format-standard","has-post-thumbnail","hentry","category-destaque","category-noticias"],"_links":{"self":[{"href":"https:\/\/portalmidia.net\/index.php\/wp-json\/wp\/v2\/posts\/15076","targetHints":{"allow":["GET"]}}],"collection":[{"href":"https:\/\/portalmidia.net\/index.php\/wp-json\/wp\/v2\/posts"}],"about":[{"href":"https:\/\/portalmidia.net\/index.php\/wp-json\/wp\/v2\/types\/post"}],"author":[{"embeddable":true,"href":"https:\/\/portalmidia.net\/index.php\/wp-json\/wp\/v2\/users\/1"}],"replies":[{"embeddable":true,"href":"https:\/\/portalmidia.net\/index.php\/wp-json\/wp\/v2\/comments?post=15076"}],"version-history":[{"count":0,"href":"https:\/\/portalmidia.net\/index.php\/wp-json\/wp\/v2\/posts\/15076\/revisions"}],"wp:featuredmedia":[{"embeddable":true,"href":"https:\/\/portalmidia.net\/index.php\/wp-json\/wp\/v2\/media\/15078"}],"wp:attachment":[{"href":"https:\/\/portalmidia.net\/index.php\/wp-json\/wp\/v2\/media?parent=15076"}],"wp:term":[{"taxonomy":"category","embeddable":true,"href":"https:\/\/portalmidia.net\/index.php\/wp-json\/wp\/v2\/categories?post=15076"},{"taxonomy":"post_tag","embeddable":true,"href":"https:\/\/portalmidia.net\/index.php\/wp-json\/wp\/v2\/tags?post=15076"}],"curies":[{"name":"wp","href":"https:\/\/api.w.org\/{rel}","templated":true}]}}