 {"id":15084,"date":"2023-11-15T10:31:03","date_gmt":"2023-11-15T13:31:03","guid":{"rendered":"https:\/\/portalmidia.net\/?p=15084"},"modified":"2023-11-15T10:31:03","modified_gmt":"2023-11-15T13:31:03","slug":"calor-de-40c-inferniza-a-vida-de-quem-trabalha-sem-refresco","status":"publish","type":"post","link":"https:\/\/portalmidia.net\/index.php\/2023\/11\/15\/calor-de-40c-inferniza-a-vida-de-quem-trabalha-sem-refresco\/","title":{"rendered":"Calor de 40\u00b0C inferniza a vida de quem trabalha sem refresco"},"content":{"rendered":"<p style=\"text-align: justify;\">\n<p style=\"text-align: justify;\">\n<p style=\"text-align: justify;\">Encarar o\u00a0<a href=\"https:\/\/www.metropoles.com\/tag\/calor\" target=\"_blank\" rel=\"noopener\">calor<\/a>\u00a0extremo no caminho entre a casa e o trabalho j\u00e1 \u00e9 suficiente para tirar a paci\u00eancia de muita gente. Mas tem que viva na quentura para ganhar o p\u00e3o e,\u00a0nesses dias de recorde de temperatura\u00a0m\u00e1xima em\u00a0<a href=\"https:\/\/www.metropoles.com\/sao-paulo\" target=\"_blank\" rel=\"noopener\">S\u00e3o Paulo<\/a>, perto dos 40\u00b0C, n\u00e3o h\u00e1 como se esconder. \u00c9 sem refresco.<\/p>\n<p style=\"text-align: justify;\">O t\u00e9cnico de rede Edson Tim\u00f3teo da Silva, 28 anos, n\u00e3o tem como se abrigar do sol forte. Ele sobe a escada colada ao poste e estica os cabos para garantir internet nas casas e nos escrit\u00f3rios. \u201c\u00c9 terr\u00edvel. S\u00f3 trabalho \u00e0 base de muita \u00e1gua e prote\u00e7\u00e3o\u201d, diz.<\/p>\n<p style=\"text-align: justify;\">Como em S\u00e3o Paulo\u00a0nem um copo d\u2019\u00e1gua costuma ser gratuito, ele tem que se precaver. \u201cPasso um protetor [solar], deixo \u00e1gua gelando para o outro dia, porque para arrumar \u00e1gua por aqui \u00e9 complicado. Quando consigo, \u00e9 da torneira, quente. Para comprar uma garrafa de 1,5 litro gasto R$ 6, R$ 7\u201d, afirma.<\/p>\n<p style=\"text-align: justify;\">O pedreiro Eduardo de Sousa, 39, fazia sarjetas, nesta ter\u00e7a-feira (14\/11), na zona sul de\u00a0<a href=\"https:\/\/www.capital.sp.gov.br\/\" target=\"_blank\" rel=\"noopener\">S\u00e3o Paulo<\/a>. Muita \u00e1gua e prote\u00e7\u00e3o contra os raios do sol tamb\u00e9m s\u00e3o as estrat\u00e9gias adotadas por ele para vencer o calor\u00e3o fora do comum neste novembro.<\/p>\n<p style=\"text-align: justify;\">Temperaturas altas n\u00e3o s\u00e3o novidade na vida de Sousa, que veio do Piau\u00ed, um dos estados mais quentes do Brasil. O pedreiro, por\u00e9m, aponta diferen\u00e7as entre o local onde nasceu e a capital paulista, que escolheu para viver.<\/p>\n<p style=\"text-align: justify;\">\u201cQuando estou por l\u00e1, d\u00e1 para refrescar um pouco, \u00e9 tudo mais natural, n\u00e3o tem tanto asfalto. Agora, para ter o ganho para sobreviver, \u00e9 aqui em S\u00e3o Paulo mesmo. Tem que enfrentar o calor e o frio\u201d, diz.<\/p>\n<p style=\"text-align: justify;\">J\u00e1 Edmilson Valverde, 43, n\u00e3o trabalha ao ar livre como os demais. Isso n\u00e3o significa que esteja livre do calor. Quando a chapa esquenta, literalmente, \u00e9 ele quem prepara lanches e refei\u00e7\u00f5es em um bar no bairro do Para\u00edso.<\/p>\n<p style=\"text-align: justify;\">Diferentemente de Sousa, que veio do calor do Piau\u00ed, o chapeiro Valverde saiu da gelada Curitiba para ganhar a vida em S\u00e3o Paulo.<\/p>\n<p style=\"text-align: justify;\">A chapa vai at\u00e9 65\u00b0C para deixar tudo ao gosto da clientela e potencializa o calor da temperatura ambiente. \u201c\u00c9 um pouco complicado, mas temos que trabalhar. Tenho que dar o melhor, n\u00e3o tenho para onde correr\u201d, diz. Assim como os demais trabalhadores, ele conta que se hidrata bastante com \u00e1gua, sucos e l\u00edquidos em geral.<\/p>\n<p style=\"text-align: justify;\">O pedreiro Paulo Ferreira dos Santos, 42, trabalhava sob os instrumentos da esta\u00e7\u00e3o meteorol\u00f3gica da Vila Mariana nesta ter\u00e7a \u2014 no dia anterior, a\u00a0<a href=\"https:\/\/www.metropoles.com\/sao-paulo\/dia-de-air-fryer-veja-bairros-mais-quentes-de-sp-com-calor-infernal\">temperatura por l\u00e1 chegou a 39,5\u00b0C<\/a>.<\/p>\n<blockquote><p>\u201cA gente tem que passar protetor e sair um pouco do sol tamb\u00e9m. Depois \u00e9 chegar em casa e descansar, porque amanh\u00e3 \u00e9 outro dia\u201d, diz. Santos muda tamb\u00e9m a alimenta\u00e7\u00e3o em dias quentes para evitar desarranjos. \u201c\u00c9 mais salada e bastante \u00e1gua\u201d, afirma.<\/p><\/blockquote>\n<div class=\"m-banner-wrap m-banner-rectangle m-publicity-content-middle\" style=\"text-align: justify;\">\n<div id=\"div-gpt-ad-sao-paulo-quadrado-3\" class=\"ad-displayed\" data-google-query-id=\"COGJ4pCOxoIDFQC1lQIdUfEC0g\">\n<div id=\"google_ads_iframe_\/123935210\/sao-paulo-quadrado-3_0__container__\">Viver dias infernais sob calor de quase 40\u00b0C est\u00e1 longe de ser exce\u00e7\u00e3o na rotina dos trabalhadores. Aos pedreiros, t\u00e9cnicos e bra\u00e7ais em geral soma-se uma multid\u00e3o de entregadores e ambulantes, entre outros, que ganham a vida nas ruas.<\/div>\n<\/div>\n<\/div>\n<p style=\"text-align: justify;\">\n<p style=\"text-align: justify;\">metropoles<\/p>\n","protected":false},"excerpt":{"rendered":"<p>Encarar o\u00a0calor\u00a0extremo no caminho entre a casa e o trabalho j\u00e1 \u00e9 suficiente para tirar a paci\u00eancia de muita gente. Mas tem que viva na quentura para ganhar o p\u00e3o e,\u00a0nesses dias de recorde de temperatura\u00a0m\u00e1xima em\u00a0S\u00e3o Paulo, perto dos 40\u00b0C, n\u00e3o h\u00e1 como se esconder. \u00c9 sem refresco. O t\u00e9cnico de rede Edson Tim\u00f3teo<\/p>\n","protected":false},"author":1,"featured_media":15086,"comment_status":"open","ping_status":"open","sticky":false,"template":"","format":"standard","meta":{"_eb_attr":"","footnotes":""},"categories":[7,13],"tags":[],"class_list":["post-15084","post","type-post","status-publish","format-standard","has-post-thumbnail","hentry","category-destaque","category-noticias"],"_links":{"self":[{"href":"https:\/\/portalmidia.net\/index.php\/wp-json\/wp\/v2\/posts\/15084","targetHints":{"allow":["GET"]}}],"collection":[{"href":"https:\/\/portalmidia.net\/index.php\/wp-json\/wp\/v2\/posts"}],"about":[{"href":"https:\/\/portalmidia.net\/index.php\/wp-json\/wp\/v2\/types\/post"}],"author":[{"embeddable":true,"href":"https:\/\/portalmidia.net\/index.php\/wp-json\/wp\/v2\/users\/1"}],"replies":[{"embeddable":true,"href":"https:\/\/portalmidia.net\/index.php\/wp-json\/wp\/v2\/comments?post=15084"}],"version-history":[{"count":0,"href":"https:\/\/portalmidia.net\/index.php\/wp-json\/wp\/v2\/posts\/15084\/revisions"}],"wp:featuredmedia":[{"embeddable":true,"href":"https:\/\/portalmidia.net\/index.php\/wp-json\/wp\/v2\/media\/15086"}],"wp:attachment":[{"href":"https:\/\/portalmidia.net\/index.php\/wp-json\/wp\/v2\/media?parent=15084"}],"wp:term":[{"taxonomy":"category","embeddable":true,"href":"https:\/\/portalmidia.net\/index.php\/wp-json\/wp\/v2\/categories?post=15084"},{"taxonomy":"post_tag","embeddable":true,"href":"https:\/\/portalmidia.net\/index.php\/wp-json\/wp\/v2\/tags?post=15084"}],"curies":[{"name":"wp","href":"https:\/\/api.w.org\/{rel}","templated":true}]}}