 {"id":15193,"date":"2023-11-16T09:31:16","date_gmt":"2023-11-16T12:31:16","guid":{"rendered":"https:\/\/portalmidia.net\/?p=15193"},"modified":"2023-11-16T09:31:16","modified_gmt":"2023-11-16T12:31:16","slug":"reynaldo-gianecchini-diz-que-recebe-nudes-pelo-instagram-e-avisa-pode-mandar","status":"publish","type":"post","link":"https:\/\/portalmidia.net\/index.php\/2023\/11\/16\/reynaldo-gianecchini-diz-que-recebe-nudes-pelo-instagram-e-avisa-pode-mandar\/","title":{"rendered":"Reynaldo Gianecchini diz que recebe nudes pelo Instagram e avisa: &#8216;Pode mandar&#8217;"},"content":{"rendered":"<p style=\"text-align: justify;\">Aos 51 anos, rec\u00e9m-completados, Reynaldo Gianecchini contou como lida com as redes sociais e com os quase 6 milh\u00f5es de seguidores que tem no Instagram. O ator revela que tem um perfil aberto para o p\u00fablico e outro fechado, s\u00f3 para os mais \u00edntimos, e relata que adora receber nudes dos f\u00e3s e pretendentes pelo direct (mensagem privada).<\/p>\n<p style=\"text-align: justify;\">&#8220;No aberto, eu adoro me comunicar, atrav\u00e9s dos meus posts, mas tamb\u00e9m lendo o que a galera fala no direct, recebendo os nudes. Pode mandar, n\u00e3o tenho preconceito nenhum. \u00c9 aberto a tudo, pode falar qualquer bobagem ali, n\u00e3o vou excluir. Deixo l\u00e1 para todo mundo ver. \u00c9 um ambiente aberto para todo mundo falar, n\u00e3o vou censurar. Me assustou ver como as pessoas s\u00e3o radicais com as opini\u00f5es pol\u00edticas e leio&#8221;, contou ele, em entrevista ao podcast &#8220;No camarim, pod!&#8221;.<\/p>\n<p style=\"text-align: justify;\">Giane tamb\u00e9m tamb\u00e9m disse como reage quando algum internauta diz que vai deixar de segui-lo na rede social. &#8220;Eu adoro ter seguidores, porque ali \u00e9 o meu poder de comunica\u00e7\u00e3o, mas tamb\u00e9m n\u00e3o venha me amea\u00e7ar dizendo que vai deixar de me seguir, eu digo: fica \u00e0 vontade, meu amor, nunca pedi para voc\u00ea me seguir. Falo isso, n\u00e3o com arrog\u00e2ncia, mas eu n\u00e3o ganho dinheiro com o Instagram, n\u00e3o \u00e9 o meu objetivo. Tem que estar l\u00e1 quem quer&#8221;.<\/p>\n<p style=\"text-align: justify;\">Na entrevista, o ator tamb\u00e9m falou sobre envelhecimento e contou que vem sofrendo mudan\u00e7as significativas no rosto com o passar do tempo.<\/p>\n<p style=\"text-align: justify;\">&#8220;Quando a gente come\u00e7a a envelhecer, al\u00e9m do nariz torto, que eu descobri que tenho desvio de septo, o nariz come\u00e7ou a cair e a boca come\u00e7a a diminuir. Eu olho hoje a minha foto de quando eu estreei em &#8216;La\u00e7os de fam\u00edlia&#8217;, minha boca era inchadinha, e eu fui perdendo, o nariz foi caindo&#8221;, contou ele, em entrevista ao podcast &#8220;No camarim, pod!&#8221;.<\/p>\n<p style=\"text-align: justify;\">O ator relata que recebe muitas mensagens dos f\u00e3s perguntando se ele fez algum procedimento est\u00e9tico no rosto.<\/p>\n<p style=\"text-align: justify;\">&#8220;Eu n\u00e3o tenho essa cara de pau de colocar boca, acho uma cara de pau sensacional, colocar um boc\u00e3o. (&#8230;) Tento me cuidar, essa coisa de prolongar um pouco o envelhecimento, colocar col\u00e1geno, mas eu tenho muito medo dessas mudan\u00e7as radicais, de cirurgia, n\u00e3o fa\u00e7o nada disso. Nunca fiz mesmo, n\u00e3o teria porque mentir. Algumas pessoas falam: &#8216;voc\u00ea fez alguma coisa na cara&#8217;. Agora que eu mudei muito, com essa barba e esse cabelo, eu postei uma foto que eu mesmo falei: &#8216;gente, sou eu mesmo?&#8217; E a galera diz: &#8216;voc\u00ea fez uma harmoniza\u00e7\u00e3o a\u00ed, mexeu na boca e no nariz&#8217;. Eu eu n\u00e3o fiz e nem faria. Tenho medo e n\u00e3o curto muito essa mexe\u00e7\u00e3o de por qu\u00edmica na cara&#8221;, afirmou.<\/p>\n<p style=\"text-align: justify;\">Giane tamb\u00e9m falou sobre o visual grelhado que adotou na pandemia. &#8220;Acho legal voc\u00ea descobrir esse novo ser que voc\u00ea vai virando. Eu me olho no espelho e me acho diferente. Percebi que a galera tem alguma coisa com grisalho. Eu nem achava muito legal.Tenho cabelo branco desde os 25 anos de idade. Estreitei &#8216;La\u00e7os de fam\u00edlia&#8217; pintando o cabelo. \u00c9 uma coisa gen\u00e9tica, meu pai tamb\u00e9m tinha, mas eu n\u00e3o achava legal. Na pandemia, resolvi deixar o cabelo grisalho. Fiquei um homem das cavernas, que n\u00e3o sa\u00eda de casa h\u00e1 oito meses. Ficou aquele cabel\u00e3o gigante, branco&#8221;.<\/p>\n<p style=\"text-align: justify;\">&#8220;N\u00e3o sou escravo daquele Giane l\u00e1 de tr\u00e1s, que j\u00e1 foi. Vamos se cuidar, mais sem perder a no\u00e7\u00e3o de que a gente tem que parecer 30 anos. Quero parecer com o cara legal com a minha idade. Aquele cara de 20 anos, do &#8216;La\u00e7os de fam\u00edlia&#8217;, \u00e9 totalmente diferente do que eu sou hoje. Fisicamente do jeito que eu pensava. Meus 20 era uma coisa, meus 30, outra, meus 40 outro, e os meus 50, eu vou chegando numa maturidade. O f\u00edsico e a mente v\u00e3o para outro lugar. E quem quer ficar est\u00e1tico num lugar, vai sofrer&#8221;, finalizou.<\/p>\n<p style=\"text-align: justify;\">\n<p style=\"text-align: justify;\">\n<p style=\"text-align: justify;\">\n<p style=\"text-align: justify;\">\n<p style=\"text-align: justify;\">clickpb<\/p>\n","protected":false},"excerpt":{"rendered":"<p>Aos 51 anos, rec\u00e9m-completados, Reynaldo Gianecchini contou como lida com as redes sociais e com os quase 6 milh\u00f5es de seguidores que tem no Instagram. O ator revela que tem um perfil aberto para o p\u00fablico e outro fechado, s\u00f3 para os mais \u00edntimos, e relata que adora receber nudes dos f\u00e3s e pretendentes pelo<\/p>\n","protected":false},"author":1,"featured_media":15198,"comment_status":"open","ping_status":"open","sticky":false,"template":"","format":"standard","meta":{"_eb_attr":"","footnotes":""},"categories":[7,11],"tags":[],"class_list":["post-15193","post","type-post","status-publish","format-standard","has-post-thumbnail","hentry","category-destaque","category-famosos"],"_links":{"self":[{"href":"https:\/\/portalmidia.net\/index.php\/wp-json\/wp\/v2\/posts\/15193","targetHints":{"allow":["GET"]}}],"collection":[{"href":"https:\/\/portalmidia.net\/index.php\/wp-json\/wp\/v2\/posts"}],"about":[{"href":"https:\/\/portalmidia.net\/index.php\/wp-json\/wp\/v2\/types\/post"}],"author":[{"embeddable":true,"href":"https:\/\/portalmidia.net\/index.php\/wp-json\/wp\/v2\/users\/1"}],"replies":[{"embeddable":true,"href":"https:\/\/portalmidia.net\/index.php\/wp-json\/wp\/v2\/comments?post=15193"}],"version-history":[{"count":0,"href":"https:\/\/portalmidia.net\/index.php\/wp-json\/wp\/v2\/posts\/15193\/revisions"}],"wp:featuredmedia":[{"embeddable":true,"href":"https:\/\/portalmidia.net\/index.php\/wp-json\/wp\/v2\/media\/15198"}],"wp:attachment":[{"href":"https:\/\/portalmidia.net\/index.php\/wp-json\/wp\/v2\/media?parent=15193"}],"wp:term":[{"taxonomy":"category","embeddable":true,"href":"https:\/\/portalmidia.net\/index.php\/wp-json\/wp\/v2\/categories?post=15193"},{"taxonomy":"post_tag","embeddable":true,"href":"https:\/\/portalmidia.net\/index.php\/wp-json\/wp\/v2\/tags?post=15193"}],"curies":[{"name":"wp","href":"https:\/\/api.w.org\/{rel}","templated":true}]}}