 {"id":15200,"date":"2023-11-16T09:32:10","date_gmt":"2023-11-16T12:32:10","guid":{"rendered":"https:\/\/portalmidia.net\/?p=15200"},"modified":"2023-11-16T09:32:10","modified_gmt":"2023-11-16T12:32:10","slug":"marido-de-ana-hickmann-diz-que-recebeu-mais-de-2-mil-ameacas-apos-agredir-apresentadora","status":"publish","type":"post","link":"https:\/\/portalmidia.net\/index.php\/2023\/11\/16\/marido-de-ana-hickmann-diz-que-recebeu-mais-de-2-mil-ameacas-apos-agredir-apresentadora\/","title":{"rendered":"Marido de Ana Hickmann diz que recebeu mais de 2 mil amea\u00e7as ap\u00f3s agredir apresentadora"},"content":{"rendered":"<p style=\"text-align: justify;\">\n<p style=\"text-align: justify;\">Alexandre Correa, marido de Ana Hickmann, virou alvo de ataques nas redes sociais ap\u00f3s a apresentadora denunci\u00e1-lo por viol\u00eancia dom\u00e9stica. O empres\u00e1rio chegou a expor um dos coment\u00e1rios que recebeu, mas acabou apagando a publica\u00e7\u00e3o no Instagram pouco tempo depois.<\/p>\n<p style=\"text-align: justify;\">&#8220;Tu \u00e9 um pa* no c*. J\u00e1 batemos boca nos coment\u00e1rios de uma foto&#8221;, dizia a mensagem do internauta que foi divulgada e depois delatada por Alexandre.<\/p>\n<p style=\"text-align: justify;\">O empres\u00e1rio afirmou ter contado o n\u00famero de mensagens que recebeu dos haters ap\u00f3s a divulga\u00e7\u00e3o da agress\u00e3o contra a mulher no \u00faltimo s\u00e1bado \u00e0 noite. &#8220;Finalizando a contagem agora. Em 72h s\u00e3o 2.854 mensagens de amea\u00e7a, \u00f3dio e promessa de vingan\u00e7a! Soaria amea\u00e7ador se n\u00e3o fosse t\u00e3o triste e humilhante&#8221;, come\u00e7ou ele em seu Instagram, na noite de ter\u00e7a, com um dos prints de haters&#8221;, escreveu.<\/p>\n<p style=\"text-align: justify;\">&#8220;Saber que estou condenado aos 52 anos a esquecer o direito de ter uma vida como qualquer brasileiro comum. Ju\u00edzes da internet e desembargadores dos Sites deram a minha senten\u00e7a, sem direito a recurso e apela\u00e7\u00e3o&#8221;, completou.<\/p>\n<p style=\"text-align: justify;\"><strong>O que aconteceu com Ana Hickmann?<\/strong><\/p>\n<p style=\"text-align: justify;\">Ana Hickmann foi agredida pelo marido, o empres\u00e1rio Alexandre Correa, na tarde de s\u00e1bado, 11, na casa do casal em Itu, no interior de S\u00e3o Paulo. Ela precisou ir at\u00e9 um hospital da cidade e teve o bra\u00e7o esquerdo imobilizado.<\/p>\n<p style=\"text-align: justify;\">De acordo com o Boletim de Ocorr\u00eancia, a apresentadora conversava com o filho na cozinha quando o marido ouviu e n\u00e3o gostou do conte\u00fado. A discuss\u00e3o assustou o menino, que deixou o local. Alexandre teria empurrado Ana contra a parede e amea\u00e7ado dar cabe\u00e7adas na apresentadora.<\/p>\n<p style=\"text-align: justify;\">Na tentativa de se desvenciliar do marido, a apresentadora buscou pegar o celular na mesa para pedir a ajuda. O empres\u00e1rio fechou a porta da cozinha, atingindo o bra\u00e7o de Ana, que acabou trancando o marido para fora do c\u00f4modo e chamou a pol\u00edcia. Quando a Pol\u00edcia Militar chegou, o empres\u00e1rio n\u00e3o estava mais em casa. \u00c0 situa\u00e7\u00e3o, a apresentadora negou medidas protetivas previstas na Lei Maria da Penha.<\/p>\n<p style=\"text-align: justify;\">Ana procurou por conta pr\u00f3pria o hospital e foi atendida por um ortopedista. O bra\u00e7o esquerdo foi imobilizado por uma contus\u00e3o no cotovelo. Em nota, ela confirmou a briga, mas n\u00e3o citou a agress\u00e3o.<\/p>\n<p style=\"text-align: justify;\">&#8220;Ap\u00f3s um desentendimento entre Alexandre Correa e Ana Hickmann no \u00faltimo s\u00e1bado (11), a Pol\u00edcia Militar foi acionada e a apresentadora foi conduzida at\u00e9 o Distrito Policial para esclarecimento dos fatos. Por meio de sua assessoria de imprensa, Ana Hickmann agradece o carinho e a solidariedade dos f\u00e3s e informa que est\u00e1 em casa, bem e felizmente n\u00e3o sofreu maiores consequ\u00eancias em sua integridade f\u00edsica&#8221;, diz o texto.<\/p>\n<p style=\"text-align: justify;\">Antes do posicionamento da apresentadora, Alexandre negou a agress\u00e3o em contato com o jornalista Leo Dias. Posteriormente, ele assumiu o crime, mas minimizou as circunst\u00e2ncias. &#8220;De fato, na data de ontem, tive um desentendimento com a minha esposa, situa\u00e7\u00e3o absolutamente isolada, que n\u00e3o gerou maiores consequ\u00eancias. Gostaria de esclarecer tamb\u00e9m que jamais dei uma cabe\u00e7ada nela, como inveridicamente est\u00e1 sendo vinculado na imprensa, e que tudo ser\u00e1 devidamente esclarecido no momento oportuno&#8221;.<\/p>\n<p style=\"text-align: justify;\"><em>* Em caso de viol\u00eancia contra a mulher, denuncie<\/em><\/p>\n<p style=\"text-align: justify;\"><em>Viol\u00eancia contra a mulher \u00e9 crime, com pena de pris\u00e3o prevista em lei. Ao presenciar qualquer epis\u00f3dio de agress\u00e3o contra mulheres, denuncie. Voc\u00ea pode fazer isso por telefone (ligando 190 ou 180).Tamb\u00e9m pode procurar uma delegacia, normal ou especializada. Saiba mais sobre como denunciar aqui.<\/em><\/p>\n<p style=\"text-align: justify;\">\n<p style=\"text-align: justify;\">\n<p style=\"text-align: justify;\">\n<p style=\"text-align: justify;\">\n<p style=\"text-align: justify;\">clickpb<\/p>\n","protected":false},"excerpt":{"rendered":"<p>Alexandre Correa, marido de Ana Hickmann, virou alvo de ataques nas redes sociais ap\u00f3s a apresentadora denunci\u00e1-lo por viol\u00eancia dom\u00e9stica. O empres\u00e1rio chegou a expor um dos coment\u00e1rios que recebeu, mas acabou apagando a publica\u00e7\u00e3o no Instagram pouco tempo depois. &#8220;Tu \u00e9 um pa* no c*. J\u00e1 batemos boca nos coment\u00e1rios de uma foto&#8221;, dizia<\/p>\n","protected":false},"author":1,"featured_media":15204,"comment_status":"open","ping_status":"open","sticky":false,"template":"","format":"standard","meta":{"_eb_attr":"","footnotes":""},"categories":[7,11],"tags":[],"class_list":["post-15200","post","type-post","status-publish","format-standard","has-post-thumbnail","hentry","category-destaque","category-famosos"],"_links":{"self":[{"href":"https:\/\/portalmidia.net\/index.php\/wp-json\/wp\/v2\/posts\/15200","targetHints":{"allow":["GET"]}}],"collection":[{"href":"https:\/\/portalmidia.net\/index.php\/wp-json\/wp\/v2\/posts"}],"about":[{"href":"https:\/\/portalmidia.net\/index.php\/wp-json\/wp\/v2\/types\/post"}],"author":[{"embeddable":true,"href":"https:\/\/portalmidia.net\/index.php\/wp-json\/wp\/v2\/users\/1"}],"replies":[{"embeddable":true,"href":"https:\/\/portalmidia.net\/index.php\/wp-json\/wp\/v2\/comments?post=15200"}],"version-history":[{"count":0,"href":"https:\/\/portalmidia.net\/index.php\/wp-json\/wp\/v2\/posts\/15200\/revisions"}],"wp:featuredmedia":[{"embeddable":true,"href":"https:\/\/portalmidia.net\/index.php\/wp-json\/wp\/v2\/media\/15204"}],"wp:attachment":[{"href":"https:\/\/portalmidia.net\/index.php\/wp-json\/wp\/v2\/media?parent=15200"}],"wp:term":[{"taxonomy":"category","embeddable":true,"href":"https:\/\/portalmidia.net\/index.php\/wp-json\/wp\/v2\/categories?post=15200"},{"taxonomy":"post_tag","embeddable":true,"href":"https:\/\/portalmidia.net\/index.php\/wp-json\/wp\/v2\/tags?post=15200"}],"curies":[{"name":"wp","href":"https:\/\/api.w.org\/{rel}","templated":true}]}}