 {"id":15202,"date":"2023-11-16T09:33:30","date_gmt":"2023-11-16T12:33:30","guid":{"rendered":"https:\/\/portalmidia.net\/?p=15202"},"modified":"2023-11-16T09:33:30","modified_gmt":"2023-11-16T12:33:30","slug":"corrida-pela-vida-atrai-mais-de-mil-pessoas-no-feriado-de-proclamacao-da-republica-na-capital","status":"publish","type":"post","link":"https:\/\/portalmidia.net\/index.php\/2023\/11\/16\/corrida-pela-vida-atrai-mais-de-mil-pessoas-no-feriado-de-proclamacao-da-republica-na-capital\/","title":{"rendered":"Corrida Pela Vida atrai mais de mil pessoas no feriado de Proclama\u00e7\u00e3o da Rep\u00fablica, na Capital"},"content":{"rendered":"<p style=\"text-align: justify;\">Uma prova dedicada a salvar vidas. Mais\u00a0de mil pessoas participaram, na manh\u00e3 desta quarta-feira (15), da 1\u00aa Corrida Pela Vida, na Capital. O evento conseguiu coletar mil bolsas de sangue, beneficiando quatro mil pessoas. A corrida foi promovida pelo Governo da Para\u00edba, por meio da Secretaria de Estado da Sa\u00fade, com o apoio do Hospital de Emerg\u00eancia e Trauma Senador Humberto Lucena, da Ger\u00eancia Executiva de Vigil\u00e2ncia em Sa\u00fade do Estado, Hemocentro da Para\u00edba e Secretaria de Estado da Juventude, Esporte e Lazer (Sejel).<\/p>\n<p style=\"text-align: justify;\">O secret\u00e1rio de Estado da Sa\u00fade, Jhony Bezerra, ressaltou que a corrida, al\u00e9m de promover a sa\u00fade, tamb\u00e9m incentivou novos doadores de sangue. \u201cEstamos, por meio da 1\u00aa Corrida Pela Vida, promovendo a sa\u00fade, incentivando atividade f\u00edsica, mudan\u00e7a de h\u00e1bito de vida e salvando vidas com as doa\u00e7\u00f5es de sangue \u2013 uma doa\u00e7\u00e3o pode salvar quatro vidas. O evento se consolida no calend\u00e1rio do Governo do Estado e estaremos levando para Campina Grande, em mar\u00e7o, e Patos, em junho. Queremos refor\u00e7ar os estoques de sangue em nosso estado\u201d, salientou.<\/p>\n<p style=\"text-align: justify;\">A secret\u00e1ria executiva de Sa\u00fade, Renata N\u00f3brega, comemora o sucesso do evento e o engajamento da sociedade. \u201cEstamos comemorando, como setor p\u00fablico, o envolvimento de toda sociedade paraibana na preven\u00e7\u00e3o, promo\u00e7\u00e3o \u00e0 sa\u00fade e nas doa\u00e7\u00f5es de sangue. Queremos tamb\u00e9m agradecer aos hospitais, em especial ao Hospital de Trauma de Jo\u00e3o Pessoa, que foi protagonista deste processo de organiza\u00e7\u00e3o, assim como o Hemocentro\u201d, ressaltou.<\/p>\n<p style=\"text-align: justify;\">Segundo o diretor t\u00e9cnico do Hospital de Trauma da Capital, Glauber Novaes, a corrida conseguiu unir esporte, sa\u00fade e consci\u00eancia social. \u201cEste evento representa tudo isso, a gente necessitava conseguir mais doadores de sangue para este per\u00edodo de fim de ano e a corrida caiu como uma luva. Conseguimos chamar a aten\u00e7\u00e3o para os acidentes de tr\u00e2nsito e batemos recorde de bolsas de sangue arrecadadas. Ano que vem, teremos um evento muito maior\u201d, planejou.<\/p>\n<p style=\"text-align: justify;\">O diretor-geral do Hospital de Trauma de Jo\u00e3o Pessoa, Laecio Bragante, comemora o recorde de doa\u00e7\u00f5es de sangue. \u201c\u00c9 um enorme prazer fazer parte desse grande evento. Em nossa unidade de sa\u00fade, h\u00e1 uma demanda muito alta por bolsas de sangue, por sermos o maior hospital de Emerg\u00eancia do Estado e termos elevado n\u00famero de atendimentos \u00e0s v\u00edtimas de acidentes de tr\u00e2nsito.\u00a0 Por isso, comemoramos muito essas mil doa\u00e7\u00f5es de sangue, salvando quatro mil pessoas. Batemos a nossa meta e a Corrida pela Vida tornou-se o evento que registrou a maior quantidade de doa\u00e7\u00e3o de sangue, de uma s\u00f3 vez\u201d, comentou.<\/p>\n<p style=\"text-align: justify;\">A diretora-geral do Hemocentro da Para\u00edba, Shirlene Gadelha, acredita que a corrida contribuiu para atrair novos doadores de sangue. \u201cEstamos agora com um estoque muito bom e j\u00e1 distribu\u00edmos para toda Para\u00edba. Queremos que os participantes da corrida fidelizem suas doa\u00e7\u00f5es aos bancos de sangue, porque o Hemocentro sempre precisa de doadores.\u00a0 Que sirvam de exemplo para que outras pessoas possam ir ao Hemocentro e se tornem nossas parceiras\u201d, frisou.<\/p>\n<p style=\"text-align: justify;\">Um dos organizadores do evento, Gil Coutinho, destaca o sucesso da corrida. \u201cO que vimos aqui hoje foi uma largada lind\u00edssima com mil atletas e o melhor de tudo salvando vidas. Para a gente foi uma enorme alegria contribuir com o evento totalmente idealizado pelo poder p\u00fablico. Acho que hoje a popula\u00e7\u00e3o deu o seu recado. Queremos mais eventos em prol da sa\u00fade\u201d, disse.<\/p>\n<p style=\"text-align: justify;\">A corrida teve percursos de 3km, 5km e 10km. A concentra\u00e7\u00e3o foi na Esta\u00e7\u00e3o Cabo Branco &#8211; Ci\u00eancia, Cultura e Artes. O campe\u00e3o dos 5 km, Jonas Feitosa, parabenizou o evento. \u201cA experi\u00eancia foi excelente, hoje se provou que na vida e no esporte, todos somos campe\u00f5es. Quero parabenizar todos os participantes, que vieram em busca de mais qualidade de vida, e ao Governo do Estado, por promover a sa\u00fade para toda a popula\u00e7\u00e3o\u201d, ponderou.<\/p>\n<p style=\"text-align: justify;\">A a\u00e7\u00e3o, al\u00e9m de contribuir para a qualidade de vida das pessoas, pelo incentivo \u00e0 pr\u00e1tica de atividades f\u00edsicas teve um papel fundamental no engajamento social, pois no ato da entrega dos kits para corrida, os atletas trouxeram dois quilos de alimentos n\u00e3o perec\u00edveis, arrecadando duas toneladas de alimentos que ser\u00e3o distribu\u00eddos ao Hospital Padre Z\u00e9.<\/p>\n<p><img fetchpriority=\"high\" decoding=\"async\" class=\"aligncenter size-large wp-image-15207\" src=\"https:\/\/portalmidia.net\/wp-content\/uploads\/2023\/11\/9db9c2f8-41bb-4c90-8d28-edda6a87a7af.jpeg\" alt=\"\" width=\"640\" height=\"426\" srcset=\"https:\/\/portalmidia.net\/wp-content\/uploads\/2023\/11\/9db9c2f8-41bb-4c90-8d28-edda6a87a7af.jpeg 768w, https:\/\/portalmidia.net\/wp-content\/uploads\/2023\/11\/9db9c2f8-41bb-4c90-8d28-edda6a87a7af-300x200.jpeg 300w, https:\/\/portalmidia.net\/wp-content\/uploads\/2023\/11\/9db9c2f8-41bb-4c90-8d28-edda6a87a7af-600x399.jpeg 600w\" sizes=\"(max-width: 640px) 100vw, 640px\" \/> <img decoding=\"async\" class=\"aligncenter size-large wp-image-15208\" src=\"https:\/\/portalmidia.net\/wp-content\/uploads\/2023\/11\/18e4b6c3-ec30-4f2d-8fbe-0850239f362e.jpeg\" alt=\"\" width=\"640\" height=\"426\" srcset=\"https:\/\/portalmidia.net\/wp-content\/uploads\/2023\/11\/18e4b6c3-ec30-4f2d-8fbe-0850239f362e.jpeg 768w, https:\/\/portalmidia.net\/wp-content\/uploads\/2023\/11\/18e4b6c3-ec30-4f2d-8fbe-0850239f362e-300x200.jpeg 300w, https:\/\/portalmidia.net\/wp-content\/uploads\/2023\/11\/18e4b6c3-ec30-4f2d-8fbe-0850239f362e-600x399.jpeg 600w\" sizes=\"(max-width: 640px) 100vw, 640px\" \/><\/p>\n","protected":false},"excerpt":{"rendered":"<p>Uma prova dedicada a salvar vidas. Mais\u00a0de mil pessoas participaram, na manh\u00e3 desta quarta-feira (15), da 1\u00aa Corrida Pela Vida, na Capital. O evento conseguiu coletar mil bolsas de sangue, beneficiando quatro mil pessoas. A corrida foi promovida pelo Governo da Para\u00edba, por meio da Secretaria de Estado da Sa\u00fade, com o apoio do Hospital<\/p>\n","protected":false},"author":1,"featured_media":15206,"comment_status":"open","ping_status":"open","sticky":false,"template":"","format":"standard","meta":{"_eb_attr":"","footnotes":""},"categories":[7,10],"tags":[],"class_list":["post-15202","post","type-post","status-publish","format-standard","has-post-thumbnail","hentry","category-destaque","category-esportes"],"_links":{"self":[{"href":"https:\/\/portalmidia.net\/index.php\/wp-json\/wp\/v2\/posts\/15202","targetHints":{"allow":["GET"]}}],"collection":[{"href":"https:\/\/portalmidia.net\/index.php\/wp-json\/wp\/v2\/posts"}],"about":[{"href":"https:\/\/portalmidia.net\/index.php\/wp-json\/wp\/v2\/types\/post"}],"author":[{"embeddable":true,"href":"https:\/\/portalmidia.net\/index.php\/wp-json\/wp\/v2\/users\/1"}],"replies":[{"embeddable":true,"href":"https:\/\/portalmidia.net\/index.php\/wp-json\/wp\/v2\/comments?post=15202"}],"version-history":[{"count":0,"href":"https:\/\/portalmidia.net\/index.php\/wp-json\/wp\/v2\/posts\/15202\/revisions"}],"wp:featuredmedia":[{"embeddable":true,"href":"https:\/\/portalmidia.net\/index.php\/wp-json\/wp\/v2\/media\/15206"}],"wp:attachment":[{"href":"https:\/\/portalmidia.net\/index.php\/wp-json\/wp\/v2\/media?parent=15202"}],"wp:term":[{"taxonomy":"category","embeddable":true,"href":"https:\/\/portalmidia.net\/index.php\/wp-json\/wp\/v2\/categories?post=15202"},{"taxonomy":"post_tag","embeddable":true,"href":"https:\/\/portalmidia.net\/index.php\/wp-json\/wp\/v2\/tags?post=15202"}],"curies":[{"name":"wp","href":"https:\/\/api.w.org\/{rel}","templated":true}]}}