 {"id":15901,"date":"2023-11-23T07:42:06","date_gmt":"2023-11-23T10:42:06","guid":{"rendered":"https:\/\/portalmidia.net\/?p=15901"},"modified":"2023-11-23T07:42:27","modified_gmt":"2023-11-23T10:42:27","slug":"sindicato-diz-que-correios-nao-vao-parar-na-paraiba-greve-deve-acontecer-em-outros-estados-e-pode-afetar-envio-de-produtos","status":"publish","type":"post","link":"https:\/\/portalmidia.net\/index.php\/2023\/11\/23\/sindicato-diz-que-correios-nao-vao-parar-na-paraiba-greve-deve-acontecer-em-outros-estados-e-pode-afetar-envio-de-produtos\/","title":{"rendered":"Sindicato diz que Correios n\u00e3o v\u00e3o parar na Para\u00edba; greve deve acontecer em outros estados e pode afetar envio de produtos"},"content":{"rendered":"<p style=\"text-align: justify;\">O Sindicato Sindicato dos Trabalhadores dos Correios e Tel\u00e9grafos na Para\u00edba (Sintect-PB) negou, nesta quarta-feira (22), que os trabalhadores da estatal possam entrar em greve ou paralisar os servi\u00e7os no estado. A paralisa\u00e7\u00e3o \u00e9 avaliada por servidores dos Correios no Maranh\u00e3o, Rio de Janeiro e em S\u00e3o Paulo dias antes da realiza\u00e7\u00e3o da Black Friday, uma das principais datas comerciais do pa\u00eds. Como consequ\u00eancia, h\u00e1 risco de problemas no envio de produtos.<\/p>\n<p style=\"text-align: justify;\">O Sintect-PB informou, por meio de informa\u00e7\u00e3o do secret\u00e1rio geral, Tony S\u00e9rgio, que n\u00e3o h\u00e1 nenhuma assembleia convocada para os trabalhadores da Para\u00edba e que as assembleia em outros estados est\u00e3o sendo convocados por sindicatos filiados \u00e0 Federa\u00e7\u00e3o Interestadual dos Sindicatos dos Trabalhadores e Trabalhadoras dos Correios (FINDECT), Federa\u00e7\u00e3o que o Sindicato da Para\u00edba n\u00e3o \u00e9 filiada.<\/p>\n<p style=\"text-align: justify;\">\u00a0Os Correios na Para\u00edba informou, via assessoria de comunica\u00e7\u00e3o, que a estatal est\u00e1 com opera\u00e7\u00e3o normal em todo o pa\u00eds e que cinco dos 36 sindicatos de trabalhadores est\u00e3o realizando assembleias para decidir se entrar\u00e3o ou n\u00e3o em paraliza\u00e7\u00e3o dos servi\u00e7os.<\/p>\n<p style=\"text-align: justify;\">Em nota, os Correios garantiram que j\u00e1 prepararam um plano de emerg\u00eancia caso os cinco sindicatos decidam entrar em paralisa\u00e7\u00e3o para evitar atraso no envio de produtos que saiam dos locais que possam paralisar atividades\u00a0para outras regi\u00f5es do pa\u00eds.<\/p>\n<p style=\"text-align: justify;\">\u201cA empresa j\u00e1 preparou uma s\u00e9rie de medidas para garantir a normalidade dos servi\u00e7os caso as assembleias desses cinco sindicatos aprovem paralisa\u00e7\u00e3o parcial e pontual, entre elas: contrata\u00e7\u00e3o de m\u00e3o de obra terceirizada, realiza\u00e7\u00e3o de horas extras, deslocamento de empregados entre as unidades e apoio de pessoal administrativo\u201d, informou a estatal.<\/p>\n<p style=\"text-align: justify;\"><strong>Alega\u00e7\u00e3o dos sindicatos<\/strong><\/p>\n<p style=\"text-align: justify;\">Os cinco sindicatos que est\u00e3o realizando assembleia reivindicam\u00a0 corre\u00e7\u00e3o de inconsist\u00eancias deixadas pelos Correios no texto do Acordo Coletivo 2023-2024 e, tamb\u00e9m, a realiza\u00e7\u00e3o de concurso p\u00fablico, melhores condi\u00e7\u00f5es de trabalho e corre\u00e7\u00e3o da tabela salarial pelo valor R$ 250 para remunera\u00e7\u00e3o de at\u00e9 R$ 7 mil e acima dessa remunera\u00e7\u00e3o corrigida pelo percentual de 3,53%.<\/p>\n<p style=\"text-align: justify;\">Em resposta, a empresa informou ao ClickPB que o Acordo Coletivo com a categoria recuperou mais de 40 cl\u00e1usulas que haviam sido extintas pelo governo Jair Bolsonaro e que os Correios concederam aumento linear de R$ 250 para a maior parte do efetivo &#8220;um aumento m\u00e9dio de 6,36% para mais de 71 mil empregados (83%), a partir de janeiro de 2024. Para parte dos empregados, o aumento chega a 12%&#8221;, informou os Correios.<\/p>\n<p style=\"text-align: justify;\">\n<p>&nbsp;<\/p>\n<p>&nbsp;<\/p>\n<p>&nbsp;<\/p>\n<p>&nbsp;<\/p>\n<p>clickpb<\/p>\n","protected":false},"excerpt":{"rendered":"<p>O Sindicato Sindicato dos Trabalhadores dos Correios e Tel\u00e9grafos na Para\u00edba (Sintect-PB) negou, nesta quarta-feira (22), que os trabalhadores da estatal possam entrar em greve ou paralisar os servi\u00e7os no estado. A paralisa\u00e7\u00e3o \u00e9 avaliada por servidores dos Correios no Maranh\u00e3o, Rio de Janeiro e em S\u00e3o Paulo dias antes da realiza\u00e7\u00e3o da Black Friday,<\/p>\n","protected":false},"author":1,"featured_media":15903,"comment_status":"open","ping_status":"open","sticky":false,"template":"","format":"standard","meta":{"_eb_attr":"","footnotes":""},"categories":[7,13],"tags":[],"class_list":["post-15901","post","type-post","status-publish","format-standard","has-post-thumbnail","hentry","category-destaque","category-noticias"],"_links":{"self":[{"href":"https:\/\/portalmidia.net\/index.php\/wp-json\/wp\/v2\/posts\/15901","targetHints":{"allow":["GET"]}}],"collection":[{"href":"https:\/\/portalmidia.net\/index.php\/wp-json\/wp\/v2\/posts"}],"about":[{"href":"https:\/\/portalmidia.net\/index.php\/wp-json\/wp\/v2\/types\/post"}],"author":[{"embeddable":true,"href":"https:\/\/portalmidia.net\/index.php\/wp-json\/wp\/v2\/users\/1"}],"replies":[{"embeddable":true,"href":"https:\/\/portalmidia.net\/index.php\/wp-json\/wp\/v2\/comments?post=15901"}],"version-history":[{"count":0,"href":"https:\/\/portalmidia.net\/index.php\/wp-json\/wp\/v2\/posts\/15901\/revisions"}],"wp:featuredmedia":[{"embeddable":true,"href":"https:\/\/portalmidia.net\/index.php\/wp-json\/wp\/v2\/media\/15903"}],"wp:attachment":[{"href":"https:\/\/portalmidia.net\/index.php\/wp-json\/wp\/v2\/media?parent=15901"}],"wp:term":[{"taxonomy":"category","embeddable":true,"href":"https:\/\/portalmidia.net\/index.php\/wp-json\/wp\/v2\/categories?post=15901"},{"taxonomy":"post_tag","embeddable":true,"href":"https:\/\/portalmidia.net\/index.php\/wp-json\/wp\/v2\/tags?post=15901"}],"curies":[{"name":"wp","href":"https:\/\/api.w.org\/{rel}","templated":true}]}}