 {"id":15905,"date":"2023-11-23T07:43:16","date_gmt":"2023-11-23T10:43:16","guid":{"rendered":"https:\/\/portalmidia.net\/?p=15905"},"modified":"2023-11-23T07:43:16","modified_gmt":"2023-11-23T10:43:16","slug":"carlos-villagran-o-quico-do-chaves-revela-que-foi-diagnosticado-com-cancer-de-prostata","status":"publish","type":"post","link":"https:\/\/portalmidia.net\/index.php\/2023\/11\/23\/carlos-villagran-o-quico-do-chaves-revela-que-foi-diagnosticado-com-cancer-de-prostata\/","title":{"rendered":"Carlos Villagr\u00e1n, o Quico do Chaves, revela que foi diagnosticado com c\u00e2ncer de pr\u00f3stata"},"content":{"rendered":"<p style=\"text-align: justify;\">Carlos Villagr\u00e1n, o Quico do Chaves, foi diagnosticado com c\u00e2ncer de pr\u00f3stata e teve de passar por um procedimento cir\u00fargico. A revela\u00e7\u00e3o foi dada \u00e0 revista People espanhola, no \u00faltimo domingo (19). Na entrevista, o ator afirmou que est\u00e1 debatendo o que fazer em seguida. Segundo Villagr\u00e1n, \u00e9 hora de fazer um testamento, mas ele est\u00e1 com medo.<\/p>\n<p style=\"text-align: justify;\">\u201cAcabei de fazer uma cirurgia de pr\u00f3stata e nada mais\u201d, disse ele. \u201cAinda n\u00e3o fiz meu testamento. \u00c9 uma irresponsabilidade da minha parte, eu sei. Mas tenho medo de fazer o meu testamento\u201d, declarou. \u201cPela lei de Murphy, assim que voc\u00ea diz uma coisa, tudo muda. Ent\u00e3o, continuo pensando um pouco mais sobre isso\u201d.<\/p>\n<p style=\"text-align: justify;\">A fam\u00edlia de Villagr\u00e1n estava passando por um per\u00edodo dif\u00edcil, afirma a revista. A filha mais nova de Carlos, Vanesa, anunciou em julho que sofria de c\u00e2ncer de mama. Ap\u00f3s diversas quimioterapias e duas cirurgias, ela revelou que estava curada da doen\u00e7a.<\/p>\n<p style=\"text-align: justify;\">Com as not\u00edcias, f\u00e3s expressaram preocupa\u00e7\u00e3o nas redes sociais do ator, mas ele os tranquilizou. \u201cEstou bem, me encontro com sa\u00fade e trabalhando\u201d, escreveu. \u201cGra\u00e7as a Deus, tudo j\u00e1 passou\u201d.<\/p>\n<p style=\"text-align: justify;\">\n<p style=\"text-align: justify;\">\n<p style=\"text-align: justify;\">\n<p style=\"text-align: justify;\">\n<p style=\"text-align: justify;\">clickpb<\/p>\n","protected":false},"excerpt":{"rendered":"<p>Carlos Villagr\u00e1n, o Quico do Chaves, foi diagnosticado com c\u00e2ncer de pr\u00f3stata e teve de passar por um procedimento cir\u00fargico. A revela\u00e7\u00e3o foi dada \u00e0 revista People espanhola, no \u00faltimo domingo (19). Na entrevista, o ator afirmou que est\u00e1 debatendo o que fazer em seguida. Segundo Villagr\u00e1n, \u00e9 hora de fazer um testamento, mas ele<\/p>\n","protected":false},"author":1,"featured_media":15908,"comment_status":"open","ping_status":"open","sticky":false,"template":"","format":"standard","meta":{"_eb_attr":"","footnotes":""},"categories":[7,11],"tags":[],"class_list":["post-15905","post","type-post","status-publish","format-standard","has-post-thumbnail","hentry","category-destaque","category-famosos"],"_links":{"self":[{"href":"https:\/\/portalmidia.net\/index.php\/wp-json\/wp\/v2\/posts\/15905","targetHints":{"allow":["GET"]}}],"collection":[{"href":"https:\/\/portalmidia.net\/index.php\/wp-json\/wp\/v2\/posts"}],"about":[{"href":"https:\/\/portalmidia.net\/index.php\/wp-json\/wp\/v2\/types\/post"}],"author":[{"embeddable":true,"href":"https:\/\/portalmidia.net\/index.php\/wp-json\/wp\/v2\/users\/1"}],"replies":[{"embeddable":true,"href":"https:\/\/portalmidia.net\/index.php\/wp-json\/wp\/v2\/comments?post=15905"}],"version-history":[{"count":0,"href":"https:\/\/portalmidia.net\/index.php\/wp-json\/wp\/v2\/posts\/15905\/revisions"}],"wp:featuredmedia":[{"embeddable":true,"href":"https:\/\/portalmidia.net\/index.php\/wp-json\/wp\/v2\/media\/15908"}],"wp:attachment":[{"href":"https:\/\/portalmidia.net\/index.php\/wp-json\/wp\/v2\/media?parent=15905"}],"wp:term":[{"taxonomy":"category","embeddable":true,"href":"https:\/\/portalmidia.net\/index.php\/wp-json\/wp\/v2\/categories?post=15905"},{"taxonomy":"post_tag","embeddable":true,"href":"https:\/\/portalmidia.net\/index.php\/wp-json\/wp\/v2\/tags?post=15905"}],"curies":[{"name":"wp","href":"https:\/\/api.w.org\/{rel}","templated":true}]}}