 {"id":15910,"date":"2023-11-23T07:44:32","date_gmt":"2023-11-23T10:44:32","guid":{"rendered":"https:\/\/portalmidia.net\/?p=15910"},"modified":"2023-11-23T07:44:32","modified_gmt":"2023-11-23T10:44:32","slug":"prefeito-de-cuite-e-condenado-a-dois-anos-de-prisao-por-nao-resolver-problemas-na-coleta-e-deposito-de-lixo","status":"publish","type":"post","link":"https:\/\/portalmidia.net\/index.php\/2023\/11\/23\/prefeito-de-cuite-e-condenado-a-dois-anos-de-prisao-por-nao-resolver-problemas-na-coleta-e-deposito-de-lixo\/","title":{"rendered":"Prefeito de Cuit\u00e9 \u00e9 condenado a dois anos de pris\u00e3o por n\u00e3o resolver problemas na coleta e dep\u00f3sito de lixo"},"content":{"rendered":"<p style=\"text-align: justify;\">O prefeito de Cuit\u00e9, Charles Cristiano In\u00e1cio da Silva, conhecido como Charles Camaraense, foi condenado a dois anos de pris\u00e3o, nesta quarta-feira (22). A condena\u00e7\u00e3o foi decidida pelo Pleno do Tribunal de Justi\u00e7a da Para\u00edba (TJPB), que optou por substituir a condena\u00e7\u00e3o de pris\u00e3o por presta\u00e7\u00e3o de servi\u00e7os \u00e0 comunidade ou a entidades p\u00fablicas e pagamento de 30 sal\u00e1rios m\u00ednimos (R$ 39 mil). A puni\u00e7\u00e3o ocorre por atividades lesivas ao meio ambiente. Cabe recurso da decis\u00e3o.<\/p>\n<p style=\"text-align: justify;\">O prefeito foi denunciado pelo Minist\u00e9rio P\u00fablico da Para\u00edba (MPPB) por determinar ou permitir que\u00a0 lixo s\u00f3lido urbano de Cuit\u00e9 fosse condicionado \u00e0 c\u00e9u aberto, em local n\u00e3o autorizado ou licenciado por \u00f3rg\u00e3os ambientais. Ainda conforme a den\u00fancia, a a\u00e7\u00e3o causou polui\u00e7\u00e3o em n\u00edveis que podem resultar em danos \u00e0 sa\u00fade humana.<\/p>\n<p style=\"text-align: justify;\">Na an\u00e1lise da den\u00fancia, o relator do caso, o desembargador M\u00e1rcio Murilo da Cunha Ramos, argumentou que, em janeiro de 2019, o prefeito aderiu a um acordo de n\u00e3o persecu\u00e7\u00e3o penal (AAPP), mas n\u00e3o cumpriu o acordo, continuando a conduta criminosa e danosa ao meio ambiente.<\/p>\n<p style=\"text-align: justify;\">O desembargador ainda lembrou que o prefeito foi formalmente notificado para adequar o problema do lixo em Cuit\u00e9, mediante cria\u00e7\u00e3o de um aterro sanit\u00e1rio, e que interrompa o condicionamento errado de lixo para reduzir os efeitos lesivos do condicionamento errado dos res\u00edduos.<\/p>\n<p style=\"text-align: justify;\">\n<p style=\"text-align: justify;\">\n<p style=\"text-align: justify;\">\n<p style=\"text-align: justify;\">clickpb<\/p>\n","protected":false},"excerpt":{"rendered":"<p>O prefeito de Cuit\u00e9, Charles Cristiano In\u00e1cio da Silva, conhecido como Charles Camaraense, foi condenado a dois anos de pris\u00e3o, nesta quarta-feira (22). A condena\u00e7\u00e3o foi decidida pelo Pleno do Tribunal de Justi\u00e7a da Para\u00edba (TJPB), que optou por substituir a condena\u00e7\u00e3o de pris\u00e3o por presta\u00e7\u00e3o de servi\u00e7os \u00e0 comunidade ou a entidades p\u00fablicas e<\/p>\n","protected":false},"author":1,"featured_media":15912,"comment_status":"open","ping_status":"open","sticky":false,"template":"","format":"standard","meta":{"_eb_attr":"","footnotes":""},"categories":[7,3],"tags":[],"class_list":["post-15910","post","type-post","status-publish","format-standard","has-post-thumbnail","hentry","category-destaque","category-politica"],"_links":{"self":[{"href":"https:\/\/portalmidia.net\/index.php\/wp-json\/wp\/v2\/posts\/15910","targetHints":{"allow":["GET"]}}],"collection":[{"href":"https:\/\/portalmidia.net\/index.php\/wp-json\/wp\/v2\/posts"}],"about":[{"href":"https:\/\/portalmidia.net\/index.php\/wp-json\/wp\/v2\/types\/post"}],"author":[{"embeddable":true,"href":"https:\/\/portalmidia.net\/index.php\/wp-json\/wp\/v2\/users\/1"}],"replies":[{"embeddable":true,"href":"https:\/\/portalmidia.net\/index.php\/wp-json\/wp\/v2\/comments?post=15910"}],"version-history":[{"count":0,"href":"https:\/\/portalmidia.net\/index.php\/wp-json\/wp\/v2\/posts\/15910\/revisions"}],"wp:featuredmedia":[{"embeddable":true,"href":"https:\/\/portalmidia.net\/index.php\/wp-json\/wp\/v2\/media\/15912"}],"wp:attachment":[{"href":"https:\/\/portalmidia.net\/index.php\/wp-json\/wp\/v2\/media?parent=15910"}],"wp:term":[{"taxonomy":"category","embeddable":true,"href":"https:\/\/portalmidia.net\/index.php\/wp-json\/wp\/v2\/categories?post=15910"},{"taxonomy":"post_tag","embeddable":true,"href":"https:\/\/portalmidia.net\/index.php\/wp-json\/wp\/v2\/tags?post=15910"}],"curies":[{"name":"wp","href":"https:\/\/api.w.org\/{rel}","templated":true}]}}