 {"id":1609,"date":"2023-07-04T09:51:16","date_gmt":"2023-07-04T12:51:16","guid":{"rendered":"https:\/\/portalmidia.net\/?p=1609"},"modified":"2023-07-04T09:51:39","modified_gmt":"2023-07-04T12:51:39","slug":"roberto-e-fatima-paulino-comemoram-15-anos-de-autorizacao-para-implantacao-do-ifpb-em-guarabira-atraves-de-pleito-autorizado-pelo-presidente-lula","status":"publish","type":"post","link":"https:\/\/portalmidia.net\/index.php\/2023\/07\/04\/roberto-e-fatima-paulino-comemoram-15-anos-de-autorizacao-para-implantacao-do-ifpb-em-guarabira-atraves-de-pleito-autorizado-pelo-presidente-lula\/","title":{"rendered":"Roberto e F\u00e1tima Paulino comemoram 15 anos de autoriza\u00e7\u00e3o para implanta\u00e7\u00e3o do IFPB em Guarabira, atrav\u00e9s de pleito autorizado pelo Presidente Lula"},"content":{"rendered":"<p style=\"text-align: justify;\">a\u00e7\u00e3o dada pelo ent\u00e3o Presidente da Rep\u00fablica, Luiz In\u00e1cio Lula da Silva (PT), para implanta\u00e7\u00e3o do IFPB (Instituto Federal de Educa\u00e7\u00e3o Tecnol\u00f3gica da Para\u00edba) na \u201cRainha do Brejo\u201d.<\/p>\n<p style=\"text-align: justify;\">Os principais respons\u00e1veis por esta comemora\u00e7\u00e3o \u00e9 o casal formado por Roberto e F\u00e1tima Paulino (ambos filiados ao MDB) que foram v\u00e1rias vezes \u00e0 Bras\u00edlia-DF, manter audi\u00eancia com Lula, em seus dois mandatos (de 2003 a 2010), reivindicando a constru\u00e7\u00e3o de uma unidade federal de ensino para a cidade.<\/p>\n<p style=\"text-align: justify;\">Dona F\u00e1tima tamb\u00e9m estava no exerc\u00edcio da sua 2\u00aa gest\u00e3o \u00e0 frente da PMG, tendo sido ocupante do cargo no per\u00edodo entre 1\u00ba de janeiro de 2005 at\u00e9 31 de dezembro de 2012, como 37\u00aa Prefeita de Guarabira (eleita e reeleita, por dois pleitos consecutivos).<\/p>\n<p><img fetchpriority=\"high\" decoding=\"async\" class=\" wp-image-11812 aligncenter\" src=\"https:\/\/i0.wp.com\/giovannimeirelles.com.br\/wp-content\/uploads\/2023\/07\/foto-guarabira.jpg?resize=445%2C295&amp;ssl=1\" sizes=\"(max-width: 445px) 100vw, 445px\" srcset=\"https:\/\/i0.wp.com\/giovannimeirelles.com.br\/wp-content\/uploads\/2023\/07\/foto-guarabira.jpg?resize=300%2C199&amp;ssl=1 300w, https:\/\/i0.wp.com\/giovannimeirelles.com.br\/wp-content\/uploads\/2023\/07\/foto-guarabira.jpg?resize=768%2C509&amp;ssl=1 768w, https:\/\/i0.wp.com\/giovannimeirelles.com.br\/wp-content\/uploads\/2023\/07\/foto-guarabira.jpg?resize=370%2C245&amp;ssl=1 370w, https:\/\/i0.wp.com\/giovannimeirelles.com.br\/wp-content\/uploads\/2023\/07\/foto-guarabira.jpg?resize=760%2C503&amp;ssl=1 760w, https:\/\/i0.wp.com\/giovannimeirelles.com.br\/wp-content\/uploads\/2023\/07\/foto-guarabira.jpg?resize=565%2C374&amp;ssl=1 565w, https:\/\/i0.wp.com\/giovannimeirelles.com.br\/wp-content\/uploads\/2023\/07\/foto-guarabira.jpg?w=1024&amp;ssl=1 1024w\" alt=\"\" width=\"445\" height=\"295\" \/><\/p>\n<div style=\"text-align: justify;\">\n<p>Conta com um bloco administrativo com 1.783,00 m\u00b2 e dois blocos acad\u00eamicos interligados atrav\u00e9s de uma rampa de acesso e escada.<\/p>\n<\/div>\n<div style=\"text-align: justify;\">Tanto o bloco administrativo quanto os blocos acad\u00eamicos possuem dois pavimentos.<\/div>\n<div style=\"text-align: justify;\"><\/div>\n<div style=\"text-align: justify;\">Cada bloco acad\u00eamico tem 1.766,11 m\u00b2 e as salas de aulas e laborat\u00f3rios t\u00eam, aproximadamente, 63,73 m\u00b2.<\/div>\n<div style=\"text-align: justify;\"><\/div>\n<div style=\"text-align: justify;\">Guarabira cresce e o IFPB acompanha esse crescimento, com comprometimento, \u00e9tica e profissionalismo, oferecendo uma educa\u00e7\u00e3o p\u00fablica de qualidade.<\/div>\n<div><\/div>\n<div><img decoding=\"async\" class=\"aligncenter size-full wp-image-1612\" src=\"https:\/\/portalmidia.net\/wp-content\/uploads\/2023\/07\/WhatsApp-Image-2023-07-04-at-07.38.52-Copia.webp\" alt=\"\" width=\"370\" height=\"246\" srcset=\"https:\/\/portalmidia.net\/wp-content\/uploads\/2023\/07\/WhatsApp-Image-2023-07-04-at-07.38.52-Copia.webp 370w, https:\/\/portalmidia.net\/wp-content\/uploads\/2023\/07\/WhatsApp-Image-2023-07-04-at-07.38.52-Copia-300x199.webp 300w\" sizes=\"(max-width: 370px) 100vw, 370px\" \/><\/div>\n<div><\/div>\n<div><\/div>\n<div><\/div>\n<div><\/div>\n<div><\/div>\n<div><\/div>\n<div><\/div>\n<div>giovannimeirelles<\/div>\n","protected":false},"excerpt":{"rendered":"<p>a\u00e7\u00e3o dada pelo ent\u00e3o Presidente da Rep\u00fablica, Luiz In\u00e1cio Lula da Silva (PT), para implanta\u00e7\u00e3o do IFPB (Instituto Federal de Educa\u00e7\u00e3o Tecnol\u00f3gica da Para\u00edba) na \u201cRainha do Brejo\u201d. Os principais respons\u00e1veis por esta comemora\u00e7\u00e3o \u00e9 o casal formado por Roberto e F\u00e1tima Paulino (ambos filiados ao MDB) que foram v\u00e1rias vezes \u00e0 Bras\u00edlia-DF, manter audi\u00eancia<\/p>\n","protected":false},"author":1,"featured_media":1611,"comment_status":"open","ping_status":"open","sticky":false,"template":"","format":"standard","meta":{"_eb_attr":"","footnotes":""},"categories":[7,3],"tags":[],"class_list":["post-1609","post","type-post","status-publish","format-standard","has-post-thumbnail","hentry","category-destaque","category-politica"],"_links":{"self":[{"href":"https:\/\/portalmidia.net\/index.php\/wp-json\/wp\/v2\/posts\/1609","targetHints":{"allow":["GET"]}}],"collection":[{"href":"https:\/\/portalmidia.net\/index.php\/wp-json\/wp\/v2\/posts"}],"about":[{"href":"https:\/\/portalmidia.net\/index.php\/wp-json\/wp\/v2\/types\/post"}],"author":[{"embeddable":true,"href":"https:\/\/portalmidia.net\/index.php\/wp-json\/wp\/v2\/users\/1"}],"replies":[{"embeddable":true,"href":"https:\/\/portalmidia.net\/index.php\/wp-json\/wp\/v2\/comments?post=1609"}],"version-history":[{"count":0,"href":"https:\/\/portalmidia.net\/index.php\/wp-json\/wp\/v2\/posts\/1609\/revisions"}],"wp:featuredmedia":[{"embeddable":true,"href":"https:\/\/portalmidia.net\/index.php\/wp-json\/wp\/v2\/media\/1611"}],"wp:attachment":[{"href":"https:\/\/portalmidia.net\/index.php\/wp-json\/wp\/v2\/media?parent=1609"}],"wp:term":[{"taxonomy":"category","embeddable":true,"href":"https:\/\/portalmidia.net\/index.php\/wp-json\/wp\/v2\/categories?post=1609"},{"taxonomy":"post_tag","embeddable":true,"href":"https:\/\/portalmidia.net\/index.php\/wp-json\/wp\/v2\/tags?post=1609"}],"curies":[{"name":"wp","href":"https:\/\/api.w.org\/{rel}","templated":true}]}}