 {"id":16140,"date":"2023-11-27T08:21:19","date_gmt":"2023-11-27T11:21:19","guid":{"rendered":"https:\/\/portalmidia.net\/?p=16140"},"modified":"2023-11-27T08:21:19","modified_gmt":"2023-11-27T11:21:19","slug":"deborah-secco-diz-que-parou-de-malhar-nao-tenho-a-bunda-tao-dura","status":"publish","type":"post","link":"https:\/\/portalmidia.net\/index.php\/2023\/11\/27\/deborah-secco-diz-que-parou-de-malhar-nao-tenho-a-bunda-tao-dura\/","title":{"rendered":"Deborah Secco diz que parou de malhar: \u201cN\u00e3o tenho a bunda t\u00e3o dura\u201d"},"content":{"rendered":"<p style=\"text-align: justify;\">A atriz\u00a0<a href=\"https:\/\/www.metropoles.com\/colunas\/fabia-oliveira\/deborah-secco-revela-decisao-inusitada-ao-flagrar-marido-com-outra\" target=\"_blank\" rel=\"noopener\">Deborah Secco<\/a>\u00a0completou 44 anos neste domingo (26\/11) e revelou, em\u00a0entrevista ao jornal Extra, que n\u00e3o faz mais atividade f\u00edsica.<\/p>\n<div class=\"m-banner-wrap m-banner-rectangle m-publicity-content-middle\" style=\"text-align: justify;\"><\/div>\n<p style=\"text-align: justify;\" data-gtm-vis-recent-on-screen104869357_94=\"95798\" data-gtm-vis-first-on-screen104869357_94=\"95798\" data-gtm-vis-total-visible-time104869357_94=\"100\" data-gtm-vis-has-fired104869357_94=\"1\">\u201cMalhar parou de fazer sentido. Eu prefiro o meu corpo como ele \u00e9 sem malhar. Minha sa\u00fade est\u00e1 boa, por enquanto. N\u00e3o tenho a bunda mais t\u00e3o dura, mas est\u00e1 tudo bem. Estou lidando melhor com minhas imperfei\u00e7\u00f5es\u201d, contou a int\u00e9rprete de Lara em Elas por Elas.<\/p>\n<p style=\"text-align: justify;\">Na conversa, a global tamb\u00e9m contou que est\u00e1 cada vez mais sem amarras, inclusive para falar sobre assuntos como sexualidade e maternidade.<\/p>\n<p style=\"text-align: justify;\">\n<p style=\"text-align: justify;\">\u201cGra\u00e7as a Deus, me preocupando cada vez menos com o que pensam sobre mim. A melhor coisa da Deborah \u00e9 ser m\u00e3e. A maternidade \u00e9 o que mais me inspira e mais me completa. Trocaria tudo que eu tenho pela felicidade da minha filha. Sou muito apaixonada pela fam\u00edlia que constru\u00ed. Sou quieta, apesar de n\u00e3o parecer. S\u00f3 gasto energia quando preciso\u201d, disse a m\u00e3e da pequena Maria Flor, casada h\u00e1 oito anos com Hugo Moura.<\/p>\n<p style=\"text-align: justify;\">\n<p style=\"text-align: justify;\">\n<p style=\"text-align: justify;\">metropoles<\/p>\n","protected":false},"excerpt":{"rendered":"<p>A atriz\u00a0Deborah Secco\u00a0completou 44 anos neste domingo (26\/11) e revelou, em\u00a0entrevista ao jornal Extra, que n\u00e3o faz mais atividade f\u00edsica. \u201cMalhar parou de fazer sentido. Eu prefiro o meu corpo como ele \u00e9 sem malhar. Minha sa\u00fade est\u00e1 boa, por enquanto. N\u00e3o tenho a bunda mais t\u00e3o dura, mas est\u00e1 tudo bem. Estou lidando melhor<\/p>\n","protected":false},"author":1,"featured_media":16144,"comment_status":"open","ping_status":"open","sticky":false,"template":"","format":"standard","meta":{"_eb_attr":"","footnotes":""},"categories":[7,11],"tags":[],"class_list":["post-16140","post","type-post","status-publish","format-standard","has-post-thumbnail","hentry","category-destaque","category-famosos"],"_links":{"self":[{"href":"https:\/\/portalmidia.net\/index.php\/wp-json\/wp\/v2\/posts\/16140","targetHints":{"allow":["GET"]}}],"collection":[{"href":"https:\/\/portalmidia.net\/index.php\/wp-json\/wp\/v2\/posts"}],"about":[{"href":"https:\/\/portalmidia.net\/index.php\/wp-json\/wp\/v2\/types\/post"}],"author":[{"embeddable":true,"href":"https:\/\/portalmidia.net\/index.php\/wp-json\/wp\/v2\/users\/1"}],"replies":[{"embeddable":true,"href":"https:\/\/portalmidia.net\/index.php\/wp-json\/wp\/v2\/comments?post=16140"}],"version-history":[{"count":0,"href":"https:\/\/portalmidia.net\/index.php\/wp-json\/wp\/v2\/posts\/16140\/revisions"}],"wp:featuredmedia":[{"embeddable":true,"href":"https:\/\/portalmidia.net\/index.php\/wp-json\/wp\/v2\/media\/16144"}],"wp:attachment":[{"href":"https:\/\/portalmidia.net\/index.php\/wp-json\/wp\/v2\/media?parent=16140"}],"wp:term":[{"taxonomy":"category","embeddable":true,"href":"https:\/\/portalmidia.net\/index.php\/wp-json\/wp\/v2\/categories?post=16140"},{"taxonomy":"post_tag","embeddable":true,"href":"https:\/\/portalmidia.net\/index.php\/wp-json\/wp\/v2\/tags?post=16140"}],"curies":[{"name":"wp","href":"https:\/\/api.w.org\/{rel}","templated":true}]}}