 {"id":16373,"date":"2023-11-29T07:39:51","date_gmt":"2023-11-29T10:39:51","guid":{"rendered":"https:\/\/portalmidia.net\/?p=16373"},"modified":"2023-11-29T07:39:51","modified_gmt":"2023-11-29T10:39:51","slug":"pastor-xinga-aline-barros-e-fernanda-brum-puts-espirituais","status":"publish","type":"post","link":"https:\/\/portalmidia.net\/index.php\/2023\/11\/29\/pastor-xinga-aline-barros-e-fernanda-brum-puts-espirituais\/","title":{"rendered":"Pastor xinga Aline Barros e Fernanda Brum: \u201cPut*s espirituais\u201d"},"content":{"rendered":"<p style=\"text-align: justify;\">\n<p style=\"text-align: justify;\">Renomadas cantoras no universo gospel e com milhares de \u00e1lbuns vendidos,\u00a0<a href=\"https:\/\/www.metropoles.com\/colunas\/fabia-oliveira\/aline-barros-se-prepara-para-sair-do-pais\" target=\"_blank\" rel=\"noopener sponsored\">Aline Barros<\/a>\u00a0e\u00a0<a href=\"https:\/\/www.metropoles.com\/celebridades\/cantora-fernanda-brum-relata-susto-apos-turbina-de-aviao-pegar-fogo\" target=\"_blank\" rel=\"noopener sponsored\">Fernanda Brum<\/a>\u00a0n\u00e3o s\u00e3o unanimidades entre os evang\u00e9licos. Em um v\u00eddeo que viralizou nesta ter\u00e7a-feira (28\/11), um pastor n\u00e3o poupa cr\u00edticas e xingamentos ao se referir \u00e0s artistas durante uma prega\u00e7\u00e3o.<\/p>\n<p style=\"text-align: justify;\">\u201cPromovendo um evento, arrancando o coro das pessoas com dinheiro. Um absurdo descomunal. Eu paro e penso: em que lixo, em que put* espiritual se transformou a Fernanda Brum? Em que prostitut* espiritual se transformou a Aline Barros? Vagabund*s espirituais. Elas podem ser isso, p*tas e prostitut*s espirituais, mas servas deste Deus vivo, isso elas n\u00e3o s\u00e3o\u201d, esbraveja o religioso em cima do p\u00falpito aos fi\u00e9is.<\/p>\n<p style=\"text-align: justify;\">O pastor em quest\u00e3o \u00e9 Tupirani da Hora Lores, l\u00edder da Igreja Pentecostal Gera\u00e7\u00e3o Jesus Cristo, no bairro do Santo Cristo, na zona portu\u00e1ria do Rio. O religioso conleciona pol\u00eamicas e j\u00e1 chegou a ser preso, em 2022, acusado de racismo e discurso de \u00f3dio contra judeus. A opera\u00e7\u00e3o foi coordenada pelo Grupo de Repress\u00e3o a Crimes Cibern\u00e9ticos da PF, j\u00e1 que os v\u00eddeos s\u00e3o publicados pelo pr\u00f3prio pastor na internet.<\/p>\n<p style=\"text-align: justify;\"><strong>Veja o v\u00eddeo<\/strong><\/p>\n<div style=\"text-align: justify;\"><iframe title=\"Pastor Xinga Aline Barros E Fernanda Brum Puts Espirituais\" src=\"https:\/\/cdn.jwplayer.com\/players\/2Cslsc2j-HdA8q6gX.html\" width=\"100%\" height=\"100%\" frameborder=\"0\" scrolling=\"auto\" allowfullscreen=\"allowfullscreen\" data-mce-fragment=\"1\"><\/iframe><\/div>\n<p style=\"text-align: justify;\">No post do v\u00eddeo, compartilhado pela p\u00e1gina Motiva\u00e7\u00e3o Eu Sou, internautas expuseram o desagrado com a postura do pastor. \u201cInfelizmente, n\u00e3o vejo nada de Deus nesse mo\u00e7o, n\u00e3o respeita o altar, falando palavras grosseiras\u2026 Que o Senhor tenha miseric\u00f3rdia e salve sua alma. Muito triste usar esse espa\u00e7o que \u00e9 feito apenas para falar da palavra que transforma, cura e liberta! Fale mais de Jesus, menos do seu irm\u00e3o e nada sobre voc\u00ea\u201d, aconselhou uma seguidora.<\/p>\n<div class=\"m-carousel-post\" style=\"text-align: justify;\" data-gtm-vis-recent-on-screen104869357_189=\"226919\" data-gtm-vis-first-on-screen104869357_189=\"226919\" data-gtm-vis-total-visible-time104869357_189=\"100\" data-gtm-vis-has-fired104869357_189=\"1\">\n<div class=\"siema m-siema-single-item rendered\">\n<div>\n<div>\n<div class=\"siema-item\">\n<div class=\"m-image-carousel\">\n<p>\u201cMiseric\u00f3rdia, esse homem tem que prestar conta do que ele est\u00e1 dizendo \u00e0s autoridades e, principalmente, \u00e0 elas. Jamais uma pessoa pode falar assim da outra, quanto mais se dizendo pregador da palavra. Jesus Cristo n\u00e3o fez acep\u00e7\u00e3o de pessoas, o que ele pensa que \u00e9 para dizer isso\u201d, opinou outra.<\/p>\n<p>At\u00e9 a publica\u00e7\u00e3o desta mat\u00e9ria, Aline Barros e Fernanda Brum n\u00e3o haviam se pronunciado sobre o assunto.<\/p>\n<\/div>\n<\/div>\n<\/div>\n<\/div>\n<\/div>\n<\/div>\n<p style=\"text-align: justify;\">\n<p style=\"text-align: justify;\">\n<p style=\"text-align: justify;\">metropoles<\/p>\n","protected":false},"excerpt":{"rendered":"<p>Renomadas cantoras no universo gospel e com milhares de \u00e1lbuns vendidos,\u00a0Aline Barros\u00a0e\u00a0Fernanda Brum\u00a0n\u00e3o s\u00e3o unanimidades entre os evang\u00e9licos. Em um v\u00eddeo que viralizou nesta ter\u00e7a-feira (28\/11), um pastor n\u00e3o poupa cr\u00edticas e xingamentos ao se referir \u00e0s artistas durante uma prega\u00e7\u00e3o. \u201cPromovendo um evento, arrancando o coro das pessoas com dinheiro. Um absurdo descomunal. Eu<\/p>\n","protected":false},"author":1,"featured_media":16379,"comment_status":"open","ping_status":"open","sticky":false,"template":"","format":"standard","meta":{"_eb_attr":"","footnotes":""},"categories":[7,13],"tags":[],"class_list":["post-16373","post","type-post","status-publish","format-standard","has-post-thumbnail","hentry","category-destaque","category-noticias"],"_links":{"self":[{"href":"https:\/\/portalmidia.net\/index.php\/wp-json\/wp\/v2\/posts\/16373","targetHints":{"allow":["GET"]}}],"collection":[{"href":"https:\/\/portalmidia.net\/index.php\/wp-json\/wp\/v2\/posts"}],"about":[{"href":"https:\/\/portalmidia.net\/index.php\/wp-json\/wp\/v2\/types\/post"}],"author":[{"embeddable":true,"href":"https:\/\/portalmidia.net\/index.php\/wp-json\/wp\/v2\/users\/1"}],"replies":[{"embeddable":true,"href":"https:\/\/portalmidia.net\/index.php\/wp-json\/wp\/v2\/comments?post=16373"}],"version-history":[{"count":0,"href":"https:\/\/portalmidia.net\/index.php\/wp-json\/wp\/v2\/posts\/16373\/revisions"}],"wp:featuredmedia":[{"embeddable":true,"href":"https:\/\/portalmidia.net\/index.php\/wp-json\/wp\/v2\/media\/16379"}],"wp:attachment":[{"href":"https:\/\/portalmidia.net\/index.php\/wp-json\/wp\/v2\/media?parent=16373"}],"wp:term":[{"taxonomy":"category","embeddable":true,"href":"https:\/\/portalmidia.net\/index.php\/wp-json\/wp\/v2\/categories?post=16373"},{"taxonomy":"post_tag","embeddable":true,"href":"https:\/\/portalmidia.net\/index.php\/wp-json\/wp\/v2\/tags?post=16373"}],"curies":[{"name":"wp","href":"https:\/\/api.w.org\/{rel}","templated":true}]}}