 {"id":17143,"date":"2023-12-06T08:17:53","date_gmt":"2023-12-06T11:17:53","guid":{"rendered":"https:\/\/portalmidia.net\/?p=17143"},"modified":"2023-12-06T08:17:53","modified_gmt":"2023-12-06T11:17:53","slug":"regina-case-tem-contrato-fixo-encerrado-na-globo-apos-40-anos","status":"publish","type":"post","link":"https:\/\/portalmidia.net\/index.php\/2023\/12\/06\/regina-case-tem-contrato-fixo-encerrado-na-globo-apos-40-anos\/","title":{"rendered":"Regina Cas\u00e9 tem contrato fixo encerrado na Globo ap\u00f3s 40 anos"},"content":{"rendered":"<p style=\"text-align: justify;\"><a href=\"https:\/\/www.instagram.com\/reginacase\/\" target=\"_blank\" rel=\"noopener\">Regina Cas\u00e9<\/a>\u00a0ter\u00e1 seu contrato fixo encerrado com a TV Globo no m\u00eas que vem. A atriz, que est\u00e1 na emissora dos Marinho h\u00e1 40 anos, vai come\u00e7ar a assinar por obra, como a maioria dos artistas. \u00c0 coluna Play, do jornal O Globo, ela falou sobre a nova fase e os projetos futuros na empresa.<\/p>\n<div class=\"m-banner-wrap m-banner-rectangle m-publicity-content-middle\" style=\"text-align: justify;\"><\/div>\n<p style=\"text-align: justify;\" data-gtm-vis-recent-on-screen104869357_94=\"468746\" data-gtm-vis-first-on-screen104869357_94=\"468746\" data-gtm-vis-total-visible-time104869357_94=\"100\" data-gtm-vis-has-fired104869357_94=\"1\">\u201cEstou na Globo h\u00e1 mais de 40 anos, nunca deixei de trabalhar, tanto dentro como fora da emissora, quando em cinema e teatro. De l\u00e1 para c\u00e1, vivi diversos momentos, diversas mudan\u00e7as de gest\u00e3o, formas de trabalhar e fazer. Encaro com muita naturalidade cada um desses momentos. Houve uma mudan\u00e7a no modelo de contrato da Globo, mas \u00e9 como se n\u00e3o houvesse, porque continuo trabalhando aqui e fora\u201d, come\u00e7ou ela.<\/p>\n<p style=\"text-align: justify;\">Regina Cas\u00e9 falou ainda sobre o sucesso de sua trama mais recente: \u201cFechamos o ano com um sucesso estrondoso da Zo\u00e9 em Todas as flores e com a volta de Dona Lurdes, que, de t\u00e3o querida, seguiu a vida, de uma novela para um filme, que ser\u00e1 lan\u00e7ado ano que vem no cinema e em todas plataformas da Globo\u201d, contou.<\/p>\n<p style=\"text-align: justify;\">Em seguida, a atriz veterana falou sobre os planos para o pr\u00f3ximo ano: \u201cTamb\u00e9m come\u00e7o 2024 com dois novos projetos j\u00e1 programados na pr\u00f3pria TV Globo. Continuo tamb\u00e9m com projetos fora, agora at\u00e9 com mais flexibilidade, dentre eles tr\u00eas filmes, todos j\u00e1 com data marcada para rodar. \u00c9 a vida sendo vida. E que a vida, vida seja\u201d.<\/p>\n<p style=\"text-align: justify;\">Ela esteve no ar na emissora at\u00e9 o \u00faltimo dia 20, quando Todas as flores, de Jo\u00e3o Emanuel Carneiro, foi encerrada. E quem pensa que ela vai parar, engana-se: ela est\u00e1 gravando Dona Lurdes, o filme, baseado no livro Di\u00e1rio da dona Lurdes, lan\u00e7ado por Manuela Dias ap\u00f3s a novela Amor de m\u00e3e. A obra conta o que aconteceu com a protagonista do folhetim ap\u00f3s o encerramento da hist\u00f3ria televisionada, em 2021.<\/p>\n<div class=\"m-banner-teads\" style=\"text-align: justify;\"><\/div>\n<p style=\"text-align: justify;\">Na TV Globo, Regina esteve presente no ar tanto em novelas como no entretenimento. Guerra dos sexos, TV Pirata, Programa legal, Muvuca, Esquenta e As filhas da m\u00e3e s\u00e3o alguns os trabalhos da artista.<\/p>\n<h4 style=\"text-align: justify;\">Estrelismo e exig\u00eancias<\/h4>\n<p style=\"text-align: justify;\">Esta coluna, que tem amigos espalhados por todos os cantos, descobriu que Regina Cas\u00e9 tem estado com moral na TV Globo.\u00a0Isso porque, segundo fontes, a apresentadora e atriz tem feito algumas exig\u00eancias e montado uma produ\u00e7\u00e3o do seu jeito dentro da emissora.<\/p>\n<div class=\"m-banner-wrap m-banner-rectangle m-publicity-content-middle\" style=\"text-align: justify;\"><\/div>\n<p style=\"text-align: justify;\">N\u00f3s vamos explicar. Passarinhos verdes sopraram nos ouvidos desta colunista que, na \u00e9poca das grava\u00e7\u00f5es de Todas as Flores, Cas\u00e9 pediu para a Globo contratar duas maquiadoras que j\u00e1 trabalham com ela, para tamb\u00e9m fazerem o servi\u00e7o dentro da emissora. Al\u00e9m disso, a artista teria exigido produtos de uma marca espec\u00edfica de maquiagem para usar.<\/p>\n<p style=\"text-align: justify;\">E n\u00e3o para por a\u00ed. Ainda de acordo com fontes, a atriz pediu determinados pinc\u00e9is para a aplica\u00e7\u00e3o dos produtos, tamb\u00e9m a seu gosto, que, segundo ela, aderem melhor \u00e0 pele.<\/p>\n<p style=\"text-align: justify;\">E se engana quem pensa que as exig\u00eancias s\u00e3o s\u00f3 no que diz respeito ao setor de maquiagem. Regina Cas\u00e9 ainda teria solicitado um camarim particular e decorado o espa\u00e7o \u00e0 sua maneira, colocando um tapete de seu gosto.<\/p>\n<p style=\"text-align: justify;\">Nos bastidores, o que corre \u00e9 que Regina Cas\u00e9 parece ter uma produ\u00e7\u00e3o dentro da produ\u00e7\u00e3o da TV Globo. Vixe\u2026 \u00c9 moral que fala, n\u00e9?<\/p>\n<p style=\"text-align: justify;\">\n<p style=\"text-align: justify;\">\n<p style=\"text-align: justify;\">metropoles<\/p>\n","protected":false},"excerpt":{"rendered":"<p>Regina Cas\u00e9\u00a0ter\u00e1 seu contrato fixo encerrado com a TV Globo no m\u00eas que vem. A atriz, que est\u00e1 na emissora dos Marinho h\u00e1 40 anos, vai come\u00e7ar a assinar por obra, como a maioria dos artistas. \u00c0 coluna Play, do jornal O Globo, ela falou sobre a nova fase e os projetos futuros na empresa.<\/p>\n","protected":false},"author":1,"featured_media":17146,"comment_status":"open","ping_status":"open","sticky":false,"template":"","format":"standard","meta":{"_eb_attr":"","footnotes":""},"categories":[7,11],"tags":[],"class_list":["post-17143","post","type-post","status-publish","format-standard","has-post-thumbnail","hentry","category-destaque","category-famosos"],"_links":{"self":[{"href":"https:\/\/portalmidia.net\/index.php\/wp-json\/wp\/v2\/posts\/17143","targetHints":{"allow":["GET"]}}],"collection":[{"href":"https:\/\/portalmidia.net\/index.php\/wp-json\/wp\/v2\/posts"}],"about":[{"href":"https:\/\/portalmidia.net\/index.php\/wp-json\/wp\/v2\/types\/post"}],"author":[{"embeddable":true,"href":"https:\/\/portalmidia.net\/index.php\/wp-json\/wp\/v2\/users\/1"}],"replies":[{"embeddable":true,"href":"https:\/\/portalmidia.net\/index.php\/wp-json\/wp\/v2\/comments?post=17143"}],"version-history":[{"count":0,"href":"https:\/\/portalmidia.net\/index.php\/wp-json\/wp\/v2\/posts\/17143\/revisions"}],"wp:featuredmedia":[{"embeddable":true,"href":"https:\/\/portalmidia.net\/index.php\/wp-json\/wp\/v2\/media\/17146"}],"wp:attachment":[{"href":"https:\/\/portalmidia.net\/index.php\/wp-json\/wp\/v2\/media?parent=17143"}],"wp:term":[{"taxonomy":"category","embeddable":true,"href":"https:\/\/portalmidia.net\/index.php\/wp-json\/wp\/v2\/categories?post=17143"},{"taxonomy":"post_tag","embeddable":true,"href":"https:\/\/portalmidia.net\/index.php\/wp-json\/wp\/v2\/tags?post=17143"}],"curies":[{"name":"wp","href":"https:\/\/api.w.org\/{rel}","templated":true}]}}