 {"id":17149,"date":"2023-12-06T08:20:00","date_gmt":"2023-12-06T11:20:00","guid":{"rendered":"https:\/\/portalmidia.net\/?p=17149"},"modified":"2023-12-06T08:20:00","modified_gmt":"2023-12-06T11:20:00","slug":"pastor-manteve-trabalhadores-como-escravos-em-comunidade-terapeutica","status":"publish","type":"post","link":"https:\/\/portalmidia.net\/index.php\/2023\/12\/06\/pastor-manteve-trabalhadores-como-escravos-em-comunidade-terapeutica\/","title":{"rendered":"Pastor manteve trabalhadores como escravos em comunidade terap\u00eautica"},"content":{"rendered":"<p style=\"text-align: justify;\">Sete pessoas em situa\u00e7\u00e3o de\u00a0<a href=\"https:\/\/www.metropoles.com\/tag\/trabalho-escravo\" target=\"_blank\" rel=\"noopener sponsored\">trabalho an\u00e1lago \u00e0 escravid\u00e3o<\/a>\u00a0foram resgatados de uma comunidade terap\u00eautica, em Cosmos, na\u00a0<a href=\"https:\/\/www.metropoles.com\/tag\/rio-de-janeiro\" target=\"_blank\" rel=\"noopener sponsored\">Zona Oeste do Rio<\/a>.<\/p>\n<div class=\"m-banner-wrap m-banner-rectangle m-publicity-content-middle\" style=\"text-align: justify;\"><\/div>\n<p style=\"text-align: justify;\" data-gtm-vis-recent-on-screen104869357_94=\"621791\" data-gtm-vis-first-on-screen104869357_94=\"621791\" data-gtm-vis-total-visible-time104869357_94=\"100\" data-gtm-vis-has-fired104869357_94=\"1\">O pastor respons\u00e1vel pelo local, que supostamente realiza atendimento a dependentes qu\u00edmicos, intermediava a m\u00e3o de obra das v\u00edtimas a mercados locais e ficava com todo o pagamento.<\/p>\n<p style=\"text-align: justify;\">Segundo depoimento das v\u00edtimas, eles trabalhavam sem nenhum registro formal, al\u00e9m de serem obrigados a ofertar um d\u00edzimo de 10% no valor do sal\u00e1rio, que era dividido pela metade com o pastor.<\/p>\n<p style=\"text-align: justify;\">Um dos trabalhadores resgatados relatou que recebia apenas R$ 50 pelos servi\u00e7os, mas o dinheiro ficava retido com o pastor, sendo liberado apenas para comprar itens b\u00e1sicos, a cada 15 dias.<\/p>\n<p style=\"text-align: justify;\">Com a participa\u00e7\u00e3o do\u00a0<a href=\"https:\/\/www.prt1.mpt.mp.br\/\" target=\"_blank\" rel=\"noopener sponsored\">Minist\u00e9rio P\u00fablico do Trabalho no Rio de Janeiro<\/a>\u00a0(MPT-RJ), da Superintend\u00eancia Regional do Trabalho e Emprego (SRTE) e da Pol\u00edcia Federal, o resgate aconteceu em agosto, ap\u00f3s den\u00fancias an\u00f4nimas.<\/p>\n<div class=\"m-banner-teads\" style=\"text-align: justify;\"><\/div>\n<blockquote><p>A comunidade terap\u00eautica, pertencente \u00e0 Igreja Evang\u00e9lica Alcance Vit\u00f3ria, dever\u00e1 indenizar cada trabalhador por dano moral individual no valor de R$ 10 mil, a ser pago em 20 parcelas de R$ 500 desde de novembro, por determina\u00e7\u00e3o do Minist\u00e9rio P\u00fablico do Trabalho no Rio.<\/p><\/blockquote>\n<p style=\"text-align: justify;\">Al\u00e9m disso, em conjunto com quatro mercados tamb\u00e9m denunciados, foram firmados termos de ajustamento de conduta (TACs) perante o MPT-RJ, onde ficou determinado o reconhecimento do v\u00ednculo empregat\u00edcio e o pagamento de todas as verbas trabalhistas e rescis\u00f3rias, inclusive seguro-desemprego, sob pena de multa de R$10 mil em caso de descumprimento.<\/p>\n<div class=\"m-banner-wrap m-banner-rectangle m-publicity-content-middle\" style=\"text-align: justify;\"><\/div>\n<p style=\"text-align: justify;\">Todos os trabalhadores resgatados est\u00e3o sendo do\u00a0<a href=\"https:\/\/projetoacaointegrada.org\/\" target=\"_blank\" rel=\"noopener sponsored\">Projeto A\u00e7\u00e3o Integrada<\/a>\u00a0(ProjAi) e foram encaminhados para o Centro de Aten\u00e7\u00e3o Psicossocial de \u00c1lcool e outras Drogas (CAPS AD) pela Secretaria Municipal de Sa\u00fade.<\/p>\n<p style=\"text-align: justify;\">\n<p style=\"text-align: justify;\">\n<p style=\"text-align: justify;\">\n<p style=\"text-align: justify;\">metropoles<\/p>\n","protected":false},"excerpt":{"rendered":"<p>Sete pessoas em situa\u00e7\u00e3o de\u00a0trabalho an\u00e1lago \u00e0 escravid\u00e3o\u00a0foram resgatados de uma comunidade terap\u00eautica, em Cosmos, na\u00a0Zona Oeste do Rio. O pastor respons\u00e1vel pelo local, que supostamente realiza atendimento a dependentes qu\u00edmicos, intermediava a m\u00e3o de obra das v\u00edtimas a mercados locais e ficava com todo o pagamento. Segundo depoimento das v\u00edtimas, eles trabalhavam sem nenhum<\/p>\n","protected":false},"author":1,"featured_media":17153,"comment_status":"open","ping_status":"open","sticky":false,"template":"","format":"standard","meta":{"_eb_attr":"","footnotes":""},"categories":[7,13],"tags":[],"class_list":["post-17149","post","type-post","status-publish","format-standard","has-post-thumbnail","hentry","category-destaque","category-noticias"],"_links":{"self":[{"href":"https:\/\/portalmidia.net\/index.php\/wp-json\/wp\/v2\/posts\/17149","targetHints":{"allow":["GET"]}}],"collection":[{"href":"https:\/\/portalmidia.net\/index.php\/wp-json\/wp\/v2\/posts"}],"about":[{"href":"https:\/\/portalmidia.net\/index.php\/wp-json\/wp\/v2\/types\/post"}],"author":[{"embeddable":true,"href":"https:\/\/portalmidia.net\/index.php\/wp-json\/wp\/v2\/users\/1"}],"replies":[{"embeddable":true,"href":"https:\/\/portalmidia.net\/index.php\/wp-json\/wp\/v2\/comments?post=17149"}],"version-history":[{"count":0,"href":"https:\/\/portalmidia.net\/index.php\/wp-json\/wp\/v2\/posts\/17149\/revisions"}],"wp:featuredmedia":[{"embeddable":true,"href":"https:\/\/portalmidia.net\/index.php\/wp-json\/wp\/v2\/media\/17153"}],"wp:attachment":[{"href":"https:\/\/portalmidia.net\/index.php\/wp-json\/wp\/v2\/media?parent=17149"}],"wp:term":[{"taxonomy":"category","embeddable":true,"href":"https:\/\/portalmidia.net\/index.php\/wp-json\/wp\/v2\/categories?post=17149"},{"taxonomy":"post_tag","embeddable":true,"href":"https:\/\/portalmidia.net\/index.php\/wp-json\/wp\/v2\/tags?post=17149"}],"curies":[{"name":"wp","href":"https:\/\/api.w.org\/{rel}","templated":true}]}}