 {"id":17890,"date":"2023-12-14T08:29:01","date_gmt":"2023-12-14T11:29:01","guid":{"rendered":"https:\/\/portalmidia.net\/?p=17890"},"modified":"2023-12-14T08:29:01","modified_gmt":"2023-12-14T11:29:01","slug":"moro-justifica-troca-de-sorrisos-com-dino-nao-perderei-a-civilidade","status":"publish","type":"post","link":"https:\/\/portalmidia.net\/index.php\/2023\/12\/14\/moro-justifica-troca-de-sorrisos-com-dino-nao-perderei-a-civilidade\/","title":{"rendered":"Moro justifica troca de sorrisos com Dino: \u201cN\u00e3o perderei a civilidade\u201d"},"content":{"rendered":"<p style=\"text-align: justify;\">\n<p style=\"text-align: justify;\">A Comiss\u00e3o de Constitui\u00e7\u00e3o e Justi\u00e7a (CCJ) do\u00a0<a href=\"https:\/\/www12.senado.leg.br\/hpsenado\" rel=\"noopener\">Senado Federal<\/a>\u00a0realiza, nesta quarta-feira (13\/12), as sabatinas dos indicados para o Supremo Tribunal Federal (STF) e para a Procuradoria-Geral da Rep\u00fablica (PGR),\u00a0<a href=\"https:\/\/www.metropoles.com\/brasil\/dino-diz-que-leis-nao-podem-ser-derrubadas-por-decisoes-monocraticas\">Fl\u00e1vio Dino e Paulo Gonet<\/a>, respectivamente.<\/p>\n<div class=\"m-banner-wrap m-banner-rectangle m-publicity-content-middle\" style=\"text-align: justify;\"><\/div>\n<p style=\"text-align: justify;\" data-gtm-vis-recent-on-screen104869357_94=\"200999\" data-gtm-vis-first-on-screen104869357_94=\"200999\" data-gtm-vis-total-visible-time104869357_94=\"100\" data-gtm-vis-has-fired104869357_94=\"1\">Ao usar sua vez para fazer as perguntas aos indicados, o senador\u00a0<a href=\"https:\/\/www.metropoles.com\/tag\/sergio-moro\">Sergio Moro<\/a>\u00a0(Uni\u00e3o-PR) se justificou sobre a viraliza\u00e7\u00e3o, nas redes sociais, de cenas dele conversando com o atual ministro da Justi\u00e7a e Seguran\u00e7a P\u00fablica. Os registros est\u00e3o repercutindo, uma vez que os dois s\u00e3o advers\u00e1rios pol\u00edticos.<\/p>\n<p style=\"text-align: justify;\">\u201cFui at\u00e9 a\u00ed cumpriment\u00e1-lo, acho que \u00e9 um dever de civilidade. Vossa Excel\u00eancia me perguntou algo e dei uma risada. Tiraram v\u00e1rias fotos, j\u00e1 est\u00e1 viralizando\u201d, comentou Moro.<\/p>\n<div class=\"m-banner-wrap m-banner-rectangle m-publicity-content-middle\" style=\"text-align: justify;\"><\/div>\n<p style=\"text-align: justify;\">\u201cSempre deixei muito claro que tenho diferen\u00e7as com atual governo, diferen\u00e7as profundas. Tenho sido um cr\u00edtico, mas n\u00e3o perderei a civilidade. E acho que o nosso pa\u00eds precisa disso\u201d, concluiu o senador.<\/p>\n<p style=\"text-align: justify;\">Dino e Gonet s\u00e3o sabatinados na CCJ de forma simult\u00e2nea. Aprovados, tamb\u00e9m precisam passar pelo crivo do plen\u00e1rio do Senado.<\/p>\n<p style=\"text-align: justify;\">No in\u00edcio da sabatina, Dino e Gonet fizeram uma apresenta\u00e7\u00e3o inicial sobre as carreiras e a atua\u00e7\u00e3o que pretendem ter no STF e na PGR, caso sejam aprovados. Depois, os senadores passaram a fazer perguntas aos indicados. As quest\u00f5es s\u00e3o divididas em blocos, com direito a r\u00e9plica e tr\u00e9plica.<\/p>\n<p style=\"text-align: justify;\">\n<p style=\"text-align: justify;\">metropoles<\/p>\n","protected":false},"excerpt":{"rendered":"<p>A Comiss\u00e3o de Constitui\u00e7\u00e3o e Justi\u00e7a (CCJ) do\u00a0Senado Federal\u00a0realiza, nesta quarta-feira (13\/12), as sabatinas dos indicados para o Supremo Tribunal Federal (STF) e para a Procuradoria-Geral da Rep\u00fablica (PGR),\u00a0Fl\u00e1vio Dino e Paulo Gonet, respectivamente. Ao usar sua vez para fazer as perguntas aos indicados, o senador\u00a0Sergio Moro\u00a0(Uni\u00e3o-PR) se justificou sobre a viraliza\u00e7\u00e3o, nas redes sociais,<\/p>\n","protected":false},"author":1,"featured_media":17894,"comment_status":"open","ping_status":"open","sticky":false,"template":"","format":"standard","meta":{"_eb_attr":"","footnotes":""},"categories":[7,3],"tags":[],"class_list":["post-17890","post","type-post","status-publish","format-standard","has-post-thumbnail","hentry","category-destaque","category-politica"],"_links":{"self":[{"href":"https:\/\/portalmidia.net\/index.php\/wp-json\/wp\/v2\/posts\/17890","targetHints":{"allow":["GET"]}}],"collection":[{"href":"https:\/\/portalmidia.net\/index.php\/wp-json\/wp\/v2\/posts"}],"about":[{"href":"https:\/\/portalmidia.net\/index.php\/wp-json\/wp\/v2\/types\/post"}],"author":[{"embeddable":true,"href":"https:\/\/portalmidia.net\/index.php\/wp-json\/wp\/v2\/users\/1"}],"replies":[{"embeddable":true,"href":"https:\/\/portalmidia.net\/index.php\/wp-json\/wp\/v2\/comments?post=17890"}],"version-history":[{"count":1,"href":"https:\/\/portalmidia.net\/index.php\/wp-json\/wp\/v2\/posts\/17890\/revisions"}],"predecessor-version":[{"id":17895,"href":"https:\/\/portalmidia.net\/index.php\/wp-json\/wp\/v2\/posts\/17890\/revisions\/17895"}],"wp:featuredmedia":[{"embeddable":true,"href":"https:\/\/portalmidia.net\/index.php\/wp-json\/wp\/v2\/media\/17894"}],"wp:attachment":[{"href":"https:\/\/portalmidia.net\/index.php\/wp-json\/wp\/v2\/media?parent=17890"}],"wp:term":[{"taxonomy":"category","embeddable":true,"href":"https:\/\/portalmidia.net\/index.php\/wp-json\/wp\/v2\/categories?post=17890"},{"taxonomy":"post_tag","embeddable":true,"href":"https:\/\/portalmidia.net\/index.php\/wp-json\/wp\/v2\/tags?post=17890"}],"curies":[{"name":"wp","href":"https:\/\/api.w.org\/{rel}","templated":true}]}}