 {"id":18526,"date":"2023-12-20T08:12:08","date_gmt":"2023-12-20T11:12:08","guid":{"rendered":"https:\/\/portalmidia.net\/?p=18526"},"modified":"2023-12-20T08:12:08","modified_gmt":"2023-12-20T11:12:08","slug":"reveillon-do-rio-tera-mix-de-musicas-populares-e-12-palcos","status":"publish","type":"post","link":"https:\/\/portalmidia.net\/index.php\/2023\/12\/20\/reveillon-do-rio-tera-mix-de-musicas-populares-e-12-palcos\/","title":{"rendered":"R\u00e9veillon do Rio ter\u00e1 mix de m\u00fasicas populares e 12 palcos"},"content":{"rendered":"<p style=\"text-align: justify;\">Com apoio do Servi\u00e7o Social do Com\u00e9rcio (Sesc), o\u00a0<em>R\u00e9veillon<\/em>\u00a0de Copacabana promete, este ano, muitas novidades para cariocas e turistas. Uma das novidades \u00e9 a Nova Orquestra que, durante os 12 minutos do espet\u00e1culo de fogos, tocar\u00e1 m\u00fasicas de concerto misturadas com can\u00e7\u00f5es populares, conhecidas do grande p\u00fablico, sob a reg\u00eancia da maestrina Ludhymila Bruzzi. Essa ser\u00e1 a primeira vez que uma orquestra far\u00e1 a trilha sonora no momento da passagem de ano em Copacabana, na festa que \u00e9 considerada o maior r\u00e9veillon do mundo.<img decoding=\"async\" src=\"https:\/\/agenciabrasil.ebc.com.br\/ebc.png?id=1573332&amp;o=node\" \/><img decoding=\"async\" src=\"https:\/\/agenciabrasil.ebc.com.br\/ebc.gif?id=1573332&amp;o=node\" \/><\/p>\n<p style=\"text-align: justify;\">Tamb\u00e9m de forma in\u00e9dita, a praia de Copacabana ser\u00e1 palco do maior show de drones j\u00e1 visto no local. Em comemora\u00e7\u00e3o aos 40 anos do\u00a0<em>Rock in Rio<\/em>\u00a0&#8211; considerado o maior festival de m\u00fasica e entretenimento do planeta &#8211; ser\u00e1 prestada ao evento uma grande homenagem nos minutos antes da virada do ano, com aux\u00edlio de 400 drones, que formar\u00e3o imagens e transmitir\u00e3o para o p\u00fablico mensagens de paz e esperan\u00e7a para 2024.<\/p>\n<p style=\"text-align: justify;\">Al\u00e9m dos dois palcos que ser\u00e3o montados em Copacabana, o\u00a0<em>r\u00e9veillon\u00a0<\/em>no Rio se estender\u00e1 para mais dez locais: Praia de Ramos, Praia do Flamengo, Penha, Parque Madureira, Praia de Sepetiba, Ilha do Governador, Ilha de Paquet\u00e1, Pedra de Guaratiba, al\u00e9m de dois palcos in\u00e9ditos na Pra\u00e7a Mau\u00e1 e em Bangu.<\/p>\n<p style=\"text-align: justify;\">Tanto em Copacabana, como nos outros dez palcos espalhados pela cidade, a festa \u00e9 promovida pela prefeitura carioca, por meio da Empresa de Turismo do Munic\u00edpio do Rio de Janeiro (Riotur). O presidente da Riotur, Ronnie Costa, afirmou que a ideia \u00e9 trabalhar para \u201cgarantir aos cariocas e aos visitantes que vierem passar a virada um momento \u00fanico e inesquec\u00edvel. Ser\u00e3o doze palcos espalhados por diversos pontos da cidade, tornando a festa mais democr\u00e1tica, plural e com muitas surpresas\u201d.<\/p>\n<h2 style=\"text-align: justify;\">Atra\u00e7\u00f5es<\/h2>\n<p style=\"text-align: justify;\">A festa nos dois palcos, em Copacabana, est\u00e1 prevista para come\u00e7ar \u00e0s 17h30 do dia 31 pr\u00f3ximo. Nos dez palcos espalhados pela cidade, DJs far\u00e3o o som ambiente a partir das 18h, com o primeiro show previsto para come\u00e7ar \u00e0s 20h.<\/p>\n<p style=\"text-align: justify;\">No palco Copacabana, que ser\u00e1 instalado em frente ao Hotel Copacabana Palace, se apresentar\u00e3o, entre outros artistas, Luisa Sonza, Gloria Groove, Ludmilla, Nattan e a escola de samba Imperatriz Leopoldinense. J\u00e1 no palco Samba, na altura da Rua Rep\u00fablica do Peru, o\u00a0<em>Bloco Fogo &amp; Paix\u00e3o<\/em>\u00a0abre a festa \u00e0s 17h30, seguindo-se Teresa Cristina, Jorge Arag\u00e3o, Diogo Nogueira e, depois dos fogos, Belo e a Viradouro.<\/p>\n<p style=\"text-align: justify;\">O palco na Praia do Flamengo reunir\u00e1 o grupo\u00a0<em>Celebrare<\/em>, Mart\u2019n\u00e1lia com participa\u00e7\u00e3o de Moacyr Luz, e as escolas de samba Unidos de Vila Isabel e Beija-Flor de Nil\u00f3polis. Na Pra\u00e7a Mau\u00e1, no Boulevard Ol\u00edmpico, a Fam\u00edlia Diniz convida Roda de Samba Pedra do Sal. Ter\u00e1 tamb\u00e9m os Detonautas, Bala Desejo e as agremia\u00e7\u00f5es Unidos da Tijuca e Vizinha Faladeira.<\/p>\n<p style=\"text-align: justify;\">Na Praia da Moreninha, na Ilha de Paquet\u00e1, as atra\u00e7\u00f5es ser\u00e3o os membros Grupo Exist\u00eancia com\u00a0 a participa\u00e7\u00e3o de Luiz Camilo, Gamadinho, Michael Sullivan e a escola Unidos do Porto da Pedra. Na Praia da Bica, na Ilha do Governador, se apresentar\u00e3o Juninho Thybau, Thiago Soares, Onze20 e as escolas Para\u00edso do Tuiuti e Uni\u00e3o da Ilha do Governador.<\/p>\n<p style=\"text-align: justify;\">Na Pra\u00e7a do Samba, palco Paulo da Portela, em Madureira, agitar\u00e3o a festa Roberta S\u00e1 e a Velha Guarda da Portela, Delacruz e as agremia\u00e7\u00f5es Imp\u00e9rio Serrano e Portela. No Piscin\u00e3o de Ramos, est\u00e3o programados\u00a0<em>Bielzin<\/em>, Tiee, Chefin, Balacobaco e a escola de samba Grande Rio. Na Penha, o Grupo Coisa S\u00e9ria abre os festejos com participa\u00e7\u00e3o Adriano Ribeiro, seguindo-se a Orquestra Tupy, Gustavo Lins e a Esta\u00e7\u00e3o Primeira de Mangueira.<\/p>\n<p style=\"text-align: justify;\">Na Pra\u00e7a das Juras, em Bangu, a festa ser\u00e1 comandada por Paulinho Mocidade e Banda L1, Clareou, Marvvila e o gr\u00eamio recreativo Unidos de Padre Miguel. J\u00e1 em Pedra de Guaratiba, as atra\u00e7\u00f5es ser\u00e3o o grupo\u00a0<em>Black White<\/em>, Silvinho Blau blau, Caju Pra Baixo e a Mocidade Independente de Padre Miguel. Em Sepetiba, a anima\u00e7\u00e3o ficar\u00e1 por conta de Boka Loka, Vitinho, Arlindinho e a escola Acad\u00eamicos do Salgueiro.<\/p>\n<h2 style=\"text-align: justify;\">Outra proposta<\/h2>\n<p style=\"text-align: justify;\">A Barra da Tijuca e o Recreio dos Bandeirantes, na zona oeste do Rio de Janeiro, prometem mais uma vez um\u00a0<em>r\u00e9veillon<\/em>\u00a0diferente,\u00a0<em>indoor<\/em>, isto \u00e9, dentro de edif\u00edcios ou outros locais fechados. A regi\u00e3o alia perfil familiar \u00e0s tradicionais comemora\u00e7\u00f5es nos hot\u00e9is, que ganharam destaque ap\u00f3s o bairro entrar no roteiro de festividades da virada do ano, h\u00e1 cerca de dez anos, incluindo fogos de artif\u00edcio disparados das coberturas dos pr\u00e9dios. Este ano ser\u00e3o 12 pontos de queima de fogos, em hot\u00e9is, shoppings e condom\u00ednios, que prometem um belo espet\u00e1culo pirot\u00e9cnico.<\/p>\n<p>Embora apresente grande demanda de fam\u00edlias, esse tipo de\u00a0<em>r\u00e9veillon<\/em>\u00a0vem atraindo cada vez mais turistas. O presidente do Hot\u00e9isRio, Alfredo Lopes, disse que essa sempre foi a proposta do r\u00e9veillon na Barra, pois n\u00e3o h\u00e1 programa\u00e7\u00e3o de eventos na praia, apenas o disparo de fogos de artif\u00edcio do alto dos pr\u00e9dios.<\/p>\n<p style=\"text-align: justify;\">\u201cA queima \u00e9 feita nos telhados dos hot\u00e9is, que organizam grandes festas muito procuradas por turistas. As fam\u00edlias tamb\u00e9m costumam receber convidados em seus condom\u00ednios porque o bairro tem por caracter\u00edstica pr\u00e9dios com varandas que convidam a confraternizar\u201d, disse.<\/p>\n<h2 style=\"text-align: justify;\">Ocupa\u00e7\u00e3o<\/h2>\n<p style=\"text-align: justify;\">Mais de 50% dos quartos de hot\u00e9is cariocas j\u00e1 est\u00e3o reservados para a noite de 31 de dezembro. Os \u00faltimos n\u00fameros dispon\u00edveis informam que a m\u00e9dia de ocupa\u00e7\u00e3o na cidade estava em 61,84% no in\u00edcio deste m\u00eas, mostrando expans\u00e3o de sete pontos percentuais em rela\u00e7\u00e3o \u00e0 primeira pr\u00e9via, divulgada em novembro, quando a ocupa\u00e7\u00e3o era de 54,74%.<\/p>\n<p>Acima da m\u00e9dia da cidade aparecem os bairros Leme\/Copacabana (71,85%), Barra da Tijuca\/Recreio dos Bandeirantes\/S\u00e3o Conrado (66,62%) e Ipanema\/Leblon (66,07%). Os hoteleiros ouvidos pela sondagem apostam que as reservas para as ceias oferecidas pelos hot\u00e9is dever\u00e3o atingir 100% at\u00e9 o dia da festa.<\/p>\n<p style=\"text-align: justify;\">\n<p style=\"text-align: justify;\">\n<p style=\"text-align: justify;\">\n<p style=\"text-align: justify;\">\n<p style=\"text-align: justify;\">\n<p style=\"text-align: justify;\">agenciabrasil<\/p>\n","protected":false},"excerpt":{"rendered":"<p>Com apoio do Servi\u00e7o Social do Com\u00e9rcio (Sesc), o\u00a0R\u00e9veillon\u00a0de Copacabana promete, este ano, muitas novidades para cariocas e turistas. Uma das novidades \u00e9 a Nova Orquestra que, durante os 12 minutos do espet\u00e1culo de fogos, tocar\u00e1 m\u00fasicas de concerto misturadas com can\u00e7\u00f5es populares, conhecidas do grande p\u00fablico, sob a reg\u00eancia da maestrina Ludhymila Bruzzi. Essa<\/p>\n","protected":false},"author":1,"featured_media":18530,"comment_status":"open","ping_status":"open","sticky":false,"template":"","format":"standard","meta":{"_eb_attr":"","footnotes":""},"categories":[7,9],"tags":[],"class_list":["post-18526","post","type-post","status-publish","format-standard","has-post-thumbnail","hentry","category-destaque","category-entretenimento"],"_links":{"self":[{"href":"https:\/\/portalmidia.net\/index.php\/wp-json\/wp\/v2\/posts\/18526","targetHints":{"allow":["GET"]}}],"collection":[{"href":"https:\/\/portalmidia.net\/index.php\/wp-json\/wp\/v2\/posts"}],"about":[{"href":"https:\/\/portalmidia.net\/index.php\/wp-json\/wp\/v2\/types\/post"}],"author":[{"embeddable":true,"href":"https:\/\/portalmidia.net\/index.php\/wp-json\/wp\/v2\/users\/1"}],"replies":[{"embeddable":true,"href":"https:\/\/portalmidia.net\/index.php\/wp-json\/wp\/v2\/comments?post=18526"}],"version-history":[{"count":1,"href":"https:\/\/portalmidia.net\/index.php\/wp-json\/wp\/v2\/posts\/18526\/revisions"}],"predecessor-version":[{"id":18533,"href":"https:\/\/portalmidia.net\/index.php\/wp-json\/wp\/v2\/posts\/18526\/revisions\/18533"}],"wp:featuredmedia":[{"embeddable":true,"href":"https:\/\/portalmidia.net\/index.php\/wp-json\/wp\/v2\/media\/18530"}],"wp:attachment":[{"href":"https:\/\/portalmidia.net\/index.php\/wp-json\/wp\/v2\/media?parent=18526"}],"wp:term":[{"taxonomy":"category","embeddable":true,"href":"https:\/\/portalmidia.net\/index.php\/wp-json\/wp\/v2\/categories?post=18526"},{"taxonomy":"post_tag","embeddable":true,"href":"https:\/\/portalmidia.net\/index.php\/wp-json\/wp\/v2\/tags?post=18526"}],"curies":[{"name":"wp","href":"https:\/\/api.w.org\/{rel}","templated":true}]}}