 {"id":18736,"date":"2023-12-22T08:39:43","date_gmt":"2023-12-22T11:39:43","guid":{"rendered":"https:\/\/portalmidia.net\/?p=18736"},"modified":"2023-12-22T08:40:28","modified_gmt":"2023-12-22T11:40:28","slug":"inmet-alerta-para-risco-de-chuvas-intensas-na-paraiba-veja-cidades-na-lista","status":"publish","type":"post","link":"https:\/\/portalmidia.net\/index.php\/2023\/12\/22\/inmet-alerta-para-risco-de-chuvas-intensas-na-paraiba-veja-cidades-na-lista\/","title":{"rendered":"Inmet alerta para risco de chuvas intensas na Para\u00edba; veja cidades na lista"},"content":{"rendered":"<div id=\"chunk-3cjit\">\n<div class=\"mc-column content-text active-extra-styles \" data-block-type=\"unstyled\" data-block-weight=\"42\" data-block-id=\"2\">\n<p class=\" content-text__container \" style=\"text-align: justify;\" data-track-category=\"Link no Texto\" data-track-links=\"\">O Instituto Nacional de Meteorologia (<a class=\"\" href=\"https:\/\/g1.globo.com\/tudo-sobre\/inmet\/\">Inmet<\/a>) emitiu tr\u00eas alertas, sendo um alerta amarelo de perigo potencial de chuvas intensas e dois alertas laranjas de chuvas intensas para cidades da Para\u00edba. Os tr\u00eas alertas ser\u00e3o v\u00e1lidos at\u00e9 as 10h de sexta (22).<\/p>\n<\/div>\n<\/div>\n<div class=\"wall protected-content\">\n<div id=\"chunk-nm17\" style=\"text-align: justify;\">\n<div class=\"mc-column content-text active-extra-styles \" data-block-type=\"unstyled\" data-block-weight=\"44\" data-block-id=\"4\">\n<p class=\" content-text__container \" data-track-category=\"Link no Texto\" data-track-links=\"\">Para as cidades que est\u00e3o sob o alerta amarelo, pode ocorrer chuvas entre 20 e 30 mm\/h ou at\u00e9 50 mm\/dia, ventos intensos (40-60 km\/h). Al\u00e9m disso, baixo risco de corte de energia el\u00e9trica, queda de galhos de \u00e1rvores, alagamentos e de descargas el\u00e9tricas.<\/p>\n<\/div>\n<\/div>\n<div id=\"chunk-2bqb7\" style=\"text-align: justify;\">\n<div class=\"mc-column content-text active-extra-styles \" data-block-type=\"unstyled\" data-block-weight=\"46\" data-block-id=\"5\">\n<p class=\" content-text__container \" data-track-category=\"Link no Texto\" data-track-links=\"\">J\u00e1 para as cidades que est\u00e3o sob o alerta laranja, pode haver chuva entre 30 e 60 mm\/h ou 50 e 100 mm\/dia, ventos intensos (60-100 km\/h). Al\u00e9m disso, h\u00e1 risco de corte de energia el\u00e9trica, queda de galhos de \u00e1rvores, alagamentos e de descargas el\u00e9tricas.<\/p>\n<\/div>\n<\/div>\n<div id=\"chunk-fqia7\" style=\"text-align: justify;\">\n<div class=\"content-ads content-ads--reveal\" data-block-type=\"ads\" data-block-id=\"6\">\n<div id=\"banner_materia2\" class=\"tag-manager-publicidade-container mc-has-reveal mc-has-ad-lazyload\" data-id=\"banner_materia2\">\n<div id=\"google_ads_iframe_\/95377733\/tvg_G1\/Sua_Regiao&gt;Nordeste&gt;Paraiba_3__container__\" style=\"box-sizing: inherit; margin: auto; padding: 0px; border: 0pt none; font: inherit; vertical-align: baseline; text-align: center; width: 970px; height: 0px;\"><\/div>\n<\/div>\n<\/div>\n<\/div>\n<div id=\"chunk-u93g\" style=\"text-align: justify;\">\n<div class=\"mc-column content-text active-extra-styles\" data-block-type=\"raw\" data-block-weight=\"14\" data-block-id=\"7\">\n<div class=\"content-intertitle\">\n<h2>Veja as cidades que est\u00e3o em alerta amarelo de perigo potencial de chuvas intensas<\/h2>\n<\/div>\n<p>&nbsp;<\/p>\n<\/div>\n<\/div>\n<div id=\"chunk-cosvp\" style=\"text-align: justify;\">\n<div class=\"mc-column content-text active-extra-styles\" data-block-type=\"raw\" data-block-weight=\"203\" data-block-id=\"8\">\n<ul class=\"content-unordered-list\">\n<li>Alagoa Nova<\/li>\n<li>Alcantil<\/li>\n<li>Algod\u00e3o de Janda\u00edra<\/li>\n<li>Amparo<\/li>\n<li>Areia de Bara\u00fanas<\/li>\n<li>Areial<\/li>\n<li>Aroeiras<\/li>\n<li>Assun\u00e7\u00e3o<\/li>\n<li>Bara\u00fana<\/li>\n<li>Barra de Santana<\/li>\n<li>Barra de Santa Rosa<\/li>\n<li>Barra de S\u00e3o Miguel<\/li>\n<li>Bel\u00e9m do Brejo do Cruz<\/li>\n<li>Boa Vista<\/li>\n<li>Bom Sucesso<\/li>\n<li>Boqueir\u00e3o<\/li>\n<li>Brejo do Cruz<\/li>\n<li>Brejo dos Santos<\/li>\n<li>Cabaceiras<\/li>\n<li>Cacimba de Areia<\/li>\n<li>Cacimbas<\/li>\n<li>Cajazeirinhas<\/li>\n<li>Camala\u00fa<\/li>\n<li><a class=\"\" href=\"https:\/\/g1.globo.com\/pb\/paraiba\/cidade\/campina-grande\/\">Campina Grande<\/a><\/li>\n<li>Cara\u00fabas<\/li>\n<li>Casserengue<\/li>\n<li>Catingueira<\/li>\n<li>Catol\u00e9 do Rocha<\/li>\n<li>Caturit\u00e9<\/li>\n<li>Condado<\/li>\n<li>Congo<\/li>\n<li>Coxixola<\/li>\n<li>Cubati<\/li>\n<li>Cuit\u00e9<\/li>\n<li>Dami\u00e3o<\/li>\n<li>Desterro<\/li>\n<li>Emas<\/li>\n<li>Esperan\u00e7a<\/li>\n<li>Fagundes<\/li>\n<li>Frei Martinho<\/li>\n<li>Gado Bravo<\/li>\n<li>Gurj\u00e3o<\/li>\n<li>Imaculada<\/li>\n<li>Ing\u00e1<\/li>\n<li>Itatuba<\/li>\n<li>Jeric\u00f3<\/li>\n<li>Juazeirinho<\/li>\n<li>Junco do Serid\u00f3<\/li>\n<li>Lagoa<\/li>\n<li>Lagoa Seca<\/li>\n<li>Livramento<\/li>\n<li>M\u00e3e d&#8217;\u00c1gua<\/li>\n<li>Malta<\/li>\n<li>Massaranduba<\/li>\n<li>Matinhas<\/li>\n<li>Mato Grosso<\/li>\n<li>Matur\u00e9ia<\/li>\n<li>Montadas<\/li>\n<li>Monteiro<\/li>\n<li>Nova Floresta<\/li>\n<li>Nova Palmeira<\/li>\n<li>Olho d&#8217;\u00c1gua<\/li>\n<li>Olivedos<\/li>\n<li>Ouro Velho<\/li>\n<li>Parari<\/li>\n<li>Passagem<\/li>\n<li>Patos<\/li>\n<li>Paulista<\/li>\n<li>Pedra Lavrada<\/li>\n<li>Picu\u00ed<\/li>\n<li>Pocinhos<\/li>\n<li>Pombal<\/li>\n<li>Prata<\/li>\n<li>Puxinan\u00e3<\/li>\n<li>Queimadas<\/li>\n<li>Quixaba<\/li>\n<li>Rem\u00edgio<\/li>\n<li>Riacho de Santo Ant\u00f4nio<\/li>\n<li>Riacho dos Cavalos<\/li>\n<li>Salgadinho<\/li>\n<li>Santa Cec\u00edlia<\/li>\n<li>Santa Cruz<\/li>\n<li>Santa Luzia<\/li>\n<li>Santa Teresinha<\/li>\n<li>Santo Andr\u00e9<\/li>\n<li>S\u00e3o Bentinho<\/li>\n<li>S\u00e3o Bento<\/li>\n<li>S\u00e3o Domingos<\/li>\n<li>S\u00e3o Domingos do Cariri<\/li>\n<li>S\u00e3o Jo\u00e3o do Cariri<\/li>\n<li>S\u00e3o Jo\u00e3o do Tigre<\/li>\n<li>S\u00e3o Jos\u00e9 de Espinharas<\/li>\n<li>S\u00e3o Jos\u00e9 do Bonfim<\/li>\n<li>S\u00e3o Jos\u00e9 do Brejo do Cruz<\/li>\n<li>S\u00e3o Jos\u00e9 do Sabugi<\/li>\n<li>S\u00e3o Jos\u00e9 dos Cordeiros<\/li>\n<li>S\u00e3o Mamede<\/li>\n<li>S\u00e3o Sebasti\u00e3o de Lagoa de Ro\u00e7a<\/li>\n<li>S\u00e3o Sebasti\u00e3o do Umbuzeiro<\/li>\n<li>S\u00e3o Vicente do Serid\u00f3<\/li>\n<li>Serra Branca<\/li>\n<li>Soledade<\/li>\n<li>Soss\u00eago<\/li>\n<li>Sum\u00e9<\/li>\n<li>Tapero\u00e1<\/li>\n<li>Teixeira<\/li>\n<li>Ten\u00f3rio<\/li>\n<li>Umbuzeiro<\/li>\n<li>V\u00e1rzea<\/li>\n<li>Vista Serrana<\/li>\n<\/ul>\n<p>&nbsp;<\/p>\n<\/div>\n<\/div>\n<div id=\"chunk-259eg\" style=\"text-align: justify;\">\n<div class=\"content-ads content-ads--reveal\" data-block-type=\"ads\" data-block-id=\"9\">\n<div id=\"banner_materia__83d5fad5-ccb9-4e42-b9f1-f99f582ec29f\" class=\"tag-manager-publicidade-container mc-has-reveal mc-has-ad-lazyload\" data-id=\"banner_materia__83d5fad5-ccb9-4e42-b9f1-f99f582ec29f\">\n<div id=\"google_ads_iframe_\/95377733\/tvg_G1\/Sua_Regiao&gt;Nordeste&gt;Paraiba_4__container__\" style=\"box-sizing: inherit; margin: auto; padding: 0px; border: 0pt none; font: inherit; vertical-align: baseline; text-align: center; width: 970px; height: 0px;\"><\/div>\n<\/div>\n<\/div>\n<\/div>\n<div id=\"chunk-8vo9e\" style=\"text-align: justify;\">\n<div class=\"mc-column content-text active-extra-styles\" data-block-type=\"raw\" data-block-weight=\"11\" data-block-id=\"10\">\n<div class=\"content-intertitle\">\n<h2>Veja as cidades que est\u00e3o em alerta laranja de chuvas intensas<\/h2>\n<\/div>\n<p>&nbsp;<\/p>\n<\/div>\n<\/div>\n<div id=\"chunk-e6s7n\">\n<div class=\"mc-column content-text active-extra-styles\" data-block-type=\"raw\" data-block-weight=\"116\" data-block-id=\"11\">\n<ul class=\"content-unordered-list\">\n<li style=\"text-align: justify;\">\u00c1gua Branca<\/li>\n<li style=\"text-align: justify;\">Imaculada<\/li>\n<li style=\"text-align: justify;\">Monteiro<\/li>\n<li style=\"text-align: justify;\">Olho d&#8217;\u00c1gua<\/li>\n<li style=\"text-align: justify;\">S\u00e3o Jo\u00e3o do Tigre<\/li>\n<li style=\"text-align: justify;\">S\u00e3o Sebasti\u00e3o do Umbuzeiro<\/li>\n<li style=\"text-align: justify;\">Zabel\u00ea<\/li>\n<li style=\"text-align: justify;\">Aguiar<\/li>\n<li style=\"text-align: justify;\">Aparecida<\/li>\n<li style=\"text-align: justify;\">Bernardino Batista<\/li>\n<li style=\"text-align: justify;\">Boa Ventura<\/li>\n<li style=\"text-align: justify;\">Bom Jesus<\/li>\n<li style=\"text-align: justify;\">Bonito de Santa F\u00e9<\/li>\n<li style=\"text-align: justify;\">Cachoeira dos \u00cdndios<\/li>\n<li style=\"text-align: justify;\">Cajazeiras<\/li>\n<li style=\"text-align: justify;\">Cajazeirinhas<\/li>\n<li style=\"text-align: justify;\">Carrapateira<\/li>\n<li style=\"text-align: justify;\">Catingueira<\/li>\n<li style=\"text-align: justify;\">Concei\u00e7\u00e3o<\/li>\n<li style=\"text-align: justify;\">Coremas<\/li>\n<li style=\"text-align: justify;\">Curral Velho<\/li>\n<li style=\"text-align: justify;\">Diamante<\/li>\n<li style=\"text-align: justify;\">Emas<\/li>\n<li style=\"text-align: justify;\">Ibiara<\/li>\n<li style=\"text-align: justify;\">Igaracy<\/li>\n<li style=\"text-align: justify;\">Imaculada<\/li>\n<li style=\"text-align: justify;\">Itaporanga<\/li>\n<li style=\"text-align: justify;\">Joca Claudino<\/li>\n<li style=\"text-align: justify;\">Juru<\/li>\n<li style=\"text-align: justify;\">Lastro<\/li>\n<li style=\"text-align: justify;\">Mana\u00edra<\/li>\n<li style=\"text-align: justify;\">Mariz\u00f3polis<\/li>\n<li style=\"text-align: justify;\">Monte Horebe<\/li>\n<li style=\"text-align: justify;\">Nazarezinho<\/li>\n<li style=\"text-align: justify;\">Nova Olinda<\/li>\n<li style=\"text-align: justify;\">Olho d&#8217;\u00c1gua<\/li>\n<li style=\"text-align: justify;\">Pedra Branca<\/li>\n<li style=\"text-align: justify;\">Pianc\u00f3<\/li>\n<li style=\"text-align: justify;\">Po\u00e7o Dantas<\/li>\n<li style=\"text-align: justify;\">Po\u00e7o de Jos\u00e9 de Moura<\/li>\n<li style=\"text-align: justify;\">Pombal<\/li>\n<li style=\"text-align: justify;\">Princesa Isabel<\/li>\n<li style=\"text-align: justify;\">Santa Cruz<\/li>\n<li style=\"text-align: justify;\">Santa Helena<\/li>\n<li style=\"text-align: justify;\">Santa In\u00eas<\/li>\n<li style=\"text-align: justify;\">Santana de Mangueira<\/li>\n<li style=\"text-align: justify;\">Santana dos Garrotes<\/li>\n<li style=\"text-align: justify;\">S\u00e3o Domingos<\/li>\n<li style=\"text-align: justify;\">S\u00e3o Francisco<\/li>\n<li style=\"text-align: justify;\">S\u00e3o Jo\u00e3o do Rio do Peixe<\/li>\n<li style=\"text-align: justify;\">S\u00e3o Jos\u00e9 da Lagoa Tapada<\/li>\n<li style=\"text-align: justify;\">S\u00e3o Jos\u00e9 de Caiana<\/li>\n<li style=\"text-align: justify;\">S\u00e3o Jos\u00e9 de Piranhas<\/li>\n<li style=\"text-align: justify;\">S\u00e3o Jos\u00e9 de Princesa<\/li>\n<li style=\"text-align: justify;\">Serra Grande<\/li>\n<li style=\"text-align: justify;\">Sousa<\/li>\n<li style=\"text-align: justify;\">Tavares<\/li>\n<li style=\"text-align: justify;\">Triunfo<\/li>\n<li style=\"text-align: justify;\">Uira\u00fana<\/li>\n<li style=\"text-align: justify;\">Vieir\u00f3polis<\/li>\n<\/ul>\n<\/div>\n<\/div>\n<\/div>\n<p>&nbsp;<\/p>\n<p>&nbsp;<\/p>\n<p>&nbsp;<\/p>\n<p>&nbsp;<\/p>\n<p>G1<\/p>\n","protected":false},"excerpt":{"rendered":"<p>O Instituto Nacional de Meteorologia (Inmet) emitiu tr\u00eas alertas, sendo um alerta amarelo de perigo potencial de chuvas intensas e dois alertas laranjas de chuvas intensas para cidades da Para\u00edba. Os tr\u00eas alertas ser\u00e3o v\u00e1lidos at\u00e9 as 10h de sexta (22). Para as cidades que est\u00e3o sob o alerta amarelo, pode ocorrer chuvas entre 20<\/p>\n","protected":false},"author":1,"featured_media":18741,"comment_status":"open","ping_status":"open","sticky":false,"template":"","format":"standard","meta":{"_eb_attr":"","footnotes":""},"categories":[7,13],"tags":[],"class_list":["post-18736","post","type-post","status-publish","format-standard","has-post-thumbnail","hentry","category-destaque","category-noticias"],"_links":{"self":[{"href":"https:\/\/portalmidia.net\/index.php\/wp-json\/wp\/v2\/posts\/18736","targetHints":{"allow":["GET"]}}],"collection":[{"href":"https:\/\/portalmidia.net\/index.php\/wp-json\/wp\/v2\/posts"}],"about":[{"href":"https:\/\/portalmidia.net\/index.php\/wp-json\/wp\/v2\/types\/post"}],"author":[{"embeddable":true,"href":"https:\/\/portalmidia.net\/index.php\/wp-json\/wp\/v2\/users\/1"}],"replies":[{"embeddable":true,"href":"https:\/\/portalmidia.net\/index.php\/wp-json\/wp\/v2\/comments?post=18736"}],"version-history":[{"count":2,"href":"https:\/\/portalmidia.net\/index.php\/wp-json\/wp\/v2\/posts\/18736\/revisions"}],"predecessor-version":[{"id":18743,"href":"https:\/\/portalmidia.net\/index.php\/wp-json\/wp\/v2\/posts\/18736\/revisions\/18743"}],"wp:featuredmedia":[{"embeddable":true,"href":"https:\/\/portalmidia.net\/index.php\/wp-json\/wp\/v2\/media\/18741"}],"wp:attachment":[{"href":"https:\/\/portalmidia.net\/index.php\/wp-json\/wp\/v2\/media?parent=18736"}],"wp:term":[{"taxonomy":"category","embeddable":true,"href":"https:\/\/portalmidia.net\/index.php\/wp-json\/wp\/v2\/categories?post=18736"},{"taxonomy":"post_tag","embeddable":true,"href":"https:\/\/portalmidia.net\/index.php\/wp-json\/wp\/v2\/tags?post=18736"}],"curies":[{"name":"wp","href":"https:\/\/api.w.org\/{rel}","templated":true}]}}