 {"id":19924,"date":"2024-01-07T09:12:46","date_gmt":"2024-01-07T12:12:46","guid":{"rendered":"https:\/\/portalmidia.net\/?p=19924"},"modified":"2024-01-07T09:12:46","modified_gmt":"2024-01-07T12:12:46","slug":"governo-decreta-luto-oficial-de-tres-dias-pelo-falecimento-de-zagallo","status":"publish","type":"post","link":"https:\/\/portalmidia.net\/index.php\/2024\/01\/07\/governo-decreta-luto-oficial-de-tres-dias-pelo-falecimento-de-zagallo\/","title":{"rendered":"Governo decreta luto oficial de tr\u00eas dias pelo falecimento de Zagallo"},"content":{"rendered":"<p style=\"text-align: justify;\">O Brasil est\u00e1 oficialmente em luto pelo falecimento de M\u00e1rio Jorge Lobo Zagallo. O decreto foi anunciado neste s\u00e1bado (6) pelo presidente Luiz In\u00e1cio Lula da Silva e publicado em\u00a0<a href=\"http:\/\/file\/\/\/C:\/Users\/denise.griesinger\/Downloads\/2024_01_06_ASSINADO_do1_extra_B.pdf\" target=\"_blank\" rel=\"noopener\">edi\u00e7\u00e3o extra no Di\u00e1rio Oficial<\/a>.<img decoding=\"async\" src=\"https:\/\/agenciabrasil.ebc.com.br\/ebc.png?id=1575385&amp;o=node\" \/><img decoding=\"async\" src=\"https:\/\/agenciabrasil.ebc.com.br\/ebc.gif?id=1575385&amp;o=node\" \/><\/p>\n<div class=\"twitter-tweet twitter-tweet-rendered\" style=\"text-align: justify;\"><iframe id=\"twitter-widget-0\" class=\"\" title=\"X Post\" src=\"https:\/\/platform.twitter.com\/embed\/Tweet.html?creatorScreenName=agenciabrasil&amp;dnt=false&amp;embedId=twitter-widget-0&amp;features=eyJ0ZndfdGltZWxpbmVfbGlzdCI6eyJidWNrZXQiOltdLCJ2ZXJzaW9uIjpudWxsfSwidGZ3X2ZvbGxvd2VyX2NvdW50X3N1bnNldCI6eyJidWNrZXQiOnRydWUsInZlcnNpb24iOm51bGx9LCJ0ZndfdHdlZXRfZWRpdF9iYWNrZW5kIjp7ImJ1Y2tldCI6Im9uIiwidmVyc2lvbiI6bnVsbH0sInRmd19yZWZzcmNfc2Vzc2lvbiI6eyJidWNrZXQiOiJvbiIsInZlcnNpb24iOm51bGx9LCJ0ZndfZm9zbnJfc29mdF9pbnRlcnZlbnRpb25zX2VuYWJsZWQiOnsiYnVja2V0Ijoib24iLCJ2ZXJzaW9uIjpudWxsfSwidGZ3X21peGVkX21lZGlhXzE1ODk3Ijp7ImJ1Y2tldCI6InRyZWF0bWVudCIsInZlcnNpb24iOm51bGx9LCJ0ZndfZXhwZXJpbWVudHNfY29va2llX2V4cGlyYXRpb24iOnsiYnVja2V0IjoxMjA5NjAwLCJ2ZXJzaW9uIjpudWxsfSwidGZ3X3Nob3dfYmlyZHdhdGNoX3Bpdm90c19lbmFibGVkIjp7ImJ1Y2tldCI6Im9uIiwidmVyc2lvbiI6bnVsbH0sInRmd19kdXBsaWNhdGVfc2NyaWJlc190b19zZXR0aW5ncyI6eyJidWNrZXQiOiJvbiIsInZlcnNpb24iOm51bGx9LCJ0ZndfdXNlX3Byb2ZpbGVfaW1hZ2Vfc2hhcGVfZW5hYmxlZCI6eyJidWNrZXQiOiJvbiIsInZlcnNpb24iOm51bGx9LCJ0ZndfdmlkZW9faGxzX2R5bmFtaWNfbWFuaWZlc3RzXzE1MDgyIjp7ImJ1Y2tldCI6InRydWVfYml0cmF0ZSIsInZlcnNpb24iOm51bGx9LCJ0ZndfbGVnYWN5X3RpbWVsaW5lX3N1bnNldCI6eyJidWNrZXQiOnRydWUsInZlcnNpb24iOm51bGx9LCJ0ZndfdHdlZXRfZWRpdF9mcm9udGVuZCI6eyJidWNrZXQiOiJvbiIsInZlcnNpb24iOm51bGx9fQ%3D%3D&amp;frame=false&amp;hideCard=false&amp;hideThread=false&amp;id=1743682677083984013&amp;lang=pt&amp;origin=https%3A%2F%2Fagenciabrasil.ebc.com.br%2Fesportes%2Fnoticia%2F2024-01%2Fgoverno-decreta-luto-oficial-de-tres-dias-pelo-falecimento-de-zagallo&amp;sessionId=5c87e3ed39b5cbd5fe0e5762bbbe8c5ff26e3827&amp;siteScreenName=agenciabrasil&amp;theme=light&amp;widgetsVersion=2615f7e52b7e0%3A1702314776716&amp;width=550px\" frameborder=\"0\" scrolling=\"no\" allowfullscreen=\"allowfullscreen\" data-tweet-id=\"1743682677083984013\" data-mce-fragment=\"1\"><\/iframe><\/div>\n<p style=\"text-align: justify;\">O tetracampe\u00e3o Zagallo morreu \u00e0s 23h41 desta sexta-feira (5), por fal\u00eancia m\u00faltipla dos \u00f3rg\u00e3os, aos 92 anos. Ele estava internado desde o final do ano passado no Hospital Barra D&#8217;Or.<\/p>\n<p style=\"text-align: justify;\">\u201cEm mem\u00f3ria do eterno M\u00e1rio Jorge Lobo Zagallo, est\u00e1 decretado luto oficial de 3 dias no pa\u00eds\u201d, postou Lula, nas redes sociais.<\/p>\n<p style=\"text-align: justify;\">Mais cedo, o presidente da Rep\u00fablica j\u00e1\u00a0<a href=\"https:\/\/agenciabrasil.ebc.com.br\/esportes\/noticia\/2024-01\/entidades-e-clubes-de-futebol-prestam-homenagens-zagallo\" target=\"_blank\" rel=\"noopener\">havia comentado a morte<\/a>\u00a0do Velho Lobo. Lula lembrou que, al\u00e9m de ser um dos maiores jogadores e t\u00e9cnicos de futebol de todos os tempos, Zagallo foi \u201cum grande vencedor e s\u00edmbolo de amor pela sele\u00e7\u00e3o brasileira e pelo Brasil\u201d.<\/p>\n<p style=\"text-align: justify;\">\n<p style=\"text-align: justify;\">\n<p style=\"text-align: justify;\">\n<p style=\"text-align: justify;\">\n<p style=\"text-align: justify;\">\n<p style=\"text-align: justify;\">\n<p style=\"text-align: justify;\">agenciabrasil<\/p>\n","protected":false},"excerpt":{"rendered":"<p>O Brasil est\u00e1 oficialmente em luto pelo falecimento de M\u00e1rio Jorge Lobo Zagallo. O decreto foi anunciado neste s\u00e1bado (6) pelo presidente Luiz In\u00e1cio Lula da Silva e publicado em\u00a0edi\u00e7\u00e3o extra no Di\u00e1rio Oficial. O tetracampe\u00e3o Zagallo morreu \u00e0s 23h41 desta sexta-feira (5), por fal\u00eancia m\u00faltipla dos \u00f3rg\u00e3os, aos 92 anos. Ele estava internado desde<\/p>\n","protected":false},"author":1,"featured_media":19930,"comment_status":"open","ping_status":"open","sticky":false,"template":"","format":"standard","meta":{"_eb_attr":"","footnotes":""},"categories":[7,3],"tags":[],"class_list":["post-19924","post","type-post","status-publish","format-standard","has-post-thumbnail","hentry","category-destaque","category-politica"],"_links":{"self":[{"href":"https:\/\/portalmidia.net\/index.php\/wp-json\/wp\/v2\/posts\/19924","targetHints":{"allow":["GET"]}}],"collection":[{"href":"https:\/\/portalmidia.net\/index.php\/wp-json\/wp\/v2\/posts"}],"about":[{"href":"https:\/\/portalmidia.net\/index.php\/wp-json\/wp\/v2\/types\/post"}],"author":[{"embeddable":true,"href":"https:\/\/portalmidia.net\/index.php\/wp-json\/wp\/v2\/users\/1"}],"replies":[{"embeddable":true,"href":"https:\/\/portalmidia.net\/index.php\/wp-json\/wp\/v2\/comments?post=19924"}],"version-history":[{"count":1,"href":"https:\/\/portalmidia.net\/index.php\/wp-json\/wp\/v2\/posts\/19924\/revisions"}],"predecessor-version":[{"id":19933,"href":"https:\/\/portalmidia.net\/index.php\/wp-json\/wp\/v2\/posts\/19924\/revisions\/19933"}],"wp:featuredmedia":[{"embeddable":true,"href":"https:\/\/portalmidia.net\/index.php\/wp-json\/wp\/v2\/media\/19930"}],"wp:attachment":[{"href":"https:\/\/portalmidia.net\/index.php\/wp-json\/wp\/v2\/media?parent=19924"}],"wp:term":[{"taxonomy":"category","embeddable":true,"href":"https:\/\/portalmidia.net\/index.php\/wp-json\/wp\/v2\/categories?post=19924"},{"taxonomy":"post_tag","embeddable":true,"href":"https:\/\/portalmidia.net\/index.php\/wp-json\/wp\/v2\/tags?post=19924"}],"curies":[{"name":"wp","href":"https:\/\/api.w.org\/{rel}","templated":true}]}}