 {"id":20050,"date":"2024-01-08T08:09:44","date_gmt":"2024-01-08T11:09:44","guid":{"rendered":"https:\/\/portalmidia.net\/?p=20050"},"modified":"2024-01-08T08:09:44","modified_gmt":"2024-01-08T11:09:44","slug":"mulher-e-presa-suspeita-de-matar-companheiro-a-facadas-em-campina-grande","status":"publish","type":"post","link":"https:\/\/portalmidia.net\/index.php\/2024\/01\/08\/mulher-e-presa-suspeita-de-matar-companheiro-a-facadas-em-campina-grande\/","title":{"rendered":"Mulher \u00e9 presa suspeita de matar companheiro a facadas em Campina Grande"},"content":{"rendered":"<div id=\"chunk-909gh\">\n<div class=\"mc-column content-text active-extra-styles \" data-block-type=\"unstyled\" data-block-weight=\"49\" data-block-id=\"2\">\n<p class=\" content-text__container \" style=\"text-align: justify;\" data-track-category=\"Link no Texto\" data-track-links=\"\">Uma mulher de 42 anos foi presa suspeita de matar o companheiro a facadas, na noite do s\u00e1bado (6), em\u00a0<a class=\"\" href=\"https:\/\/g1.globo.com\/pb\/paraiba\/cidade\/campina-grande\/\">Campina Grande<\/a>. A v\u00edtima foi um homem de 27 anos, que trabalhava como motorista de transporte por aplicativo. O crime aconteceu na casa deles, no bairro Jardim Paulistano.<\/p>\n<\/div>\n<\/div>\n<div class=\"wall protected-content\" style=\"text-align: justify;\">\n<div id=\"chunk-bnmca\">\n<div class=\"mc-column content-text active-extra-styles \" data-block-type=\"unstyled\" data-block-weight=\"27\" data-block-id=\"4\">\n<p class=\" content-text__container \" data-track-category=\"Link no Texto\" data-track-links=\"\">De acordo com a Pol\u00edcia Civil, a suspeita relatou que havia sofrido uma tentativa de assalto e esfaqueou o companheiro ao tentar defend\u00ea-lo de um suposto assaltante.<\/p>\n<\/div>\n<\/div>\n<div id=\"chunk-2j3j8\">\n<div class=\"mc-column content-text active-extra-styles \" data-block-type=\"unstyled\" data-block-weight=\"28\" data-block-id=\"5\">\n<p class=\" content-text__container \" data-track-category=\"Link no Texto\" data-track-links=\"\">Mas, ainda segundo a pol\u00edcia, em um novo relato a mulher confessou que esfaqueou o companheiro ap\u00f3s ser agredida por ele durante uma briga provocada por ci\u00fames.<\/p>\n<\/div>\n<\/div>\n<div id=\"chunk-55pu6\">\n<div class=\"content-ads content-ads--reveal\" data-block-type=\"ads\" data-block-id=\"6\">\n<div id=\"banner_materia2\" class=\"tag-manager-publicidade-container mc-has-reveal mc-has-ad-lazyload\" data-id=\"banner_materia2\">\n<div id=\"google_ads_iframe_\/95377733\/tvg_G1\/Sua_Regiao&gt;Nordeste&gt;Paraiba_3__container__\" style=\"box-sizing: inherit; margin: auto; padding: 0px; border: 0pt none; font: inherit; vertical-align: baseline; text-align: center; width: 970px; height: 0px;\"><\/div>\n<\/div>\n<\/div>\n<\/div>\n<div id=\"chunk-dbgmi\">\n<div class=\"mc-column content-text active-extra-styles \" data-block-type=\"unstyled\" data-block-weight=\"28\" data-block-id=\"7\">\n<p class=\" content-text__container \" data-track-category=\"Link no Texto\" data-track-links=\"\">O homem chegou a ser socorrido para o Hospital de Emerg\u00eancia e Trauma de Campina Grande, mas n\u00e3o resistiu aos ferimentos e morreu na madrugada deste domingo (7).<\/p>\n<\/div>\n<\/div>\n<div id=\"chunk-fo9eb\">\n<div class=\"mc-column content-text active-extra-styles \" data-block-type=\"unstyled\" data-block-weight=\"15\" data-block-id=\"8\">\n<p class=\" content-text__container \" data-track-category=\"Link no Texto\" data-track-links=\"\">A suspeita continua presa na Central de Pol\u00edcia de Campina Grande \u00e0 disposi\u00e7\u00e3o da Justi\u00e7a.<\/p>\n<\/div>\n<\/div>\n<\/div>\n<p style=\"text-align: justify;\" data-track-category=\"Link no Texto\" data-track-links=\"\">\n<p style=\"text-align: justify;\" data-track-category=\"Link no Texto\" data-track-links=\"\">\n<p style=\"text-align: justify;\" data-track-category=\"Link no Texto\" data-track-links=\"\">\n<p style=\"text-align: justify;\" data-track-category=\"Link no Texto\" data-track-links=\"\">G1<\/p>\n","protected":false},"excerpt":{"rendered":"<p>Uma mulher de 42 anos foi presa suspeita de matar o companheiro a facadas, na noite do s\u00e1bado (6), em\u00a0Campina Grande. A v\u00edtima foi um homem de 27 anos, que trabalhava como motorista de transporte por aplicativo. O crime aconteceu na casa deles, no bairro Jardim Paulistano. De acordo com a Pol\u00edcia Civil, a suspeita<\/p>\n","protected":false},"author":1,"featured_media":20055,"comment_status":"open","ping_status":"open","sticky":false,"template":"","format":"standard","meta":{"_eb_attr":"","footnotes":""},"categories":[7,2],"tags":[],"class_list":["post-20050","post","type-post","status-publish","format-standard","has-post-thumbnail","hentry","category-destaque","category-policial"],"_links":{"self":[{"href":"https:\/\/portalmidia.net\/index.php\/wp-json\/wp\/v2\/posts\/20050","targetHints":{"allow":["GET"]}}],"collection":[{"href":"https:\/\/portalmidia.net\/index.php\/wp-json\/wp\/v2\/posts"}],"about":[{"href":"https:\/\/portalmidia.net\/index.php\/wp-json\/wp\/v2\/types\/post"}],"author":[{"embeddable":true,"href":"https:\/\/portalmidia.net\/index.php\/wp-json\/wp\/v2\/users\/1"}],"replies":[{"embeddable":true,"href":"https:\/\/portalmidia.net\/index.php\/wp-json\/wp\/v2\/comments?post=20050"}],"version-history":[{"count":1,"href":"https:\/\/portalmidia.net\/index.php\/wp-json\/wp\/v2\/posts\/20050\/revisions"}],"predecessor-version":[{"id":20056,"href":"https:\/\/portalmidia.net\/index.php\/wp-json\/wp\/v2\/posts\/20050\/revisions\/20056"}],"wp:featuredmedia":[{"embeddable":true,"href":"https:\/\/portalmidia.net\/index.php\/wp-json\/wp\/v2\/media\/20055"}],"wp:attachment":[{"href":"https:\/\/portalmidia.net\/index.php\/wp-json\/wp\/v2\/media?parent=20050"}],"wp:term":[{"taxonomy":"category","embeddable":true,"href":"https:\/\/portalmidia.net\/index.php\/wp-json\/wp\/v2\/categories?post=20050"},{"taxonomy":"post_tag","embeddable":true,"href":"https:\/\/portalmidia.net\/index.php\/wp-json\/wp\/v2\/tags?post=20050"}],"curies":[{"name":"wp","href":"https:\/\/api.w.org\/{rel}","templated":true}]}}