 {"id":20059,"date":"2024-01-08T08:11:12","date_gmt":"2024-01-08T11:11:12","guid":{"rendered":"https:\/\/portalmidia.net\/?p=20059"},"modified":"2024-01-08T08:11:12","modified_gmt":"2024-01-08T11:11:12","slug":"operacao-da-policia-militar-apreende-armas-de-fogo-e-explosivos-em-cabedelo","status":"publish","type":"post","link":"https:\/\/portalmidia.net\/index.php\/2024\/01\/08\/operacao-da-policia-militar-apreende-armas-de-fogo-e-explosivos-em-cabedelo\/","title":{"rendered":"Opera\u00e7\u00e3o da Pol\u00edcia Militar apreende armas de fogo e explosivos, em Cabedelo"},"content":{"rendered":"<p style=\"text-align: justify;\">A Pol\u00edcia Militar apreendeu cinco armas de fogo e diversos explosivos na madrugada deste domingo (7) em Cabedelo, na Grande Jo\u00e3o Pessoa. As apreens\u00f5es foram feitas na comunidade do Jacar\u00e1, durante a Opera\u00e7\u00e3o Ver\u00e3o.<\/p>\n<p style=\"text-align: justify;\">Os policiais foram atender a um chamado sobre uma crian\u00e7a que estava em situa\u00e7\u00e3o de vulnerabilidade. Dentro da resid\u00eancia foram encontrados diversos materiais como armas de fogo, muni\u00e7\u00f5es, carregadores, por\u00e7\u00f5es de drogas, objetos de tr\u00e1fico, al\u00e9m de 15 explosivos. Um homem foi preso e a crian\u00e7a recebeu atendimento.<\/p>\n<p style=\"text-align: justify;\">Tamb\u00e9m em Cabedelo, dessa vez no bairro do Po\u00e7o, um homem foi preso com uma pistola calibre 380 e 14 muni\u00e7\u00f5es. O acusado foi conduzido para delegacia. A Pol\u00edcia Civil agora vai investigar os dois casos.<\/p>\n<p style=\"text-align: justify;\">O policiamento ser\u00e1 refor\u00e7ado e mais pris\u00f5es devem acontecer durante este m\u00eas.<\/p>\n<p style=\"text-align: justify;\">\n<p style=\"text-align: justify;\">\n<p style=\"text-align: justify;\">\n<p style=\"text-align: justify;\">\n<p style=\"text-align: justify;\">portalcorreio<\/p>\n","protected":false},"excerpt":{"rendered":"<p>A Pol\u00edcia Militar apreendeu cinco armas de fogo e diversos explosivos na madrugada deste domingo (7) em Cabedelo, na Grande Jo\u00e3o Pessoa. As apreens\u00f5es foram feitas na comunidade do Jacar\u00e1, durante a Opera\u00e7\u00e3o Ver\u00e3o. Os policiais foram atender a um chamado sobre uma crian\u00e7a que estava em situa\u00e7\u00e3o de vulnerabilidade. Dentro da resid\u00eancia foram encontrados<\/p>\n","protected":false},"author":1,"featured_media":20063,"comment_status":"open","ping_status":"open","sticky":false,"template":"","format":"standard","meta":{"_eb_attr":"","footnotes":""},"categories":[7,2],"tags":[],"class_list":["post-20059","post","type-post","status-publish","format-standard","has-post-thumbnail","hentry","category-destaque","category-policial"],"_links":{"self":[{"href":"https:\/\/portalmidia.net\/index.php\/wp-json\/wp\/v2\/posts\/20059","targetHints":{"allow":["GET"]}}],"collection":[{"href":"https:\/\/portalmidia.net\/index.php\/wp-json\/wp\/v2\/posts"}],"about":[{"href":"https:\/\/portalmidia.net\/index.php\/wp-json\/wp\/v2\/types\/post"}],"author":[{"embeddable":true,"href":"https:\/\/portalmidia.net\/index.php\/wp-json\/wp\/v2\/users\/1"}],"replies":[{"embeddable":true,"href":"https:\/\/portalmidia.net\/index.php\/wp-json\/wp\/v2\/comments?post=20059"}],"version-history":[{"count":1,"href":"https:\/\/portalmidia.net\/index.php\/wp-json\/wp\/v2\/posts\/20059\/revisions"}],"predecessor-version":[{"id":20064,"href":"https:\/\/portalmidia.net\/index.php\/wp-json\/wp\/v2\/posts\/20059\/revisions\/20064"}],"wp:featuredmedia":[{"embeddable":true,"href":"https:\/\/portalmidia.net\/index.php\/wp-json\/wp\/v2\/media\/20063"}],"wp:attachment":[{"href":"https:\/\/portalmidia.net\/index.php\/wp-json\/wp\/v2\/media?parent=20059"}],"wp:term":[{"taxonomy":"category","embeddable":true,"href":"https:\/\/portalmidia.net\/index.php\/wp-json\/wp\/v2\/categories?post=20059"},{"taxonomy":"post_tag","embeddable":true,"href":"https:\/\/portalmidia.net\/index.php\/wp-json\/wp\/v2\/tags?post=20059"}],"curies":[{"name":"wp","href":"https:\/\/api.w.org\/{rel}","templated":true}]}}