 {"id":20065,"date":"2024-01-08T08:15:12","date_gmt":"2024-01-08T11:15:12","guid":{"rendered":"https:\/\/portalmidia.net\/?p=20065"},"modified":"2024-01-08T08:15:12","modified_gmt":"2024-01-08T11:15:12","slug":"por-que-fatima-bezerra-e-a-unica-governadora-a-falar-na-cerimonia-do-8-de-janeiro","status":"publish","type":"post","link":"https:\/\/portalmidia.net\/index.php\/2024\/01\/08\/por-que-fatima-bezerra-e-a-unica-governadora-a-falar-na-cerimonia-do-8-de-janeiro\/","title":{"rendered":"Por que F\u00e1tima Bezerra \u00e9 a \u00fanica governadora a falar na cerim\u00f4nia do 8 de janeiro?"},"content":{"rendered":"<p style=\"text-align: justify;\">A incumb\u00eancia de representar os governadores brasileiros na cerim\u00f4nia que relembra os ataques de 8 de janeiro ser\u00e1 de F\u00e1tima Bezerra (PT), governadora do Rio Grande do Norte.<\/p>\n<div id=\"ads-banner-1\" style=\"text-align: justify;\">\n<div id=\"mid2\" data-google-query-id=\"CLbR_NjUzYMDFZiilQIdiJoF3g\"><\/div>\n<\/div>\n<p style=\"text-align: justify;\">Ela ser\u00e1 a \u00fanica de chefe de uma unidade federativa a discursar em raz\u00e3o da\u00a0<a href=\"https:\/\/www.cnnbrasil.com.br\/politica\/governadora-do-rn-vai-substituir-ibaneis-em-discurso-sobre-8-de-janeiro-e-defendera-pacificacao\/\" target=\"_blank\" rel=\"noopener\">aus\u00eancia do governador do Distrito Federal, Ibaneis Rocha (MDB)<\/a>, presidente do F\u00f3rum de Governadores.<\/p>\n<p style=\"text-align: justify;\">Ibaneis est\u00e1 em f\u00e9rias nos Estados Unidos at\u00e9 o dia 15 de janeiro e preferiu passar longe da data marcada pelos ataques criminosos \u00e0s sedes dos Tr\u00eas Poderes.<\/p>\n<p style=\"text-align: justify;\">Sem Rocha, a fala na cerim\u00f4nia desta segunda-feira (8) ser\u00e1 feita por Bezerra, sua suplente no f\u00f3rum.<\/p>\n<p style=\"text-align: justify;\">A governadora potiguar<span data-contrast=\"auto\">\u00a0ser\u00e1 a primeira autoridade a falar, antes mesmo do presidente Lula (PT) e dos presidentes da C\u00e2mara e do Senado, Arthur Lira (PP-AL) e Rodrigo Pacheco (PSD-MG).<\/span><span data-ccp-props=\"{&quot;134233117&quot;:false,&quot;134233118&quot;:false,&quot;201341983&quot;:1,&quot;335551550&quot;:0,&quot;335551620&quot;:0,&quot;335559738&quot;:0,&quot;335559739&quot;:60,&quot;335559740&quot;:240}\">\u00a0<\/span><\/p>\n<p style=\"text-align: justify;\"><span data-contrast=\"auto\">Al\u00e9m de F\u00e1tima Bezerra, os presidentes dos Tr\u00eas Poderes v\u00e3o discursar na cerim\u00f4nia.\u00a0<\/span><span data-contrast=\"none\">O presidente Lula deve ser o \u00faltimo a discursar.\u00a0<\/span><span data-ccp-props=\"{&quot;201341983&quot;:0,&quot;335559739&quot;:160,&quot;335559740&quot;:259}\">\u00a0<\/span><\/p>\n<p style=\"text-align: justify;\"><span data-contrast=\"none\">Os discursos est\u00e3o previstos para ter, no m\u00ednimo, cinco minutos de dura\u00e7\u00e3o durante a cerim\u00f4nia.\u00a0Veja abaixo a ordem dos pronunciamentos:<\/span><span data-ccp-props=\"{&quot;201341983&quot;:0,&quot;335559739&quot;:160,&quot;335559740&quot;:259}\">\u00a0<\/span><\/p>\n<h2 style=\"text-align: justify;\"><span data-contrast=\"none\">Ordem dos pronunciamentos<\/span><span data-ccp-props=\"{&quot;201341983&quot;:0,&quot;335559739&quot;:160,&quot;335559740&quot;:259}\">\u00a0<\/span><\/h2>\n<ul style=\"text-align: justify;\">\n<li data-leveltext=\"\uf0b7\" data-font=\"Symbol\" data-listid=\"1\" data-list-defn-props=\"{&quot;335552541&quot;:1,&quot;335559683&quot;:0,&quot;335559684&quot;:-2,&quot;335559685&quot;:720,&quot;335559991&quot;:360,&quot;469769226&quot;:&quot;Symbol&quot;,&quot;469769242&quot;:[8226],&quot;469777803&quot;:&quot;left&quot;,&quot;469777804&quot;:&quot;\uf0b7&quot;,&quot;469777815&quot;:&quot;hybridMultilevel&quot;}\" data-aria-posinset=\"1\" data-aria-level=\"1\"><span data-contrast=\"none\">Governadora do estado do Rio Grande do Norte, F\u00e1tima Bezerra<\/span><span data-ccp-props=\"{&quot;134233117&quot;:false,&quot;134233118&quot;:false,&quot;201341983&quot;:0,&quot;335551550&quot;:0,&quot;335551620&quot;:0,&quot;335559738&quot;:0,&quot;335559739&quot;:0,&quot;335559740&quot;:259}\">\u00a0<\/span><\/li>\n<li data-leveltext=\"\uf0b7\" data-font=\"Symbol\" data-listid=\"1\" data-list-defn-props=\"{&quot;335552541&quot;:1,&quot;335559683&quot;:0,&quot;335559684&quot;:-2,&quot;335559685&quot;:720,&quot;335559991&quot;:360,&quot;469769226&quot;:&quot;Symbol&quot;,&quot;469769242&quot;:[8226],&quot;469777803&quot;:&quot;left&quot;,&quot;469777804&quot;:&quot;\uf0b7&quot;,&quot;469777815&quot;:&quot;hybridMultilevel&quot;}\" data-aria-posinset=\"2\" data-aria-level=\"1\"><span data-contrast=\"none\">Presidente do Tribunal Superior Eleitoral, Alexandre de Moraes<\/span><span data-ccp-props=\"{&quot;134233117&quot;:false,&quot;134233118&quot;:false,&quot;201341983&quot;:0,&quot;335551550&quot;:0,&quot;335551620&quot;:0,&quot;335559738&quot;:0,&quot;335559739&quot;:0,&quot;335559740&quot;:259}\">\u00a0<\/span><\/li>\n<li data-leveltext=\"\uf0b7\" data-font=\"Symbol\" data-listid=\"1\" data-list-defn-props=\"{&quot;335552541&quot;:1,&quot;335559683&quot;:0,&quot;335559684&quot;:-2,&quot;335559685&quot;:720,&quot;335559991&quot;:360,&quot;469769226&quot;:&quot;Symbol&quot;,&quot;469769242&quot;:[8226],&quot;469777803&quot;:&quot;left&quot;,&quot;469777804&quot;:&quot;\uf0b7&quot;,&quot;469777815&quot;:&quot;hybridMultilevel&quot;}\" data-aria-posinset=\"3\" data-aria-level=\"1\"><span data-contrast=\"none\">Presidente do Supremo Tribunal Federal, Lu\u00eds Roberto Barroso<\/span><span data-ccp-props=\"{&quot;134233117&quot;:false,&quot;134233118&quot;:false,&quot;201341983&quot;:0,&quot;335551550&quot;:0,&quot;335551620&quot;:0,&quot;335559738&quot;:0,&quot;335559739&quot;:0,&quot;335559740&quot;:259}\">\u00a0<\/span><\/li>\n<li data-leveltext=\"\uf0b7\" data-font=\"Symbol\" data-listid=\"1\" data-list-defn-props=\"{&quot;335552541&quot;:1,&quot;335559683&quot;:0,&quot;335559684&quot;:-2,&quot;335559685&quot;:720,&quot;335559991&quot;:360,&quot;469769226&quot;:&quot;Symbol&quot;,&quot;469769242&quot;:[8226],&quot;469777803&quot;:&quot;left&quot;,&quot;469777804&quot;:&quot;\uf0b7&quot;,&quot;469777815&quot;:&quot;hybridMultilevel&quot;}\" data-aria-posinset=\"4\" data-aria-level=\"1\"><span data-contrast=\"none\">Presidente da C\u00e2mara, Arthur Lira<\/span><span data-ccp-props=\"{&quot;134233117&quot;:false,&quot;134233118&quot;:false,&quot;201341983&quot;:0,&quot;335551550&quot;:0,&quot;335551620&quot;:0,&quot;335559738&quot;:0,&quot;335559739&quot;:0,&quot;335559740&quot;:259}\">\u00a0<\/span><\/li>\n<li data-leveltext=\"\uf0b7\" data-font=\"Symbol\" data-listid=\"1\" data-list-defn-props=\"{&quot;335552541&quot;:1,&quot;335559683&quot;:0,&quot;335559684&quot;:-2,&quot;335559685&quot;:720,&quot;335559991&quot;:360,&quot;469769226&quot;:&quot;Symbol&quot;,&quot;469769242&quot;:[8226],&quot;469777803&quot;:&quot;left&quot;,&quot;469777804&quot;:&quot;\uf0b7&quot;,&quot;469777815&quot;:&quot;hybridMultilevel&quot;}\" data-aria-posinset=\"5\" data-aria-level=\"1\"><span data-contrast=\"none\">Presidente do Congresso Nacional, Rodrigo Pacheco<\/span><span data-ccp-props=\"{&quot;134233117&quot;:false,&quot;134233118&quot;:false,&quot;201341983&quot;:0,&quot;335551550&quot;:0,&quot;335551620&quot;:0,&quot;335559738&quot;:0,&quot;335559739&quot;:0,&quot;335559740&quot;:259}\">\u00a0<\/span><\/li>\n<li data-leveltext=\"\uf0b7\" data-font=\"Symbol\" data-listid=\"1\" data-list-defn-props=\"{&quot;335552541&quot;:1,&quot;335559683&quot;:0,&quot;335559684&quot;:-2,&quot;335559685&quot;:720,&quot;335559991&quot;:360,&quot;469769226&quot;:&quot;Symbol&quot;,&quot;469769242&quot;:[8226],&quot;469777803&quot;:&quot;left&quot;,&quot;469777804&quot;:&quot;\uf0b7&quot;,&quot;469777815&quot;:&quot;hybridMultilevel&quot;}\" data-aria-posinset=\"6\" data-aria-level=\"1\"><span data-contrast=\"none\">Presidente da Rep\u00fablica, Luiz In\u00e1cio Lula da Silva<\/span><span data-ccp-props=\"{&quot;134233117&quot;:false,&quot;134233118&quot;:false,&quot;201341983&quot;:0,&quot;335551550&quot;:0,&quot;335551620&quot;:0,&quot;335559738&quot;:0,&quot;335559739&quot;:0,&quot;335559740&quot;:259}\">\u00a0<\/span><\/li>\n<\/ul>\n<p style=\"text-align: justify;\">\n<p style=\"text-align: justify;\">\n<p style=\"text-align: justify;\">\n<p style=\"text-align: justify;\">cnnbrasil<\/p>\n","protected":false},"excerpt":{"rendered":"<p>A incumb\u00eancia de representar os governadores brasileiros na cerim\u00f4nia que relembra os ataques de 8 de janeiro ser\u00e1 de F\u00e1tima Bezerra (PT), governadora do Rio Grande do Norte. Ela ser\u00e1 a \u00fanica de chefe de uma unidade federativa a discursar em raz\u00e3o da\u00a0aus\u00eancia do governador do Distrito Federal, Ibaneis Rocha (MDB), presidente do F\u00f3rum de<\/p>\n","protected":false},"author":1,"featured_media":20069,"comment_status":"open","ping_status":"open","sticky":false,"template":"","format":"standard","meta":{"_eb_attr":"","footnotes":""},"categories":[7,3],"tags":[],"class_list":["post-20065","post","type-post","status-publish","format-standard","has-post-thumbnail","hentry","category-destaque","category-politica"],"_links":{"self":[{"href":"https:\/\/portalmidia.net\/index.php\/wp-json\/wp\/v2\/posts\/20065","targetHints":{"allow":["GET"]}}],"collection":[{"href":"https:\/\/portalmidia.net\/index.php\/wp-json\/wp\/v2\/posts"}],"about":[{"href":"https:\/\/portalmidia.net\/index.php\/wp-json\/wp\/v2\/types\/post"}],"author":[{"embeddable":true,"href":"https:\/\/portalmidia.net\/index.php\/wp-json\/wp\/v2\/users\/1"}],"replies":[{"embeddable":true,"href":"https:\/\/portalmidia.net\/index.php\/wp-json\/wp\/v2\/comments?post=20065"}],"version-history":[{"count":1,"href":"https:\/\/portalmidia.net\/index.php\/wp-json\/wp\/v2\/posts\/20065\/revisions"}],"predecessor-version":[{"id":20072,"href":"https:\/\/portalmidia.net\/index.php\/wp-json\/wp\/v2\/posts\/20065\/revisions\/20072"}],"wp:featuredmedia":[{"embeddable":true,"href":"https:\/\/portalmidia.net\/index.php\/wp-json\/wp\/v2\/media\/20069"}],"wp:attachment":[{"href":"https:\/\/portalmidia.net\/index.php\/wp-json\/wp\/v2\/media?parent=20065"}],"wp:term":[{"taxonomy":"category","embeddable":true,"href":"https:\/\/portalmidia.net\/index.php\/wp-json\/wp\/v2\/categories?post=20065"},{"taxonomy":"post_tag","embeddable":true,"href":"https:\/\/portalmidia.net\/index.php\/wp-json\/wp\/v2\/tags?post=20065"}],"curies":[{"name":"wp","href":"https:\/\/api.w.org\/{rel}","templated":true}]}}