 {"id":20125,"date":"2024-01-09T08:41:56","date_gmt":"2024-01-09T11:41:56","guid":{"rendered":"https:\/\/portalmidia.net\/?p=20125"},"modified":"2024-01-09T08:41:56","modified_gmt":"2024-01-09T11:41:56","slug":"desembargador-aposentado-ameaca-retirar-moraes-de-processos-do-8-1","status":"publish","type":"post","link":"https:\/\/portalmidia.net\/index.php\/2024\/01\/09\/desembargador-aposentado-ameaca-retirar-moraes-de-processos-do-8-1\/","title":{"rendered":"Desembargador aposentado amea\u00e7a \u201cretirar\u201d Moraes de processos do 8\/1"},"content":{"rendered":"<p style=\"text-align: justify;\">O desembargador aposentado do Tribunal de Justi\u00e7a do Distrito Federal e dos Territ\u00f3rios (<a href=\"https:\/\/www.tjdft.jus.br\/\" target=\"_blank\" rel=\"noopener\">TJDFT<\/a>) Sebasti\u00e3o Coelho voltou a criticar o ministro do Supremo Tribunal Federal (STF) Alexandre de Moraes. Em live neste \u00faltimo domingo (7\/1), ele disse que ter a \u201cexpectativa de que o senhor Alexandre de Moraes saia do processo\u201d que investiga os atos antidemocr\u00e1ticos, e amea\u00e7ou. \u201cSe n\u00e3o sair, ministro, n\u00f3s vamos lhe retirar.\u201d<\/p>\n<div class=\"m-banner-wrap m-banner-rectangle m-publicity-content-middle\" style=\"text-align: justify;\"><\/div>\n<p style=\"text-align: justify;\" data-gtm-vis-recent-on-screen104869357_94=\"540713\" data-gtm-vis-first-on-screen104869357_94=\"540713\" data-gtm-vis-total-visible-time104869357_94=\"100\" data-gtm-vis-has-fired104869357_94=\"1\">Na live, o desembargador aposentado criticava os procuradores do Minist\u00e9rio P\u00fablico. \u201cOs senhores diminu\u00edram a vossa institui\u00e7\u00e3o e agora est\u00e3o querendo diminuir mais ainda, for\u00e7ando pessoas a assinarem propostas, confiss\u00f5es de culpa, para se livrarem do processo\u201d, afirmou.<\/p>\n<p style=\"text-align: justify;\">Sebasti\u00e3o Coelho encerrou criticando Moraes. \u201cEu paro por aqui, mas com a expectativa de que o senhor Alexandre de Moraes saia do processo. Se n\u00e3o sair, ministro, n\u00f3s vamos lhe retirar. Entenda que n\u00f3s vamos lhe retirar, de uma forma\u2026 [interrompe fala]. O senhor vai sair desse processo, creia nisso.\u201d<\/p>\n<div class=\"m-banner-wrap m-banner-rectangle m-publicity-content-middle\" style=\"text-align: justify;\"><\/div>\n<p style=\"text-align: justify;\"><strong>Veja o v\u00eddeo:<\/strong><\/p>\n<div style=\"text-align: justify;\"><iframe title=\"Desembargador Aposentado Amea\u00e7a Moraes Sobre Inqu\u00e9ritos N\u00f3s Vamos Lhe Retirar\" src=\"https:\/\/cdn.jwplayer.com\/players\/C1yyoIhK-HdA8q6gX.html\" width=\"100%\" height=\"100%\" frameborder=\"0\" scrolling=\"auto\" allowfullscreen=\"allowfullscreen\" data-mce-fragment=\"1\"><\/iframe><\/div>\n<p style=\"text-align: justify;\">\n<div class=\"m-banner-video m-banner-wrap m-banner-rectangle m-publicity-content-middle\" style=\"text-align: justify;\">\n<p>O mesmo desembargador j\u00e1 chegou a afirmar, em outra ocasi\u00e3o, que \u201ca solu\u00e7\u00e3o ser\u00e1 prender Alexandre de Moraes\u201d por \u201ccometer crimes\u201d ao tomar decis\u00f5es no \u00e2mbito do Inqu\u00e9rito das Fake News e em rela\u00e7\u00e3o \u00e0s manifesta\u00e7\u00f5es contra a elei\u00e7\u00e3o de Luiz In\u00e1cio Lula da Silva (PT) para a Presid\u00eancia da Rep\u00fablica.<\/p>\n<p>O Conselho Nacional de Justi\u00e7a (CNJ) j\u00e1 abriu reclama\u00e7\u00e3o disciplinar contra o desembargador aposentado pela fala. Sebasti\u00e3o Coelho tamb\u00e9m \u00e9 respons\u00e1vel pela defesa de A\u00e9cio L\u00facio Costa Pereira, um dos r\u00e9us que julgado no STF pelos atos golpistas.<\/p>\n<\/div>\n<p style=\"text-align: justify;\">\n<p style=\"text-align: justify;\">\n<p style=\"text-align: justify;\">\n<p style=\"text-align: justify;\">metropoles<\/p>\n","protected":false},"excerpt":{"rendered":"<p>O desembargador aposentado do Tribunal de Justi\u00e7a do Distrito Federal e dos Territ\u00f3rios (TJDFT) Sebasti\u00e3o Coelho voltou a criticar o ministro do Supremo Tribunal Federal (STF) Alexandre de Moraes. Em live neste \u00faltimo domingo (7\/1), ele disse que ter a \u201cexpectativa de que o senhor Alexandre de Moraes saia do processo\u201d que investiga os atos<\/p>\n","protected":false},"author":1,"featured_media":20130,"comment_status":"open","ping_status":"open","sticky":false,"template":"","format":"standard","meta":{"_eb_attr":"","footnotes":""},"categories":[7,3],"tags":[],"class_list":["post-20125","post","type-post","status-publish","format-standard","has-post-thumbnail","hentry","category-destaque","category-politica"],"_links":{"self":[{"href":"https:\/\/portalmidia.net\/index.php\/wp-json\/wp\/v2\/posts\/20125","targetHints":{"allow":["GET"]}}],"collection":[{"href":"https:\/\/portalmidia.net\/index.php\/wp-json\/wp\/v2\/posts"}],"about":[{"href":"https:\/\/portalmidia.net\/index.php\/wp-json\/wp\/v2\/types\/post"}],"author":[{"embeddable":true,"href":"https:\/\/portalmidia.net\/index.php\/wp-json\/wp\/v2\/users\/1"}],"replies":[{"embeddable":true,"href":"https:\/\/portalmidia.net\/index.php\/wp-json\/wp\/v2\/comments?post=20125"}],"version-history":[{"count":1,"href":"https:\/\/portalmidia.net\/index.php\/wp-json\/wp\/v2\/posts\/20125\/revisions"}],"predecessor-version":[{"id":20133,"href":"https:\/\/portalmidia.net\/index.php\/wp-json\/wp\/v2\/posts\/20125\/revisions\/20133"}],"wp:featuredmedia":[{"embeddable":true,"href":"https:\/\/portalmidia.net\/index.php\/wp-json\/wp\/v2\/media\/20130"}],"wp:attachment":[{"href":"https:\/\/portalmidia.net\/index.php\/wp-json\/wp\/v2\/media?parent=20125"}],"wp:term":[{"taxonomy":"category","embeddable":true,"href":"https:\/\/portalmidia.net\/index.php\/wp-json\/wp\/v2\/categories?post=20125"},{"taxonomy":"post_tag","embeddable":true,"href":"https:\/\/portalmidia.net\/index.php\/wp-json\/wp\/v2\/tags?post=20125"}],"curies":[{"name":"wp","href":"https:\/\/api.w.org\/{rel}","templated":true}]}}