 {"id":20136,"date":"2024-01-09T08:45:23","date_gmt":"2024-01-09T11:45:23","guid":{"rendered":"https:\/\/portalmidia.net\/?p=20136"},"modified":"2024-01-09T08:45:23","modified_gmt":"2024-01-09T11:45:23","slug":"apos-levar-tiro-na-cabeca-mingau-tem-alta-depois-de-4-meses-internado","status":"publish","type":"post","link":"https:\/\/portalmidia.net\/index.php\/2024\/01\/09\/apos-levar-tiro-na-cabeca-mingau-tem-alta-depois-de-4-meses-internado\/","title":{"rendered":"Ap\u00f3s levar tiro na cabe\u00e7a, Mingau tem alta depois de 4 meses internado"},"content":{"rendered":"<p style=\"text-align: justify;\">Nesta segunda-feira (8\/1), Rinaldo Oliveira Amaral, conhecido como\u00a0<a href=\"https:\/\/www.metropoles.com\/colunas\/fabia-oliveira\/filha-de-mingau-se-emociona-com-beijo-do-pai-vou-chorar\" target=\"_blank\" rel=\"noopener\">Mingau<\/a>, teve alta m\u00e9dica ap\u00f3s 4 meses internado. O baixista do Ultraje a Rigor foi baleado na cabe\u00e7a em Paraty, Costa Verde do Rio de Janeiro, ap\u00f3s um assalto. Ele seguir\u00e1 em reabilita\u00e7\u00e3o motora e funcional.<\/p>\n<div class=\"m-banner-wrap m-banner-rectangle m-publicity-content-middle\" style=\"text-align: justify;\"><\/div>\n<p style=\"text-align: justify;\" data-gtm-vis-recent-on-screen104869357_94=\"111898\" data-gtm-vis-first-on-screen104869357_94=\"111898\" data-gtm-vis-total-visible-time104869357_94=\"100\" data-gtm-vis-has-fired104869357_94=\"1\">De acordo com o boletim m\u00e9dico, o m\u00fasico deixou a unidade sem seda\u00e7\u00e3o, respirando espontaneamente e com boa evolu\u00e7\u00e3o do quadro neurol\u00f3gico. \u201cO paciente recebeu toda a assist\u00eancia multiprofissional necess\u00e1ria e passou por tr\u00eas procedimentos cir\u00fargicos. Ap\u00f3s tratamento de um quadro infeccioso nos \u00faltimos dias, a equipe m\u00e9dica avaliou que havia condi\u00e7\u00f5es de alta com maior seguran\u00e7a\u201d, seguiu um trecho do comunicado.<\/p>\n<p style=\"text-align: justify;\">Por meio das redes sociais, a fam\u00edlia de Mingau agradeceu o apoio recebido pelos f\u00e3s e seguidores: \u201cEle agora entra em uma nova etapa de reabilita\u00e7\u00e3o. Conforme os resultados aparecerem, colocamos amigos e f\u00e3s a par\u201d.<\/p>\n<div class=\"m-banner-wrap m-banner-rectangle m-publicity-content-middle\" style=\"text-align: justify;\"><\/div>\n<p style=\"text-align: justify;\">Recentemente,\u00a0<a href=\"https:\/\/www.instagram.com\/isaaglio\/\" target=\"_blank\" rel=\"noopener\">Isabella Aglio<\/a>, filha do artista, compartilhou a rea\u00e7\u00e3o que teve ao receber um beijo do pai, internado h\u00e1 3 meses. O baixista do Ultraje a Rigor se recupera na Unidade de Tratamento Intensivo (UTI) de um hospital particular em S\u00e3o Paulo, ap\u00f3s ser baleado na cabe\u00e7a durante um assalto em Paraty, na Costa Verde do Rio de Janeiro. \u201cVou chorar\u201d, disse.<\/p>\n<p style=\"text-align: justify;\">\n<p style=\"text-align: justify;\">\n<p style=\"text-align: justify;\">\n<p style=\"text-align: justify;\">\n<p style=\"text-align: justify;\">\n<p style=\"text-align: justify;\">metropoles<\/p>\n","protected":false},"excerpt":{"rendered":"<p>Nesta segunda-feira (8\/1), Rinaldo Oliveira Amaral, conhecido como\u00a0Mingau, teve alta m\u00e9dica ap\u00f3s 4 meses internado. O baixista do Ultraje a Rigor foi baleado na cabe\u00e7a em Paraty, Costa Verde do Rio de Janeiro, ap\u00f3s um assalto. Ele seguir\u00e1 em reabilita\u00e7\u00e3o motora e funcional. De acordo com o boletim m\u00e9dico, o m\u00fasico deixou a unidade sem<\/p>\n","protected":false},"author":1,"featured_media":20140,"comment_status":"open","ping_status":"open","sticky":false,"template":"","format":"standard","meta":{"_eb_attr":"","footnotes":""},"categories":[7,11],"tags":[],"class_list":["post-20136","post","type-post","status-publish","format-standard","has-post-thumbnail","hentry","category-destaque","category-famosos"],"_links":{"self":[{"href":"https:\/\/portalmidia.net\/index.php\/wp-json\/wp\/v2\/posts\/20136","targetHints":{"allow":["GET"]}}],"collection":[{"href":"https:\/\/portalmidia.net\/index.php\/wp-json\/wp\/v2\/posts"}],"about":[{"href":"https:\/\/portalmidia.net\/index.php\/wp-json\/wp\/v2\/types\/post"}],"author":[{"embeddable":true,"href":"https:\/\/portalmidia.net\/index.php\/wp-json\/wp\/v2\/users\/1"}],"replies":[{"embeddable":true,"href":"https:\/\/portalmidia.net\/index.php\/wp-json\/wp\/v2\/comments?post=20136"}],"version-history":[{"count":1,"href":"https:\/\/portalmidia.net\/index.php\/wp-json\/wp\/v2\/posts\/20136\/revisions"}],"predecessor-version":[{"id":20142,"href":"https:\/\/portalmidia.net\/index.php\/wp-json\/wp\/v2\/posts\/20136\/revisions\/20142"}],"wp:featuredmedia":[{"embeddable":true,"href":"https:\/\/portalmidia.net\/index.php\/wp-json\/wp\/v2\/media\/20140"}],"wp:attachment":[{"href":"https:\/\/portalmidia.net\/index.php\/wp-json\/wp\/v2\/media?parent=20136"}],"wp:term":[{"taxonomy":"category","embeddable":true,"href":"https:\/\/portalmidia.net\/index.php\/wp-json\/wp\/v2\/categories?post=20136"},{"taxonomy":"post_tag","embeddable":true,"href":"https:\/\/portalmidia.net\/index.php\/wp-json\/wp\/v2\/tags?post=20136"}],"curies":[{"name":"wp","href":"https:\/\/api.w.org\/{rel}","templated":true}]}}