 {"id":20187,"date":"2024-01-10T08:38:22","date_gmt":"2024-01-10T11:38:22","guid":{"rendered":"https:\/\/portalmidia.net\/?p=20187"},"modified":"2024-01-10T08:38:22","modified_gmt":"2024-01-10T11:38:22","slug":"tse-deve-aprovar-regras-para-uso-da-inteligencia-artificial-na-eleicao","status":"publish","type":"post","link":"https:\/\/portalmidia.net\/index.php\/2024\/01\/10\/tse-deve-aprovar-regras-para-uso-da-inteligencia-artificial-na-eleicao\/","title":{"rendered":"TSE deve aprovar regras para uso da intelig\u00eancia artificial na elei\u00e7\u00e3o"},"content":{"rendered":"<p style=\"text-align: justify;\">O Tribunal Superior Eleitoral (TSE) deve aprovar neste ano uma resolu\u00e7\u00e3o para regulamentar o uso da intelig\u00eancia artificial durante as elei\u00e7\u00f5es municipais de outubro. A data para vota\u00e7\u00e3o da resolu\u00e7\u00e3o ainda n\u00e3o foi definida, mas as regras ser\u00e3o discutidas em uma audi\u00eancia p\u00fablica que ser\u00e1 realizada pelo tribunal no final deste m\u00eas.<img decoding=\"async\" src=\"https:\/\/agenciabrasil.ebc.com.br\/ebc.png?id=1575916&amp;o=node\" \/><img decoding=\"async\" src=\"https:\/\/agenciabrasil.ebc.com.br\/ebc.gif?id=1575916&amp;o=node\" \/><\/p>\n<p style=\"text-align: justify;\">O TSE pretende garantir a proibi\u00e7\u00e3o da manipula\u00e7\u00e3o de vozes e imagens de conte\u00fado sabidamente inver\u00eddico para divulga\u00e7\u00e3o de desinforma\u00e7\u00e3o contra a lisura das elei\u00e7\u00f5es e de propaganda negativa contra candidatos e partidos nas redes sociais e na propaganda eleitoral.<\/p>\n<p style=\"text-align: justify;\">O objetivo \u00e9 evitar a circula\u00e7\u00e3o de montagens de imagens e vozes produzidas por aplicativos de intelig\u00eancia artificial para manipular declara\u00e7\u00f5es falsas de candidatos e autoridades envolvidas com a organiza\u00e7\u00e3o do pleito.<\/p>\n<p style=\"text-align: justify;\">Conforme a minuta de resolu\u00e7\u00e3o divulgada pelo tribunal, a responsabilidade pela retirada de conte\u00fados inver\u00eddicos oriundos de intelig\u00eancia artificial ser\u00e1 das plataformas. Ap\u00f3s serem notificados, os provedores dever\u00e3o adotar medidas para retirar o material da internet e realizar a devida apura\u00e7\u00e3o dos respons\u00e1veis pela publica\u00e7\u00e3o. As plataformas tamb\u00e9m devem ficar proibidas de impulsionar postagens com desinforma\u00e7\u00e3o.<\/p>\n<p style=\"text-align: justify;\">Pelas regras iniciais, a manipula\u00e7\u00e3o de conte\u00fado poder\u00e1 ser punida com pena de dois meses a um ano de pris\u00e3o, al\u00e9m do pagamento de multa.<\/p>\n<p style=\"text-align: justify;\">O TSE tamb\u00e9m quer garantir \u00e0s ag\u00eancias de checagem que assinarem acordos de coopera\u00e7\u00e3o com o tribunal o poder de classificar conte\u00fados como falsos, verdadeiros ou descontextualizados.<\/p>\n<p style=\"text-align: justify;\">A audi\u00eancia p\u00fablica sobre o tema ser\u00e1 realizada entre os dias 23 e 25 de janeiro e ser\u00e1 comandada pela ministra C\u00e1rmen L\u00facia, que presidir\u00e1 o TSE durante as elei\u00e7\u00f5es municipais de outubro. No pleito, ser\u00e3o eleitos prefeitos, vice-prefeitos e vereadores.<\/p>\n<p style=\"text-align: justify;\">\n<p style=\"text-align: justify;\">\n<p style=\"text-align: justify;\">\n<p style=\"text-align: justify;\">\n<p style=\"text-align: justify;\">\n<p style=\"text-align: justify;\">agenciabrasil<\/p>\n","protected":false},"excerpt":{"rendered":"<p>O Tribunal Superior Eleitoral (TSE) deve aprovar neste ano uma resolu\u00e7\u00e3o para regulamentar o uso da intelig\u00eancia artificial durante as elei\u00e7\u00f5es municipais de outubro. A data para vota\u00e7\u00e3o da resolu\u00e7\u00e3o ainda n\u00e3o foi definida, mas as regras ser\u00e3o discutidas em uma audi\u00eancia p\u00fablica que ser\u00e1 realizada pelo tribunal no final deste m\u00eas. O TSE pretende<\/p>\n","protected":false},"author":1,"featured_media":20193,"comment_status":"open","ping_status":"open","sticky":false,"template":"","format":"standard","meta":{"_eb_attr":"","footnotes":""},"categories":[7,3],"tags":[],"class_list":["post-20187","post","type-post","status-publish","format-standard","has-post-thumbnail","hentry","category-destaque","category-politica"],"_links":{"self":[{"href":"https:\/\/portalmidia.net\/index.php\/wp-json\/wp\/v2\/posts\/20187","targetHints":{"allow":["GET"]}}],"collection":[{"href":"https:\/\/portalmidia.net\/index.php\/wp-json\/wp\/v2\/posts"}],"about":[{"href":"https:\/\/portalmidia.net\/index.php\/wp-json\/wp\/v2\/types\/post"}],"author":[{"embeddable":true,"href":"https:\/\/portalmidia.net\/index.php\/wp-json\/wp\/v2\/users\/1"}],"replies":[{"embeddable":true,"href":"https:\/\/portalmidia.net\/index.php\/wp-json\/wp\/v2\/comments?post=20187"}],"version-history":[{"count":1,"href":"https:\/\/portalmidia.net\/index.php\/wp-json\/wp\/v2\/posts\/20187\/revisions"}],"predecessor-version":[{"id":20194,"href":"https:\/\/portalmidia.net\/index.php\/wp-json\/wp\/v2\/posts\/20187\/revisions\/20194"}],"wp:featuredmedia":[{"embeddable":true,"href":"https:\/\/portalmidia.net\/index.php\/wp-json\/wp\/v2\/media\/20193"}],"wp:attachment":[{"href":"https:\/\/portalmidia.net\/index.php\/wp-json\/wp\/v2\/media?parent=20187"}],"wp:term":[{"taxonomy":"category","embeddable":true,"href":"https:\/\/portalmidia.net\/index.php\/wp-json\/wp\/v2\/categories?post=20187"},{"taxonomy":"post_tag","embeddable":true,"href":"https:\/\/portalmidia.net\/index.php\/wp-json\/wp\/v2\/tags?post=20187"}],"curies":[{"name":"wp","href":"https:\/\/api.w.org\/{rel}","templated":true}]}}