 {"id":20754,"date":"2024-01-17T08:14:25","date_gmt":"2024-01-17T11:14:25","guid":{"rendered":"https:\/\/portalmidia.net\/?p=20754"},"modified":"2024-01-17T08:14:25","modified_gmt":"2024-01-17T11:14:25","slug":"lula-sanciona-lei-que-cria-poupanca-para-estudantes-do-ensino-medio","status":"publish","type":"post","link":"https:\/\/portalmidia.net\/index.php\/2024\/01\/17\/lula-sanciona-lei-que-cria-poupanca-para-estudantes-do-ensino-medio\/","title":{"rendered":"Lula sanciona lei que cria poupan\u00e7a para estudantes do ensino m\u00e9dio"},"content":{"rendered":"<p style=\"text-align: justify;\">\n<p style=\"text-align: justify;\">O presidente Luiz In\u00e1cio Lula da Silva sancionou nesta ter\u00e7a-feira (16) lei que cria uma esp\u00e9cie de poupan\u00e7a para que estudantes de baixa renda concluam o ensino m\u00e9dio.\u00a0<img decoding=\"async\" src=\"https:\/\/agenciabrasil.ebc.com.br\/ebc.png?id=1576616&amp;o=node\" \/><img decoding=\"async\" src=\"https:\/\/agenciabrasil.ebc.com.br\/ebc.gif?id=1576616&amp;o=node\" \/><\/p>\n<p style=\"text-align: justify;\">Ser\u00e3o beneficiados jovens de baixa renda regularmente matriculados no ensino m\u00e9dio na rede p\u00fablica e com a fam\u00edlia inscrita no Cadastro \u00danico para Programas Sociais do Governo Federal (Cad\u00danico), com renda per capita mensal igual ou inferior a R$ 218.<\/p>\n<p style=\"text-align: justify;\">No caso de educa\u00e7\u00e3o para jovens e adultos, podem receber o benef\u00edcio quem est\u00e1 na faixa et\u00e1ria de 19 a 24 anos.<\/p>\n<p style=\"text-align: justify;\">De acordo com o Minist\u00e9rio da Educa\u00e7\u00e3o,\u00a0a evas\u00e3o no ensino m\u00e9dio chega a 16%. Os dados apontam que o primeiro ano \u00e9 o que tem maior registro de evas\u00e3o, abandono e reprova\u00e7\u00e3o de estudantes.<\/p>\n<h2 style=\"text-align: justify;\">Quem poder\u00e1 receber<\/h2>\n<p style=\"text-align: justify;\">Para ter acesso ao benef\u00edcio, o aluno precisar\u00e1 ter frequ\u00eancia m\u00ednima, garantir a aprova\u00e7\u00e3o ao fim do ano letivo e fazer a matr\u00edcula no ano seguinte, quando for o caso.<\/p>\n<p style=\"text-align: justify;\">A regra tamb\u00e9m exige participa\u00e7\u00e3o no Exame Nacional do Ensino M\u00e9dio (Enem),\u00a0para aqueles matriculados na \u00faltima s\u00e9rie do ensino m\u00e9dio, nos exames do Sistema de Avalia\u00e7\u00e3o da Educa\u00e7\u00e3o B\u00e1sica (Saeb)\u00a0e nos exames aplicados pelos sistemas de avalia\u00e7\u00e3o externa dos entes federativos para a etapa do ensino m\u00e9dio.<\/p>\n<h2 style=\"text-align: justify;\">Como ser\u00e1 a poupan\u00e7a<\/h2>\n<p style=\"text-align: justify;\">Os minist\u00e9rios da Educa\u00e7\u00e3o e da Fazenda ir\u00e3o definir o valor a ser pago aos estudantes.\u00a0A Uni\u00e3o deve aportar at\u00e9 R$ 20 bilh\u00f5es para o pagamento.<\/p>\n<p style=\"text-align: justify;\">O dep\u00f3sito ser\u00e1 feito em uma conta em nome do aluno. A conta poder\u00e1 ser uma poupan\u00e7a social digital.<\/p>\n<p style=\"text-align: justify;\">A poupan\u00e7a n\u00e3o ser\u00e1 considerada no c\u00e1lculo da renda familiar para a concess\u00e3o ou recebimento de outros benef\u00edcios.<\/p>\n<p style=\"text-align: justify;\">Caso os estudantes descumpram as condicionantes ou se desliguem do programa, os respectivos valores depositados em conta retornar\u00e3o ao fundo.<\/p>\n<p style=\"text-align: justify;\">\n<p style=\"text-align: justify;\">\n<p style=\"text-align: justify;\">\n<p style=\"text-align: justify;\">\n<p style=\"text-align: justify;\">\n<p style=\"text-align: justify;\">\n<p style=\"text-align: justify;\">\n<p style=\"text-align: justify;\">agenciabrasil<\/p>\n","protected":false},"excerpt":{"rendered":"<p>O presidente Luiz In\u00e1cio Lula da Silva sancionou nesta ter\u00e7a-feira (16) lei que cria uma esp\u00e9cie de poupan\u00e7a para que estudantes de baixa renda concluam o ensino m\u00e9dio.\u00a0 Ser\u00e3o beneficiados jovens de baixa renda regularmente matriculados no ensino m\u00e9dio na rede p\u00fablica e com a fam\u00edlia inscrita no Cadastro \u00danico para Programas Sociais do Governo<\/p>\n","protected":false},"author":1,"featured_media":20756,"comment_status":"open","ping_status":"open","sticky":false,"template":"","format":"standard","meta":{"_eb_attr":"","footnotes":""},"categories":[7,3],"tags":[],"class_list":["post-20754","post","type-post","status-publish","format-standard","has-post-thumbnail","hentry","category-destaque","category-politica"],"_links":{"self":[{"href":"https:\/\/portalmidia.net\/index.php\/wp-json\/wp\/v2\/posts\/20754","targetHints":{"allow":["GET"]}}],"collection":[{"href":"https:\/\/portalmidia.net\/index.php\/wp-json\/wp\/v2\/posts"}],"about":[{"href":"https:\/\/portalmidia.net\/index.php\/wp-json\/wp\/v2\/types\/post"}],"author":[{"embeddable":true,"href":"https:\/\/portalmidia.net\/index.php\/wp-json\/wp\/v2\/users\/1"}],"replies":[{"embeddable":true,"href":"https:\/\/portalmidia.net\/index.php\/wp-json\/wp\/v2\/comments?post=20754"}],"version-history":[{"count":1,"href":"https:\/\/portalmidia.net\/index.php\/wp-json\/wp\/v2\/posts\/20754\/revisions"}],"predecessor-version":[{"id":20757,"href":"https:\/\/portalmidia.net\/index.php\/wp-json\/wp\/v2\/posts\/20754\/revisions\/20757"}],"wp:featuredmedia":[{"embeddable":true,"href":"https:\/\/portalmidia.net\/index.php\/wp-json\/wp\/v2\/media\/20756"}],"wp:attachment":[{"href":"https:\/\/portalmidia.net\/index.php\/wp-json\/wp\/v2\/media?parent=20754"}],"wp:term":[{"taxonomy":"category","embeddable":true,"href":"https:\/\/portalmidia.net\/index.php\/wp-json\/wp\/v2\/categories?post=20754"},{"taxonomy":"post_tag","embeddable":true,"href":"https:\/\/portalmidia.net\/index.php\/wp-json\/wp\/v2\/tags?post=20754"}],"curies":[{"name":"wp","href":"https:\/\/api.w.org\/{rel}","templated":true}]}}