 {"id":21421,"date":"2024-01-26T08:50:57","date_gmt":"2024-01-26T11:50:57","guid":{"rendered":"https:\/\/portalmidia.net\/?p=21421"},"modified":"2024-01-26T08:50:57","modified_gmt":"2024-01-26T11:50:57","slug":"tiros-na-augusta-carro-era-alugado-e-motorista-alegou-temer-sequestro","status":"publish","type":"post","link":"https:\/\/portalmidia.net\/index.php\/2024\/01\/26\/tiros-na-augusta-carro-era-alugado-e-motorista-alegou-temer-sequestro\/","title":{"rendered":"Tiros na Augusta: carro era alugado e motorista alegou temer sequestro"},"content":{"rendered":"<p style=\"text-align: justify;\">\n<p style=\"text-align: justify;\">Preso em flagrante ap\u00f3s atropelar tr\u00eas pessoas e causar uma confus\u00e3o na Rua Augusta, na\u00a0<a href=\"https:\/\/www.metropoles.com\/sao-paulo\">capital paulista<\/a>, o motorista\u00a0<a href=\"https:\/\/www.metropoles.com\/sao-paulo\/rua-augusta-tem-momento-de-tensao-durante-abordagem-da-pm-a-carro\">Roberto Carlos Ferr\u00e9s<\/a>, de 53 anos, alegou que vinha sofrendo persegui\u00e7\u00e3o h\u00e1 uma semana e decidiu alugar um carro blindado por temer ser v\u00edtima de sequestro.<\/p>\n<div class=\"m-banner-wrap m-banner-rectangle m-publicity-content-middle\" style=\"text-align: justify;\"><\/div>\n<p style=\"text-align: justify;\" data-gtm-vis-recent-on-screen104869357_94=\"297707\" data-gtm-vis-first-on-screen104869357_94=\"297707\" data-gtm-vis-total-visible-time104869357_94=\"100\" data-gtm-vis-has-fired104869357_94=\"1\">A vers\u00e3o do suspeito consta no boletim de ocorr\u00eancia, registrado no 4\u00ba Distrito Policial (<a href=\"https:\/\/www.policiacivil.sp.gov.br\/portal\/faces\/pages_home?_afrLoop=111108471048016&amp;_afrWindowMode=0&amp;_afrWindowId=null\" target=\"_blank\" rel=\"noopener\">Consola\u00e7\u00e3o<\/a>). Ele responde por crimes de\u00a0resist\u00eancia e tentativa de homic\u00eddio\u00a0contra dois motociclistas e um policial militar na tarde de quarta-feira (24\/1).<\/p>\n<p style=\"text-align: justify;\">Roberto compareceu \u00e0 delegacia na companhia de um advogado. Aos investigadores, ele afirmou que, ao sair do seu pr\u00e9dio no dia 19 de janeiro, percebeu que estava sendo seguido por outros tr\u00eas carros com pel\u00edculas escuras \u2013 um Jeep Renegade verde, outro ve\u00edculo vermelho e um terceiro, do qual n\u00e3o se lembrava de nenhuma caracter\u00edstica.<\/p>\n<p style=\"text-align: justify;\">Na ocasi\u00e3o, diz ter dirigido at\u00e9 a Marginal Tiet\u00ea e viu que ainda estava sendo perseguido, \u201cnotadamente porque quando mudava de faixa, os ve\u00edculos o acompanhavam\u201d. Segundo afirma, um dos ve\u00edculo ainda teria emparelhado, mas ele conseguiu fugir e circulou por cerca de uma hora pela cidade para despist\u00e1-los.<\/p>\n<p style=\"text-align: justify;\">\u201cAo retornar para sua resid\u00eancia, conversou com seus familiares e decidiu alugar um ve\u00edculo blindado, recebendo a ajuda de seu filho e de sua irm\u00e3\u201d, declara. O carro escolhido foi o Audi Q5, o mesmo que ele usou para atropelar as v\u00edtimas uma semana depois.<\/p>\n<h4 style=\"text-align: justify;\">Atropelamento<\/h4>\n<p style=\"text-align: justify;\">No depoimento, Roberto afirma que, na v\u00e9spera de ser preso em flagrante, \u201cnotou diversos carros\u201d, todos com pel\u00edcula escura, parados em uma pra\u00e7a na frente do seu pr\u00e9dio.<\/p>\n<p style=\"text-align: justify;\">\u201cPassou a madrugada toda observando os ve\u00edculos, os quais possu\u00edam indiv\u00edduos no seu interior e a todo momento ligavam, certamente para renovar o ar em seu interior\u201d, diz. Um dos ve\u00edculos tinha \u201chigh light\u201d semelhante aos de viaturas, de acordo com o depoimento.<\/p>\n<p style=\"text-align: justify;\">Na quarta-feira, ele saiu de casa pouco depois do meio-dia e \u201clogo ao deixar o pr\u00e9dio pela sa\u00edda de baixo percebeu que estava sendo perseguido novamente\u201d.<\/p>\n<div class=\"m-banner-wrap m-banner-rectangle m-publicity-content-middle\" style=\"text-align: justify;\"><\/div>\n<p style=\"text-align: justify;\">Na Avenida Paes de Barros, um motoqueiro teria emparelhado, mostrado uma arma de fogo e ordenado que abaixasse o vidro. \u201cA partir da\u00ed, saiu em desabalada fuga, sendo constantemente perseguido por motoqueiros, os quais conseguiu atropelar\u201d.<\/p>\n<blockquote><p>\u201cSomente viu policiais militares no cruzamento com a Rua Augusta e a Rua Dona Antonia de Queiroz, quando seu ve\u00edculo parou. Questionado, n\u00e3o se recorda de ter atropelado nenhum policial militar e acrescenta que somente agiu assim pois tinha certeza de que estava sendo perseguido com a finalidade de sequestro.\u201d<\/p><\/blockquote>\n<h4 style=\"text-align: justify;\">V\u00edtimas<\/h4>\n<p style=\"text-align: justify;\">A vers\u00e3o do motorista \u00e9 confrontada pelo relato de dez pessoas, incluindo as v\u00edtimas, os PMs e testemunhas. Os dois motociclistas afirmaram que estavam parados atr\u00e1s de Roberto, em um farol da Rua Bar\u00e3o de Iguape, uma via \u00edngreme do bairro da Liberdade, tamb\u00e9m no centro, quando o motorista deixou o carro descer e derrubou um deles.<\/p>\n<div class=\"m-banner-teads\" style=\"text-align: justify;\"><\/div>\n<p style=\"text-align: justify;\">Roberto teria fugido em seguida e as v\u00edtimas foram atr\u00e1s. Em outro farol mais \u00e0 frente, ao ser questionado, o suspeito teria arrancado em alta velocidade e atropelado os dois mais uma vez.<\/p>\n<p style=\"text-align: justify;\">Acionada, a\u00a0<a href=\"https:\/\/www.policiamilitar.sp.gov.br\/\" target=\"_blank\" rel=\"noopener\">PM<\/a>\u00a0conseguiu localiz\u00e1-lo em um acesso da Rua Augusta. Um dos policiais deu ordem de parada, mas o suspeito a desrespeitou e voltou a acelerar.<\/p>\n<p style=\"text-align: justify;\">\u201c[<em>O motorista<\/em>] dolosamente arrancou com o ve\u00edculo em sua dire\u00e7\u00e3o, primeiro atingido a porta da viatura e na sequ\u00eancia seu pr\u00f3prio corpo, lan\u00e7ando para o alto. Somente n\u00e3o se feriu com maior gravidade em raz\u00e3o de ter saltado e, ao colidir com o para-choque do ve\u00edculo, acabou sendo lan\u00e7ado \u00e0 frente\u201d.<\/p>\n<div class=\"m-banner-wrap m-banner-rectangle m-publicity-content-middle\" style=\"text-align: justify;\"><\/div>\n<h4 style=\"text-align: justify;\">Pris\u00e3o<\/h4>\n<p style=\"text-align: justify;\">Os policiais atiraram nos pneus do carro. Segundo o registro policial, Roberto s\u00f3 teria parado de dirigir na Rua Augusta porque estava com \u201cpneus furados e as duas rodas dianteiras retorcidas\u201d.<\/p>\n<p style=\"text-align: justify;\">No depoimento, ele afirmou n\u00e3o fazer uso de nenhum medicamento. O suspeito tamb\u00e9m fez teste de baf\u00f4metro, mas o resultado deu negativo.<\/p>\n<blockquote><p>\u201cN\u00e3o se vislumbrou nenhum ato de risco causado pelos motociclistas que justificasse a agressividade da sua conduta. Sequer houve tentativa de agress\u00e3o f\u00edsica ou mesmo dano ao seu ve\u00edculo\u201d, escreveu o delegado Guilherme Sabino Correa.<\/p><\/blockquote>\n<p style=\"text-align: justify;\">\n<p style=\"text-align: justify;\">\n<p style=\"text-align: justify;\">\u201cRoberto estava em seu ve\u00edculo blindado e tinha tr\u00eas aparelhos celulares consigo, correspondendo a um cen\u00e1rio totalmente a seu favor, nada impedindo que solicitasse ajuda \u00e0s autoridades de seguran\u00e7a p\u00fablica caso realmente estivesse se sentindo amea\u00e7ado\u201d.<\/p>\n<p style=\"text-align: justify;\">\n<p style=\"text-align: justify;\">metropoles<\/p>\n","protected":false},"excerpt":{"rendered":"<p>Preso em flagrante ap\u00f3s atropelar tr\u00eas pessoas e causar uma confus\u00e3o na Rua Augusta, na\u00a0capital paulista, o motorista\u00a0Roberto Carlos Ferr\u00e9s, de 53 anos, alegou que vinha sofrendo persegui\u00e7\u00e3o h\u00e1 uma semana e decidiu alugar um carro blindado por temer ser v\u00edtima de sequestro. A vers\u00e3o do suspeito consta no boletim de ocorr\u00eancia, registrado no 4\u00ba<\/p>\n","protected":false},"author":1,"featured_media":21427,"comment_status":"open","ping_status":"open","sticky":false,"template":"","format":"standard","meta":{"_eb_attr":"","footnotes":""},"categories":[7,2],"tags":[],"class_list":["post-21421","post","type-post","status-publish","format-standard","has-post-thumbnail","hentry","category-destaque","category-policial"],"_links":{"self":[{"href":"https:\/\/portalmidia.net\/index.php\/wp-json\/wp\/v2\/posts\/21421","targetHints":{"allow":["GET"]}}],"collection":[{"href":"https:\/\/portalmidia.net\/index.php\/wp-json\/wp\/v2\/posts"}],"about":[{"href":"https:\/\/portalmidia.net\/index.php\/wp-json\/wp\/v2\/types\/post"}],"author":[{"embeddable":true,"href":"https:\/\/portalmidia.net\/index.php\/wp-json\/wp\/v2\/users\/1"}],"replies":[{"embeddable":true,"href":"https:\/\/portalmidia.net\/index.php\/wp-json\/wp\/v2\/comments?post=21421"}],"version-history":[{"count":1,"href":"https:\/\/portalmidia.net\/index.php\/wp-json\/wp\/v2\/posts\/21421\/revisions"}],"predecessor-version":[{"id":21428,"href":"https:\/\/portalmidia.net\/index.php\/wp-json\/wp\/v2\/posts\/21421\/revisions\/21428"}],"wp:featuredmedia":[{"embeddable":true,"href":"https:\/\/portalmidia.net\/index.php\/wp-json\/wp\/v2\/media\/21427"}],"wp:attachment":[{"href":"https:\/\/portalmidia.net\/index.php\/wp-json\/wp\/v2\/media?parent=21421"}],"wp:term":[{"taxonomy":"category","embeddable":true,"href":"https:\/\/portalmidia.net\/index.php\/wp-json\/wp\/v2\/categories?post=21421"},{"taxonomy":"post_tag","embeddable":true,"href":"https:\/\/portalmidia.net\/index.php\/wp-json\/wp\/v2\/tags?post=21421"}],"curies":[{"name":"wp","href":"https:\/\/api.w.org\/{rel}","templated":true}]}}