 {"id":21425,"date":"2024-01-26T08:51:40","date_gmt":"2024-01-26T11:51:40","guid":{"rendered":"https:\/\/portalmidia.net\/?p=21425"},"modified":"2024-01-26T08:51:40","modified_gmt":"2024-01-26T11:51:40","slug":"homem-e-preso-na-pb-suspeito-de-se-passar-por-medico-do-ceara-para-aplicar-golpes","status":"publish","type":"post","link":"https:\/\/portalmidia.net\/index.php\/2024\/01\/26\/homem-e-preso-na-pb-suspeito-de-se-passar-por-medico-do-ceara-para-aplicar-golpes\/","title":{"rendered":"Homem \u00e9 preso na PB suspeito de se passar por m\u00e9dico do Cear\u00e1 para aplicar golpes"},"content":{"rendered":"<div id=\"chunk-fagkm\">\n<div class=\"mc-column content-text active-extra-styles \" data-block-type=\"unstyled\" data-block-weight=\"53\" data-block-id=\"2\">\n<p class=\" content-text__container \" style=\"text-align: justify;\" data-track-category=\"Link no Texto\" data-track-links=\"\">Um homem de 43 anos foi preso na Para\u00edba, nesta quinta-feira (25), suspeito de se passar por um m\u00e9dico do estado do Cear\u00e1 para aplicar golpes. Ele foi preso em flagrante pela Delegacia de Defrauda\u00e7\u00f5es e Falsifica\u00e7\u00f5es (DDF) de\u00a0<a class=\"\" href=\"https:\/\/g1.globo.com\/pb\/paraiba\/cidade\/joao-pessoa\/\">Jo\u00e3o Pessoa<\/a>, no momento em que recebia uma refei\u00e7\u00e3o, solicitada com o nome falso.<\/p>\n<\/div>\n<\/div>\n<div class=\"wall protected-content\" style=\"text-align: justify;\">\n<div id=\"chunk-75gc4\">\n<div class=\"mc-column content-text active-extra-styles \" data-block-type=\"unstyled\" data-block-weight=\"48\" data-block-id=\"4\">\n<p class=\" content-text__container \" data-track-category=\"Link no Texto\" data-track-links=\"\">Segundo a Pol\u00edcia Civil, h\u00e1 alguns dias, o suspeito estaria se apresentando com documentos falsos para fazer transa\u00e7\u00f5es comerciais e compras online. As investiga\u00e7\u00f5es apontaram que o suspeito, que tinha forma\u00e7\u00e3o em an\u00e1lises de sistema, montou um escrit\u00f3rio em Jo\u00e3o Pessoa, utilizando cart\u00f5es de cr\u00e9dito de diversas v\u00edtimas.<\/p>\n<\/div>\n<\/div>\n<div id=\"chunk-cj6q\">\n<div class=\"content-ads content-ads--reveal\" data-block-type=\"ads\" data-block-id=\"5\">\n<div id=\"banner_materia2\" class=\"tag-manager-publicidade-container mc-has-reveal mc-has-ad-lazyload\" data-id=\"banner_materia2\">\n<div id=\"google_ads_iframe_\/95377733\/tvg_G1\/Sua_Regiao&gt;Nordeste&gt;Paraiba_3__container__\" style=\"box-sizing: inherit; margin: auto; padding: 0px; border: 0pt none; font: inherit; vertical-align: baseline; text-align: center; width: 970px; height: 0px;\"><\/div>\n<\/div>\n<\/div>\n<\/div>\n<div id=\"chunk-fi824\">\n<div class=\"mc-column content-text active-extra-styles \" data-block-type=\"unstyled\" data-block-weight=\"53\" data-block-id=\"6\">\n<p class=\" content-text__container \" data-track-category=\"Link no Texto\" data-track-links=\"\">O homem foi preso e autuado por falsidade ideol\u00f3gica e estelionato, est\u00e1 na Central de Pol\u00edcia de Jo\u00e3o Pessoa e deve passar por audi\u00eancia de cust\u00f3dia na sexta (26). A Pol\u00edcia Civil est\u00e1 levantando informa\u00e7\u00f5es sobre o suspeito para entrar em contato com outras pessoas que eventualmente tenham sido prejudicadas pelo suspeito.<\/p>\n<\/div>\n<\/div>\n<div id=\"chunk-c2tro\">\n<div class=\"mc-column content-text active-extra-styles \" data-block-type=\"unstyled\" data-block-weight=\"27\" data-block-id=\"7\">\n<p class=\" content-text__container \" data-track-category=\"Link no Texto\" data-track-links=\"\">A Pol\u00edcia Civil ainda informou que o m\u00e9dico prejudicado pelo criminoso foi ouvido em uma delegacia no estado do Cear\u00e1, e deve representar criminalmente contra o suspeito.<\/p>\n<\/div>\n<\/div>\n<\/div>\n<p style=\"text-align: justify;\" data-track-category=\"Link no Texto\" data-track-links=\"\">\n<p style=\"text-align: justify;\" data-track-category=\"Link no Texto\" data-track-links=\"\">\n<p style=\"text-align: justify;\" data-track-category=\"Link no Texto\" data-track-links=\"\">\n<p style=\"text-align: justify;\" data-track-category=\"Link no Texto\" data-track-links=\"\">\n<p style=\"text-align: justify;\" data-track-category=\"Link no Texto\" data-track-links=\"\">G1<\/p>\n","protected":false},"excerpt":{"rendered":"<p>Um homem de 43 anos foi preso na Para\u00edba, nesta quinta-feira (25), suspeito de se passar por um m\u00e9dico do estado do Cear\u00e1 para aplicar golpes. Ele foi preso em flagrante pela Delegacia de Defrauda\u00e7\u00f5es e Falsifica\u00e7\u00f5es (DDF) de\u00a0Jo\u00e3o Pessoa, no momento em que recebia uma refei\u00e7\u00e3o, solicitada com o nome falso. Segundo a Pol\u00edcia<\/p>\n","protected":false},"author":1,"featured_media":21429,"comment_status":"open","ping_status":"open","sticky":false,"template":"","format":"standard","meta":{"_eb_attr":"","footnotes":""},"categories":[7,2],"tags":[],"class_list":["post-21425","post","type-post","status-publish","format-standard","has-post-thumbnail","hentry","category-destaque","category-policial"],"_links":{"self":[{"href":"https:\/\/portalmidia.net\/index.php\/wp-json\/wp\/v2\/posts\/21425","targetHints":{"allow":["GET"]}}],"collection":[{"href":"https:\/\/portalmidia.net\/index.php\/wp-json\/wp\/v2\/posts"}],"about":[{"href":"https:\/\/portalmidia.net\/index.php\/wp-json\/wp\/v2\/types\/post"}],"author":[{"embeddable":true,"href":"https:\/\/portalmidia.net\/index.php\/wp-json\/wp\/v2\/users\/1"}],"replies":[{"embeddable":true,"href":"https:\/\/portalmidia.net\/index.php\/wp-json\/wp\/v2\/comments?post=21425"}],"version-history":[{"count":1,"href":"https:\/\/portalmidia.net\/index.php\/wp-json\/wp\/v2\/posts\/21425\/revisions"}],"predecessor-version":[{"id":21432,"href":"https:\/\/portalmidia.net\/index.php\/wp-json\/wp\/v2\/posts\/21425\/revisions\/21432"}],"wp:featuredmedia":[{"embeddable":true,"href":"https:\/\/portalmidia.net\/index.php\/wp-json\/wp\/v2\/media\/21429"}],"wp:attachment":[{"href":"https:\/\/portalmidia.net\/index.php\/wp-json\/wp\/v2\/media?parent=21425"}],"wp:term":[{"taxonomy":"category","embeddable":true,"href":"https:\/\/portalmidia.net\/index.php\/wp-json\/wp\/v2\/categories?post=21425"},{"taxonomy":"post_tag","embeddable":true,"href":"https:\/\/portalmidia.net\/index.php\/wp-json\/wp\/v2\/tags?post=21425"}],"curies":[{"name":"wp","href":"https:\/\/api.w.org\/{rel}","templated":true}]}}