 {"id":21955,"date":"2024-02-02T08:26:19","date_gmt":"2024-02-02T11:26:19","guid":{"rendered":"https:\/\/portalmidia.net\/?p=21955"},"modified":"2024-02-02T08:26:19","modified_gmt":"2024-02-02T11:26:19","slug":"deputado-federal-raniery-solicita-unidade-da-cavalaria-da-pmpb-e-centro-de-equoterapia-para-guarabira","status":"publish","type":"post","link":"https:\/\/portalmidia.net\/index.php\/2024\/02\/02\/deputado-federal-raniery-solicita-unidade-da-cavalaria-da-pmpb-e-centro-de-equoterapia-para-guarabira\/","title":{"rendered":"Deputado Federal Raniery solicita Unidade da Cavalaria da PMPB e Centro de Equoterapia para Guarabira"},"content":{"rendered":"<p style=\"text-align: justify;\">Hoje (01), o Deputado Federal Raniery Paulino esteve em reuni\u00e3o com o Comandante-geral da PMPB Cel. S\u00e9rgio Fonseca e o Subcomandante Cel. Ronildo. Na oportunidade, foi entregue Of\u00edcio solicitando a instala\u00e7\u00e3o de uma Unidade da Cavalaria da PMPB e um Centro de Equoterapia para o 4\u00ba Batalh\u00e3o, sediado em Guarabira.<\/p>\n<p style=\"text-align: justify;\">A justificativa explicitada no documento apresentado por Raniery afirma que o policiamento montado \u00e9 extremamente eficaz para dar suporte \u00e0s atividades de ordem p\u00fablica, no apoio a eventos com grandes concentra\u00e7\u00f5es de pessoas e atuando em a\u00e7\u00f5es de controle.<\/p>\n<p style=\"text-align: justify;\">Outra pauta solicitada no Of\u00edcio foi a cria\u00e7\u00e3o de um Centro de Equoterapia para Guarabira e regi\u00e3o, j\u00e1 que atividades envolvendo cavalos s\u00e3o muito ben\u00e9ficas para o desenvolvimento biopsicossocial de pessoas com autismo e outras defici\u00eancias, tratando-se de um eficiente recurso terap\u00eautico.<\/p>\n<p style=\"text-align: justify;\">Em suas redes sociais o parlamentar escreveu: \u201cSabemos da import\u00e2ncia dessas demandas para nossa regi\u00e3o e, me coloco \u00e0 disposi\u00e7\u00e3o para um di\u00e1logo mais aberto sobre os temas\u201d.<\/p>\n<p style=\"text-align: justify;\">\n<p style=\"text-align: justify;\">\n<p style=\"text-align: justify;\">\n<p style=\"text-align: justify;\">\n<p style=\"text-align: justify;\">diariodenoticiaspb<\/p>\n","protected":false},"excerpt":{"rendered":"<p>Hoje (01), o Deputado Federal Raniery Paulino esteve em reuni\u00e3o com o Comandante-geral da PMPB Cel. S\u00e9rgio Fonseca e o Subcomandante Cel. Ronildo. Na oportunidade, foi entregue Of\u00edcio solicitando a instala\u00e7\u00e3o de uma Unidade da Cavalaria da PMPB e um Centro de Equoterapia para o 4\u00ba Batalh\u00e3o, sediado em Guarabira. A justificativa explicitada no documento<\/p>\n","protected":false},"author":1,"featured_media":21957,"comment_status":"open","ping_status":"open","sticky":false,"template":"","format":"standard","meta":{"_eb_attr":"","footnotes":""},"categories":[7,3],"tags":[],"class_list":["post-21955","post","type-post","status-publish","format-standard","has-post-thumbnail","hentry","category-destaque","category-politica"],"_links":{"self":[{"href":"https:\/\/portalmidia.net\/index.php\/wp-json\/wp\/v2\/posts\/21955","targetHints":{"allow":["GET"]}}],"collection":[{"href":"https:\/\/portalmidia.net\/index.php\/wp-json\/wp\/v2\/posts"}],"about":[{"href":"https:\/\/portalmidia.net\/index.php\/wp-json\/wp\/v2\/types\/post"}],"author":[{"embeddable":true,"href":"https:\/\/portalmidia.net\/index.php\/wp-json\/wp\/v2\/users\/1"}],"replies":[{"embeddable":true,"href":"https:\/\/portalmidia.net\/index.php\/wp-json\/wp\/v2\/comments?post=21955"}],"version-history":[{"count":1,"href":"https:\/\/portalmidia.net\/index.php\/wp-json\/wp\/v2\/posts\/21955\/revisions"}],"predecessor-version":[{"id":21958,"href":"https:\/\/portalmidia.net\/index.php\/wp-json\/wp\/v2\/posts\/21955\/revisions\/21958"}],"wp:featuredmedia":[{"embeddable":true,"href":"https:\/\/portalmidia.net\/index.php\/wp-json\/wp\/v2\/media\/21957"}],"wp:attachment":[{"href":"https:\/\/portalmidia.net\/index.php\/wp-json\/wp\/v2\/media?parent=21955"}],"wp:term":[{"taxonomy":"category","embeddable":true,"href":"https:\/\/portalmidia.net\/index.php\/wp-json\/wp\/v2\/categories?post=21955"},{"taxonomy":"post_tag","embeddable":true,"href":"https:\/\/portalmidia.net\/index.php\/wp-json\/wp\/v2\/tags?post=21955"}],"curies":[{"name":"wp","href":"https:\/\/api.w.org\/{rel}","templated":true}]}}