 {"id":21972,"date":"2024-02-02T08:31:07","date_gmt":"2024-02-02T11:31:07","guid":{"rendered":"https:\/\/portalmidia.net\/?p=21972"},"modified":"2024-02-02T08:31:07","modified_gmt":"2024-02-02T11:31:07","slug":"mp-investiga-possivel-estelionato-de-grupo-ligado-a-empresa-123milhas","status":"publish","type":"post","link":"https:\/\/portalmidia.net\/index.php\/2024\/02\/02\/mp-investiga-possivel-estelionato-de-grupo-ligado-a-empresa-123milhas\/","title":{"rendered":"MP investiga poss\u00edvel estelionato de grupo ligado \u00e0 empresa 123milhas"},"content":{"rendered":"<p style=\"text-align: justify;\">O Minist\u00e9rio P\u00fablico de Minas Gerais e a Pol\u00edcia Civil cumpriram 17 mandados de busca e apreens\u00e3o nesta quinta-feira (1\u00ba) contra grupo econ\u00f4mico do qual a empresa 123milhas faz parte.<img decoding=\"async\" src=\"https:\/\/agenciabrasil.ebc.com.br\/ebc.png?id=1579097&amp;o=node\" \/><img decoding=\"async\" src=\"https:\/\/agenciabrasil.ebc.com.br\/ebc.gif?id=1579097&amp;o=node\" \/><\/p>\n<p style=\"text-align: justify;\">A Opera\u00e7\u00e3o Mapa de Milhas ocorreu em endere\u00e7os de pessoas f\u00edsicas e jur\u00eddicas de Belo Horizonte e apreendeu documentos, m\u00eddias, computadores e\u00a0<em>notebooks<\/em>\u00a0que ser\u00e3o analisados por investigadores.<\/p>\n<p style=\"text-align: justify;\">Os promotores trabalham com a hip\u00f3tese de associa\u00e7\u00e3o criminosa para a pr\u00e1tica de estelionato, que teria causado preju\u00edzo milion\u00e1rio a milhares de pessoas em todo o pa\u00eds.\u00a0 A investiga\u00e7\u00e3o tamb\u00e9m vai verificar a pr\u00e1tica de lavagem de dinheiro, que teria ocorrido por meio de diferentes estrat\u00e9gias financeiras e corporativas e possibilitado que o grupo ocultasse valores e bens.<\/p>\n<p style=\"text-align: justify;\">\u201cN\u00f3s verificamos movimenta\u00e7\u00f5es imobili\u00e1rias em nome de terceiros, n\u00e3o formalmente ligados ao grupo, mas que t\u00eam algum v\u00ednculo com pessoas do grupo 123milhas. Tamb\u00e9m identificamos movimenta\u00e7\u00f5es financeiras &#8211; com valores suspeitos &#8211; para destinat\u00e1rios que n\u00e3o possuem perfil para movimentar aquela quantia em dinheiro. Isso aconteceu em momentos muito pr\u00f3ximos do pedido de recupera\u00e7\u00e3o judicial e tamb\u00e9m da declara\u00e7\u00e3o de suspens\u00e3o do programa promo123\u201d, disse o promotor de Justi\u00e7a Rodrigo Storino.<\/p>\n<h2 style=\"text-align: justify;\">Tutela coletiva<\/h2>\n<p style=\"text-align: justify;\">Participaram da opera\u00e7\u00e3o oito promotores de Justi\u00e7a, cinco delegados de Pol\u00edcia Civil, 53 investigadores, um policial militar e cinco servidores do Minist\u00e9rio P\u00fablico.<\/p>\n<p style=\"text-align: justify;\">A investiga\u00e7\u00e3o \u00e9 liderada pela 14\u00aa Promotoria de Justi\u00e7a de Defesa do Consumidor da Capital, e recebe apoio do Grupo de Atua\u00e7\u00e3o Especial de Combate ao Crime Organizado (Gaeco Central) e do Centro de Apoio Operacional de Defesa da Ordem Econ\u00f4mica e Tribut\u00e1ria (Caoet).<\/p>\n<p style=\"text-align: justify;\">O Minist\u00e9rio P\u00fablico de Minas Gerais tamb\u00e9m ajuizou a\u00e7\u00f5es civis p\u00fablicas para a tutela coletiva dos consumidores lesados, sendo deferidos pedidos de bloqueio judicial de bens e valores das empresas e s\u00f3cios que integram o grupo econ\u00f4mico.<\/p>\n<p style=\"text-align: justify;\">Em agosto do ano passado, a 123milhas suspendeu a emiss\u00e3o de passagens para embarque previsto entre setembro e dezembro deste ano. O cancelamento foi aplicado aos bilhetes da Linha Promo, op\u00e7\u00e3o em que os clientes compravam passagens com datas flex\u00edveis.<\/p>\n<p style=\"text-align: justify;\">Em depoimento \u00e0 CPI das Pir\u00e2mides Financeiras na C\u00e2mara dos Deputados, em setembro, o s\u00f3cio da 123milhas, Ramiro Madureira, disse que o modelo de neg\u00f3cio equivocado determinou a fal\u00eancia da empresa. Segundo ele, a empresa acreditava que os custos iriam reduzir a partir da recupera\u00e7\u00e3o do mercado de viagens ap\u00f3s a pandemia, o que n\u00e3o ocorreu. O modelo dependia de novas compras no site, o que foi menor que o esperado.<\/p>\n<h2 style=\"text-align: justify;\">Manifesta\u00e7\u00e3o da empresa<\/h2>\n<p style=\"text-align: justify;\">A empresa 123milhas emitiu um comunicado hoje: &#8220;O Grupo 123milhas sempre se colocou \u00e0 disposi\u00e7\u00e3o das autoridades e forneceu documentos sobre suas opera\u00e7\u00f5es. A empresa disponibilizou toda a sua documenta\u00e7\u00e3o banc\u00e1ria, fiscal e cont\u00e1bil, assim como a de seus s\u00f3cios, \u00e0 Comiss\u00e3o Parlamentar de Inqu\u00e9rito das Pir\u00e2mides Financeiras e \u00e0 ju\u00edza respons\u00e1vel pela recupera\u00e7\u00e3o judicial do grupo. Os gestores da 123milhas est\u00e3o, no momento, dedicados ao processo de recupera\u00e7\u00e3o judicial para quitar todos os d\u00e9bitos com os credores. O Grupo 123milhas reafirma seus preceitos de responsabilidade e transpar\u00eancia com clientes, credores e autoridades e aguarda mais informa\u00e7\u00f5es do Minist\u00e9rio P\u00fablico para prestar os esclarecimentos necess\u00e1rios&#8221;.<\/p>\n<p style=\"text-align: justify;\">\n<p style=\"text-align: justify;\">\n<p style=\"text-align: justify;\">\n<p style=\"text-align: justify;\">\n<p style=\"text-align: justify;\">\n<p style=\"text-align: justify;\">\n<p style=\"text-align: justify;\">\n<p style=\"text-align: justify;\">agenciabrasil<\/p>\n","protected":false},"excerpt":{"rendered":"<p>O Minist\u00e9rio P\u00fablico de Minas Gerais e a Pol\u00edcia Civil cumpriram 17 mandados de busca e apreens\u00e3o nesta quinta-feira (1\u00ba) contra grupo econ\u00f4mico do qual a empresa 123milhas faz parte. A Opera\u00e7\u00e3o Mapa de Milhas ocorreu em endere\u00e7os de pessoas f\u00edsicas e jur\u00eddicas de Belo Horizonte e apreendeu documentos, m\u00eddias, computadores e\u00a0notebooks\u00a0que ser\u00e3o analisados por<\/p>\n","protected":false},"author":1,"featured_media":21975,"comment_status":"open","ping_status":"open","sticky":false,"template":"","format":"standard","meta":{"_eb_attr":"","footnotes":""},"categories":[7,2],"tags":[],"class_list":["post-21972","post","type-post","status-publish","format-standard","has-post-thumbnail","hentry","category-destaque","category-policial"],"_links":{"self":[{"href":"https:\/\/portalmidia.net\/index.php\/wp-json\/wp\/v2\/posts\/21972","targetHints":{"allow":["GET"]}}],"collection":[{"href":"https:\/\/portalmidia.net\/index.php\/wp-json\/wp\/v2\/posts"}],"about":[{"href":"https:\/\/portalmidia.net\/index.php\/wp-json\/wp\/v2\/types\/post"}],"author":[{"embeddable":true,"href":"https:\/\/portalmidia.net\/index.php\/wp-json\/wp\/v2\/users\/1"}],"replies":[{"embeddable":true,"href":"https:\/\/portalmidia.net\/index.php\/wp-json\/wp\/v2\/comments?post=21972"}],"version-history":[{"count":1,"href":"https:\/\/portalmidia.net\/index.php\/wp-json\/wp\/v2\/posts\/21972\/revisions"}],"predecessor-version":[{"id":21978,"href":"https:\/\/portalmidia.net\/index.php\/wp-json\/wp\/v2\/posts\/21972\/revisions\/21978"}],"wp:featuredmedia":[{"embeddable":true,"href":"https:\/\/portalmidia.net\/index.php\/wp-json\/wp\/v2\/media\/21975"}],"wp:attachment":[{"href":"https:\/\/portalmidia.net\/index.php\/wp-json\/wp\/v2\/media?parent=21972"}],"wp:term":[{"taxonomy":"category","embeddable":true,"href":"https:\/\/portalmidia.net\/index.php\/wp-json\/wp\/v2\/categories?post=21972"},{"taxonomy":"post_tag","embeddable":true,"href":"https:\/\/portalmidia.net\/index.php\/wp-json\/wp\/v2\/tags?post=21972"}],"curies":[{"name":"wp","href":"https:\/\/api.w.org\/{rel}","templated":true}]}}