 {"id":22010,"date":"2024-02-02T08:44:22","date_gmt":"2024-02-02T11:44:22","guid":{"rendered":"https:\/\/portalmidia.net\/?p=22010"},"modified":"2024-02-02T08:44:22","modified_gmt":"2024-02-02T11:44:22","slug":"apos-9-anos-marta-suplicy-retorna-ao-pt-com-ficha-assinada-por-lula","status":"publish","type":"post","link":"https:\/\/portalmidia.net\/index.php\/2024\/02\/02\/apos-9-anos-marta-suplicy-retorna-ao-pt-com-ficha-assinada-por-lula\/","title":{"rendered":"Ap\u00f3s 9 anos, Marta Suplicy retorna ao PT com ficha assinada por Lula"},"content":{"rendered":"<p style=\"text-align: justify;\">A ex-prefeita e ex-senadora\u00a0<a href=\"https:\/\/www.metropoles.com\/tag\/marta-suplicy\" target=\"_blank\" rel=\"noopener\">Marta Suplicy<\/a>\u00a0retorna ao PT nesta sexta-feira (2\/2) nove anos ap\u00f3s ter deixado o partido. Como um gesto simb\u00f3lico, o presidente\u00a0Luiz In\u00e1cio Lula da Silva\u00a0assinar\u00e1 a ficha de filia\u00e7\u00e3o\u00a0em evento no bairro da Liberdade, na regi\u00e3o central da capital paulista.<\/p>\n<div class=\"m-banner-wrap m-banner-rectangle m-publicity-content-middle\" style=\"text-align: justify;\"><\/div>\n<p style=\"text-align: justify;\" data-gtm-vis-recent-on-screen104869357_94=\"288239\" data-gtm-vis-first-on-screen104869357_94=\"288239\" data-gtm-vis-total-visible-time104869357_94=\"100\" data-gtm-vis-has-fired104869357_94=\"1\">\u201cTerei a honra de o presidente Lula abonar a minha ficha de refilia\u00e7\u00e3o ao PT, na pr\u00f3xima sexta-feira, dia 2, em S\u00e3o Paulo\u201d, escreveu Marta no\u00a0Instagram.<\/p>\n<p style=\"text-align: justify;\">Foi Lula\u00a0quem fez o convite para que Marta retornasse ao PT, ainda no fim de 2023, para ser a vice na chapa do deputado federal\u00a0Guilherme Boulos\u00a0(PSol) na disputa \u00e0\u00a0Prefeitura de S\u00e3o Paulo.<\/p>\n<div class=\"m-banner-wrap m-banner-rectangle m-publicity-content-middle\" style=\"text-align: justify;\"><\/div>\n<p style=\"text-align: justify;\">Na ocasi\u00e3o, a ex-prefeita n\u00e3o estava filiada a nenhum partido e atuava como secret\u00e1ria de Rela\u00e7\u00f5es Internacionais da gest\u00e3o\u00a0Ricardo Nunes\u00a0(MDB), principal advers\u00e1rio de Boulos na elei\u00e7\u00e3o deste ano. Ela tamb\u00e9m integrava o conselho pol\u00edtico do prefeito, com quem mantinha amizade.<\/p>\n<p style=\"text-align: justify;\">Aliados de Marta alegaram que ela n\u00e3o estava contente com o fato de Nunes buscar o apoio do ex-presidente\u00a0Jair Bolsonaro\u00a0(PL) para sua campanha.<\/p>\n<h4 style=\"text-align: justify;\">Marta Suplicy ter\u00e1 conversas com bancadas do PT<\/h4>\n<p style=\"text-align: justify;\">Marta deixou o PT em 2015, ap\u00f3s 30 anos filiada, em meio a investiga\u00e7\u00f5es da\u00a0<a href=\"https:\/\/www.metropoles.com\/tag\/lava-jato\" target=\"_blank\" rel=\"noopener\">Opera\u00e7\u00e3o Lava Jato<\/a>\u00a0que afundaram o partido em uma crise por causa das den\u00fancias de corrup\u00e7\u00e3o na Petrobras. Ela fez diversas cr\u00edticas p\u00fablicas \u00e0 sigla e votou a favor do impeachment da ex-presidente\u00a0<a href=\"https:\/\/www.metropoles.com\/tag\/dilma-rousseff\" target=\"_blank\" rel=\"noopener\">Dilma Rousseff<\/a>.<\/p>\n<p style=\"text-align: justify;\">Marta se reaproximou do PT e de Lula durante o governo Bolsonaro e apoiou a candidatura do petista em 2022 contra o ex-presidente.<\/p>\n<div class=\"m-banner-wrap m-banner-rectangle m-publicity-content-middle\" style=\"text-align: justify;\"><\/div>\n<p style=\"text-align: justify;\">O retorno da ex-prefeita encontrou resist\u00eancia em algumas alas do partido, conhecidas internamente como \u201ctend\u00eancias\u201d. No entanto, a filia\u00e7\u00e3o de Marta foi\u00a0aprovada pela executiva municipal da sigla em S\u00e3o Paulo\u00a0com 12 votos a favor, um contra e uma absten\u00e7\u00e3o.<\/p>\n<p style=\"text-align: justify;\">\n<p style=\"text-align: justify;\">\n<p style=\"text-align: justify;\">\n<p style=\"text-align: justify;\">\n<p style=\"text-align: justify;\">metropoles<\/p>\n","protected":false},"excerpt":{"rendered":"<p>A ex-prefeita e ex-senadora\u00a0Marta Suplicy\u00a0retorna ao PT nesta sexta-feira (2\/2) nove anos ap\u00f3s ter deixado o partido. Como um gesto simb\u00f3lico, o presidente\u00a0Luiz In\u00e1cio Lula da Silva\u00a0assinar\u00e1 a ficha de filia\u00e7\u00e3o\u00a0em evento no bairro da Liberdade, na regi\u00e3o central da capital paulista. \u201cTerei a honra de o presidente Lula abonar a minha ficha de refilia\u00e7\u00e3o<\/p>\n","protected":false},"author":1,"featured_media":22013,"comment_status":"open","ping_status":"open","sticky":false,"template":"","format":"standard","meta":{"_eb_attr":"","footnotes":""},"categories":[7,3],"tags":[],"class_list":["post-22010","post","type-post","status-publish","format-standard","has-post-thumbnail","hentry","category-destaque","category-politica"],"_links":{"self":[{"href":"https:\/\/portalmidia.net\/index.php\/wp-json\/wp\/v2\/posts\/22010","targetHints":{"allow":["GET"]}}],"collection":[{"href":"https:\/\/portalmidia.net\/index.php\/wp-json\/wp\/v2\/posts"}],"about":[{"href":"https:\/\/portalmidia.net\/index.php\/wp-json\/wp\/v2\/types\/post"}],"author":[{"embeddable":true,"href":"https:\/\/portalmidia.net\/index.php\/wp-json\/wp\/v2\/users\/1"}],"replies":[{"embeddable":true,"href":"https:\/\/portalmidia.net\/index.php\/wp-json\/wp\/v2\/comments?post=22010"}],"version-history":[{"count":1,"href":"https:\/\/portalmidia.net\/index.php\/wp-json\/wp\/v2\/posts\/22010\/revisions"}],"predecessor-version":[{"id":22016,"href":"https:\/\/portalmidia.net\/index.php\/wp-json\/wp\/v2\/posts\/22010\/revisions\/22016"}],"wp:featuredmedia":[{"embeddable":true,"href":"https:\/\/portalmidia.net\/index.php\/wp-json\/wp\/v2\/media\/22013"}],"wp:attachment":[{"href":"https:\/\/portalmidia.net\/index.php\/wp-json\/wp\/v2\/media?parent=22010"}],"wp:term":[{"taxonomy":"category","embeddable":true,"href":"https:\/\/portalmidia.net\/index.php\/wp-json\/wp\/v2\/categories?post=22010"},{"taxonomy":"post_tag","embeddable":true,"href":"https:\/\/portalmidia.net\/index.php\/wp-json\/wp\/v2\/tags?post=22010"}],"curies":[{"name":"wp","href":"https:\/\/api.w.org\/{rel}","templated":true}]}}