 {"id":22014,"date":"2024-02-02T08:45:15","date_gmt":"2024-02-02T11:45:15","guid":{"rendered":"https:\/\/portalmidia.net\/?p=22014"},"modified":"2024-02-02T08:45:15","modified_gmt":"2024-02-02T11:45:15","slug":"condenada-por-injuria-racial-vai-pagar-um-salario-minimo-e-prestar-servicos-comunitarios-na-pb","status":"publish","type":"post","link":"https:\/\/portalmidia.net\/index.php\/2024\/02\/02\/condenada-por-injuria-racial-vai-pagar-um-salario-minimo-e-prestar-servicos-comunitarios-na-pb\/","title":{"rendered":"Condenada por inj\u00faria racial vai pagar um sal\u00e1rio m\u00ednimo e prestar servi\u00e7os comunit\u00e1rios, na PB"},"content":{"rendered":"<div id=\"chunk-9p46r\">\n<div class=\"mc-column content-text active-extra-styles \" data-block-type=\"unstyled\" data-block-weight=\"58\" data-block-id=\"2\">\n<p class=\" content-text__container \" style=\"text-align: justify;\" data-track-category=\"Link no Texto\" data-track-links=\"\">Uma mulher foi condenada no Tribunal de Justi\u00e7a da Para\u00edba (TJPB) por inj\u00faria racial em Igaracy, no Sert\u00e3o da Para\u00edba, e teve a pena de um ano de reclus\u00e3o revertida em multa de um sal\u00e1rio m\u00ednimo para a v\u00edtima e presta\u00e7\u00e3o de servi\u00e7os. A decis\u00e3o \u00e9 do juiz Pedro Davi Alves de Vasconcelos, da Comarca de Pianc\u00f3.<\/p>\n<\/div>\n<\/div>\n<div class=\"wall protected-content\" style=\"text-align: justify;\">\n<div id=\"chunk-4j5i9\">\n<div class=\"mc-column content-text active-extra-styles \" data-block-type=\"unstyled\" data-block-weight=\"64\" data-block-id=\"4\">\n<p class=\" content-text__container \" data-track-category=\"Link no Texto\" data-track-links=\"\">De acordo com o processo, o caso ocorreu no dia 17 de mar\u00e7o de 2018, quando a acusada, por meio de uma mensagem em rede social, ofendeu a v\u00edtima utilizando a express\u00e3o \u201cnega safada\u201d. Ainda na decis\u00e3o, a acusada utilizava um perfil nas redes sociais com nome e foto de seus filhos, que na \u00e9poca tinham menos de tr\u00eas anos de idade.<\/p>\n<\/div>\n<\/div>\n<div id=\"chunk-4u7l5\">\n<div class=\"content-ads content-ads--reveal\" data-block-type=\"ads\" data-block-id=\"5\">\n<div id=\"banner_materia2\" class=\"tag-manager-publicidade-container mc-has-reveal mc-has-ad-lazyload\" data-id=\"banner_materia2\">\n<div id=\"google_ads_iframe_\/95377733\/tvg_G1\/Sua_Regiao&gt;Nordeste&gt;Paraiba_3__container__\" style=\"box-sizing: inherit; margin: auto; padding: 0px; border: 0pt none; font: inherit; vertical-align: baseline; text-align: center; width: 970px; height: 0px;\"><\/div>\n<\/div>\n<\/div>\n<\/div>\n<div id=\"chunk-am0av\">\n<div class=\"mc-column content-text active-extra-styles \" data-block-type=\"unstyled\" data-block-weight=\"54\" data-block-id=\"6\">\n<p class=\" content-text__container \" data-track-category=\"Link no Texto\" data-track-links=\"\">O texto segue relatando as investiga\u00e7\u00f5es e diz que a v\u00edtima alegou n\u00e3o ter sido a autora da mensagem, por\u00e9m, conforme den\u00fancia do Minist\u00e9rio P\u00fablico da Para\u00edba (MPPB), os filhos dela n\u00e3o tinham idade cr\u00edvel para serem autores do coment\u00e1rio e a acusada n\u00e3o conseguiu comprovar que outra pessoa teria usado sua conta.<\/p>\n<\/div>\n<\/div>\n<div id=\"chunk-1t4b5\">\n<div class=\"mc-column content-text active-extra-styles \" data-block-type=\"unstyled\" data-block-weight=\"64\" data-block-id=\"7\">\n<p class=\" content-text__container \" data-track-category=\"Link no Texto\" data-track-links=\"\">O juiz condenou a r\u00e9 pelo crime de inj\u00faria, fixando pena definitiva em um ano de reclus\u00e3o e quatro meses e 13 dias multa. A pena, no entanto, foi convertida em pagamento de multa no valor de 1 sal\u00e1rio m\u00ednimo para a v\u00edtima, bem como a presta\u00e7\u00e3o de servi\u00e7os \u00e0 comunidade ou a entidades p\u00fablicas com a mesma dura\u00e7\u00e3o que a reclus\u00e3o teria.<\/p>\n<\/div>\n<\/div>\n<\/div>\n<p style=\"text-align: justify;\" data-track-category=\"Link no Texto\" data-track-links=\"\">\n<p style=\"text-align: justify;\" data-track-category=\"Link no Texto\" data-track-links=\"\">\n<p style=\"text-align: justify;\" data-track-category=\"Link no Texto\" data-track-links=\"\">\n<p style=\"text-align: justify;\" data-track-category=\"Link no Texto\" data-track-links=\"\">\n<p style=\"text-align: justify;\" data-track-category=\"Link no Texto\" data-track-links=\"\">\n<p style=\"text-align: justify;\" data-track-category=\"Link no Texto\" data-track-links=\"\">G1<\/p>\n","protected":false},"excerpt":{"rendered":"<p>Uma mulher foi condenada no Tribunal de Justi\u00e7a da Para\u00edba (TJPB) por inj\u00faria racial em Igaracy, no Sert\u00e3o da Para\u00edba, e teve a pena de um ano de reclus\u00e3o revertida em multa de um sal\u00e1rio m\u00ednimo para a v\u00edtima e presta\u00e7\u00e3o de servi\u00e7os. A decis\u00e3o \u00e9 do juiz Pedro Davi Alves de Vasconcelos, da Comarca<\/p>\n","protected":false},"author":1,"featured_media":22017,"comment_status":"open","ping_status":"open","sticky":false,"template":"","format":"standard","meta":{"_eb_attr":"","footnotes":""},"categories":[7,2],"tags":[],"class_list":["post-22014","post","type-post","status-publish","format-standard","has-post-thumbnail","hentry","category-destaque","category-policial"],"_links":{"self":[{"href":"https:\/\/portalmidia.net\/index.php\/wp-json\/wp\/v2\/posts\/22014","targetHints":{"allow":["GET"]}}],"collection":[{"href":"https:\/\/portalmidia.net\/index.php\/wp-json\/wp\/v2\/posts"}],"about":[{"href":"https:\/\/portalmidia.net\/index.php\/wp-json\/wp\/v2\/types\/post"}],"author":[{"embeddable":true,"href":"https:\/\/portalmidia.net\/index.php\/wp-json\/wp\/v2\/users\/1"}],"replies":[{"embeddable":true,"href":"https:\/\/portalmidia.net\/index.php\/wp-json\/wp\/v2\/comments?post=22014"}],"version-history":[{"count":1,"href":"https:\/\/portalmidia.net\/index.php\/wp-json\/wp\/v2\/posts\/22014\/revisions"}],"predecessor-version":[{"id":22020,"href":"https:\/\/portalmidia.net\/index.php\/wp-json\/wp\/v2\/posts\/22014\/revisions\/22020"}],"wp:featuredmedia":[{"embeddable":true,"href":"https:\/\/portalmidia.net\/index.php\/wp-json\/wp\/v2\/media\/22017"}],"wp:attachment":[{"href":"https:\/\/portalmidia.net\/index.php\/wp-json\/wp\/v2\/media?parent=22014"}],"wp:term":[{"taxonomy":"category","embeddable":true,"href":"https:\/\/portalmidia.net\/index.php\/wp-json\/wp\/v2\/categories?post=22014"},{"taxonomy":"post_tag","embeddable":true,"href":"https:\/\/portalmidia.net\/index.php\/wp-json\/wp\/v2\/tags?post=22014"}],"curies":[{"name":"wp","href":"https:\/\/api.w.org\/{rel}","templated":true}]}}