 {"id":22381,"date":"2024-02-08T08:01:55","date_gmt":"2024-02-08T11:01:55","guid":{"rendered":"https:\/\/portalmidia.net\/?p=22381"},"modified":"2024-02-08T08:01:55","modified_gmt":"2024-02-08T11:01:55","slug":"livro-homenageia-adolescentes-mortos-em-incendio-no-ct-do-flamengo","status":"publish","type":"post","link":"https:\/\/portalmidia.net\/index.php\/2024\/02\/08\/livro-homenageia-adolescentes-mortos-em-incendio-no-ct-do-flamengo\/","title":{"rendered":"Livro homenageia adolescentes mortos em inc\u00eandio no CT do Flamengo"},"content":{"rendered":"<p style=\"text-align: justify;\">H\u00e1 cinco anos, \u00e0s 5h17 do dia 8 de fevereiro, tinha in\u00edcio o inc\u00eandio que vitimou 10 atletas adolescentes alojados em cont\u00eaineres, no Centro de Treinamento (CT) do Flamengo, mais conhecido como o Ninho do Urubu, na zona oeste da cidade do Rio de Janeiro. O processo criminal sobre a trag\u00e9dia segue na Justi\u00e7a &#8211;\u00a0<strong>a primeira audi\u00eancia ocorreu em agosto\u00a0do ano passado\u00a0<\/strong>-, mas o rec\u00e9m-lan\u00e7ado livro \u201cLonge do Ninho\u201d, da jornalista e escritora Daniela Arbex, traz revela\u00e7\u00f5es in\u00e9ditas daquela madrugada fat\u00eddica. Com idades entre 14 e 16 anos, morreram no inc\u00eandio Arthur Vinicius, Athila Paix\u00e3o, Bernardo Pisetta, Christian Esm\u00e9rio, Gedson Santos, Jorge Eduardo, Pablo Henrique, Rykelmo de Souza Viana, Samuel Thomas e Vitor Isa\u00edas.\u00a0<img decoding=\"async\" src=\"https:\/\/agenciabrasil.ebc.com.br\/ebc.png?id=1580112&amp;o=node\" \/><img decoding=\"async\" src=\"https:\/\/agenciabrasil.ebc.com.br\/ebc.gif?id=1580112&amp;o=node\" \/><\/p>\n<p style=\"text-align: justify;\">\u201cEu n\u00e3o escrevo sobre trag\u00e9dias, mas sim sobre omiss\u00f5es que causam trag\u00e9dias\u201d, disse Arbex,, no in\u00edcio da entrevista que concedeu na \u00faltima ter\u00e7a-feira (6), ao programa\u00a0<a href=\"https:\/\/tvbrasil.ebc.com.br\/stadium\"><strong>Stadium, da TV Brasil,<\/strong><\/a>\u00a0um dia ap\u00f3s o lan\u00e7amento do livro no Rio de Janeiro.<\/p>\n<div class=\"dnd-widget-wrapper context-cheio_8colunas type-image\" style=\"text-align: justify;\">\n<div class=\"dnd-atom-rendered\">\n<div class=\"shadow overflow-hidden rounded-lg d-block w-100\"><img decoding=\"async\" class=\"flex-fill img-cover\" title=\"airaocrespo\/Instagram\" src=\"https:\/\/imagens.ebc.com.br\/lT8KhX7ojFZiIIBlf8w07oGCq7w=\/754x0\/smart\/https:\/\/agenciabrasil.ebc.com.br\/sites\/default\/files\/thumbnails\/image\/menino_do_ninho_muro_maracana_homenagem.jpg?itok=z9JGKyJB\" alt=\"homenagem aos meninos do ninho em muro em frente ao est\u00e1dio do Maracan\u00e3 - 10 adolescentes morreram em inc\u00eandio no CT do Flamengo, em 08\/02\/2019\" \/><\/div>\n<\/div>\n<div class=\"dnd-caption-wrapper\">\n<div class=\"meta\">Capa do livro \u00a0\u00e9 obra do artista pl\u00e1stico\u00a0\u00a0Air\u00e1\u00a0O Crespo, que\u00a0tamb\u00e9m homenageou os\u00a0aos Garotos do Ninho m painel grafitado no muro em frente ao est\u00e1dio do Maracan\u00e3 \u00a0&#8211;\u00a0<strong>airaocrespo\/Instagram<\/strong><\/div>\n<\/div>\n<\/div>\n<p style=\"text-align: justify;\">A ideia do livro surgiu ap\u00f3s a escritora ser procurada por uma m\u00e3e que perdera o filho no inc\u00eandio. Ap\u00f3s dois anos reunindo depoimentos e investigando o caso, a escritora narra de forma comovente o dia a dia dos meninos, a amizade entre eles, o luto infinito dos pais e, sobretudo, o rol de neglig\u00eancias que culminaram na morte de 10 inocentes.<\/p>\n<p style=\"text-align: justify;\">Entre as revela\u00e7\u00f5es in\u00e9ditas no livro est\u00e1 o fato de os meninos do ninho n\u00e3o terem morrido dormindo, como pensava a maioria dos pais.<\/p>\n<p style=\"text-align: justify;\">\u201cA gente consegue reconstruir aquela madrugada tr\u00e1gica, o que aconteceu em cada quarto. Uma das portas dos cont\u00eaineres onde os meninos dormiam estava com defeito. Quando ela batia com for\u00e7a ela travava por dentro e s\u00f3 podia ser aberta por fora. Ent\u00e3o, em um determinado quarto, os meninos n\u00e3o tiveram a chance de fugir\u201d.<\/p>\n<p style=\"text-align: justify;\">Daniela Arbex tra\u00e7ou uma linha do tempo \u201cassustadora\u201d em que enfileira v\u00e1rias fiscaliza\u00e7\u00f5es do Minist\u00e9rio P\u00fablico no CT do Ninho do Urubu a partir de 2012, nas quais s\u00e3o apontadas diversas necessidades de melhoria em rela\u00e7\u00e3o ao atendimento oferecido aos atletas da base.<\/p>\n<p style=\"text-align: justify;\">\u201cEm 2014 foi feita uma tentativa de um Termo de Ajustamento de Conduta (TAC) que n\u00e3o se realizou. O Flamengo se recusou a fazer o TAC. Isso foi judicializado e em 2015:foi instaurada uma a\u00e7\u00e3o civil p\u00fablica. Em 2019, quando o inc\u00eandio aconteceu, esta a\u00e7\u00e3o ainda estava em andamento. Ent\u00e3o eu falo: o tempo da justi\u00e7a nem sempre \u00e9 o tempo de quem precisa dela. De 2012 a 2019 o Flamengo teve in\u00fameras oportunidades de se adequar, j\u00e1 os meninos do ninho n\u00e3o tiveram nenhuma chance\u201d.<\/p>\n<p style=\"text-align: justify;\"><iframe id=\"instagram-embed-0\" class=\"instagram-media instagram-media-rendered\" src=\"https:\/\/www.instagram.com\/p\/C0_qosNLY0F\/embed\/captioned\/?cr=1&amp;v=14&amp;wp=540&amp;rd=https%3A%2F%2Fagenciabrasil.ebc.com.br&amp;rp=%2Fesportes%2Fnoticia%2F2024-02%2Flivro-homenageia-adolescentes-mortos-em-incendio-no-ct-do-flamengo#%7B%22ci%22%3A0%2C%22os%22%3A2532.899999976158%2C%22ls%22%3A828.8999999761581%2C%22le%22%3A2512.099999964237%7D\" height=\"1303\" frameborder=\"0\" scrolling=\"no\" allowfullscreen=\"allowfullscreen\" data-instgrm-payload-id=\"instagram-media-payload-0\" data-mce-fragment=\"1\"><\/iframe><\/p>\n<p style=\"text-align: justify;\">N\u00e3o foram poucas as vezes que a escritora, m\u00e3e de um menino de 12 anos, se emocionou durante o trabalho de investiga\u00e7\u00e3o.<\/p>\n<p style=\"text-align: justify;\">\u201cQuando as v\u00edtimas chegaram ao Instituto M\u00e9dico Legal (IML), a legista percebeu que todas as placas de crescimento [\u00e1reas de cartilagem nos ossos longos] estavam abertas, o que mostra que eles [os garotos do ninho] teriam muito tempo para se tornar as estrelas que eles podiam ser\u201d.<\/p>\n<p style=\"text-align: justify;\">Para Daniela Arbex, o juiz Marcelo Laguna Duque Estrada (titular da 36\u00aa Vara Criminal do Tribunal de Justi\u00e7a do Rio), disse tudo que precisava ser dito sobre o inc\u00eandio no CT do Flamengo ao acolher a den\u00fancia do MP-RJ.<\/p>\n<p style=\"text-align: justify;\">\u201cEle fala em autorias colaterais, que o inc\u00eandio no ar condicionado foi a ponta do iceberg. Houve v\u00e1rias omiss\u00f5es anteriores que culminaram naquela madrugada tr\u00e1gica. Uma delas \u00e9 que o Ninho do Urubu sequer deveria estar funcionando; ele fala que aquele cont\u00eainer era uma arapuca mortal\u201d.<\/p>\n<p style=\"text-align: justify;\">Entre as reflex\u00f5es suscitadas pela autora est\u00e1 o cuidado com a sa\u00fade mental de adolescentes que iniciam muito cedo a carreira de atleta.<\/p>\n<p style=\"text-align: justify;\">\u201cAcho que o livro joga luz a um tema pouco discutido, que \u00e9 a capacidade de clubes cuidarem da sa\u00fade mental desses atletas em forma\u00e7\u00e3o, que saem de casa precocemente e j\u00e1 desenvolvem rela\u00e7\u00f5es comerciais, que te t\u00eam sobrecarga f\u00edsica; fragilidade dos seus la\u00e7os afetivos porque est\u00e3o longe dos verdadeiros ninhos, longe de casa e da prote\u00e7\u00e3o de seus pais. E qual a capacidade dos clubes de acolherem esses meninos afetivamente e oferecerem um suporte de sa\u00fade mental. Fiquei muito impressionada com um dos meninos que sobreviveu e que me disse que aos 20 anos se sentia um fracassado, que ele era velho demais aos 20 anos\u201d.<\/p>\n<p style=\"text-align: justify;\">De acordo com a escritora, o Flamengo se recusou a dar qualquer depoimento para o livro.\u00a0Daniela Arbex chegou a visitar o museu do clube da G\u00e1vea e se surpreendeu ao n\u00e3o encontrar registro algum sobre os garotos do ninho.<\/p>\n<p style=\"text-align: justify;\">\u201cFalo sempre que o esquecimento nega a hist\u00f3ria. Quando uma hist\u00f3ria n\u00e3o \u00e9 contada \u00e9 como se ela n\u00e3o tivesse existido. E \u00e9 por isso que esse livro existe: para a gente dizer que essa hist\u00f3ria aconteceu e para gente eternizar a hist\u00f3ria dos meninos\u201d, concluiu.<\/p>\n<p style=\"text-align: justify;\">\n<p style=\"text-align: justify;\">\n<p style=\"text-align: justify;\">\n<p style=\"text-align: justify;\">\n<p style=\"text-align: justify;\">\n<p style=\"text-align: justify;\">\n<p style=\"text-align: justify;\">agenciabrasil<\/p>\n","protected":false},"excerpt":{"rendered":"<p>H\u00e1 cinco anos, \u00e0s 5h17 do dia 8 de fevereiro, tinha in\u00edcio o inc\u00eandio que vitimou 10 atletas adolescentes alojados em cont\u00eaineres, no Centro de Treinamento (CT) do Flamengo, mais conhecido como o Ninho do Urubu, na zona oeste da cidade do Rio de Janeiro. O processo criminal sobre a trag\u00e9dia segue na Justi\u00e7a &#8211;\u00a0a<\/p>\n","protected":false},"author":1,"featured_media":22394,"comment_status":"open","ping_status":"open","sticky":false,"template":"","format":"standard","meta":{"_eb_attr":"","footnotes":""},"categories":[7,10],"tags":[],"class_list":["post-22381","post","type-post","status-publish","format-standard","has-post-thumbnail","hentry","category-destaque","category-esportes"],"_links":{"self":[{"href":"https:\/\/portalmidia.net\/index.php\/wp-json\/wp\/v2\/posts\/22381","targetHints":{"allow":["GET"]}}],"collection":[{"href":"https:\/\/portalmidia.net\/index.php\/wp-json\/wp\/v2\/posts"}],"about":[{"href":"https:\/\/portalmidia.net\/index.php\/wp-json\/wp\/v2\/types\/post"}],"author":[{"embeddable":true,"href":"https:\/\/portalmidia.net\/index.php\/wp-json\/wp\/v2\/users\/1"}],"replies":[{"embeddable":true,"href":"https:\/\/portalmidia.net\/index.php\/wp-json\/wp\/v2\/comments?post=22381"}],"version-history":[{"count":1,"href":"https:\/\/portalmidia.net\/index.php\/wp-json\/wp\/v2\/posts\/22381\/revisions"}],"predecessor-version":[{"id":22397,"href":"https:\/\/portalmidia.net\/index.php\/wp-json\/wp\/v2\/posts\/22381\/revisions\/22397"}],"wp:featuredmedia":[{"embeddable":true,"href":"https:\/\/portalmidia.net\/index.php\/wp-json\/wp\/v2\/media\/22394"}],"wp:attachment":[{"href":"https:\/\/portalmidia.net\/index.php\/wp-json\/wp\/v2\/media?parent=22381"}],"wp:term":[{"taxonomy":"category","embeddable":true,"href":"https:\/\/portalmidia.net\/index.php\/wp-json\/wp\/v2\/categories?post=22381"},{"taxonomy":"post_tag","embeddable":true,"href":"https:\/\/portalmidia.net\/index.php\/wp-json\/wp\/v2\/tags?post=22381"}],"curies":[{"name":"wp","href":"https:\/\/api.w.org\/{rel}","templated":true}]}}