 {"id":22402,"date":"2024-02-08T08:05:54","date_gmt":"2024-02-08T11:05:54","guid":{"rendered":"https:\/\/portalmidia.net\/?p=22402"},"modified":"2024-02-08T08:05:54","modified_gmt":"2024-02-08T11:05:54","slug":"saiba-quais-remedios-sao-contraindicados-em-caso-de-suspeita-de-dengue","status":"publish","type":"post","link":"https:\/\/portalmidia.net\/index.php\/2024\/02\/08\/saiba-quais-remedios-sao-contraindicados-em-caso-de-suspeita-de-dengue\/","title":{"rendered":"Saiba quais rem\u00e9dios s\u00e3o contraindicados em caso de suspeita de dengue"},"content":{"rendered":"<p style=\"text-align: justify;\">A Sociedade Brasileira de Infectologia (SBI) alertou, nesta quarta-feira (7), para os rem\u00e9dios contraindicados em caso de suspeita da doen\u00e7a. Segundo o Minist\u00e9rio da Sa\u00fade, do in\u00edcio deste ano at\u00e9 a \u00faltima segunda-feira (5), a doen\u00e7a provocou 36 mortes no pa\u00eds.<img decoding=\"async\" src=\"https:\/\/agenciabrasil.ebc.com.br\/ebc.png?id=1579967&amp;o=node\" \/><img decoding=\"async\" src=\"https:\/\/agenciabrasil.ebc.com.br\/ebc.gif?id=1579967&amp;o=node\" \/><\/p>\n<p style=\"text-align: justify;\">O presidente da SBI, Alberto Chebabo, citou o \u00e1cido acetilsalic\u00edlico, ou AAS, conhecido popularmente como aspirina, entre os n\u00e3o recomend\u00e1veis, por se tratar de medica\u00e7\u00e3o que age sobre plaquetas. &#8220;Como j\u00e1 tem uma queda de plaquetas na dengue, a gente n\u00e3o recomenda o uso de AAS\u201d, disse o m\u00e9dico. Corticoides amb\u00e9m s\u00e3o contraindicados na fase inicial da dengue.<\/p>\n<p style=\"text-align: justify;\">Segundo Chebabo, como a dengue \u00e9 uma doen\u00e7a viral, para a qual n\u00e3o existe antiviral, os sintomas \u00e9 s\u00e3o tratados. O tratamento b\u00e1sico inclui analg\u00e9sico, antit\u00e9rmico e, eventualmente, medica\u00e7\u00e3o para v\u00f4mito. Os principais sintomas relacionados s\u00e3o febre, v\u00f4mito, dor de cabe\u00e7a, dor no corpo e aparecimento de les\u00f5es avermelhadas na pele.<\/p>\n<p style=\"text-align: justify;\">O infectologista advertiu que, se tiver qualquer um dos sintomas, a pessoa n\u00e3o deve se medicar sozinha, e sim ir a um posto m\u00e9dico para ser examinada. \u201cA recomenda\u00e7\u00e3o \u00e9 procurar o m\u00e9dico logo no in\u00edcio, para ser avaliada, fazer exames cl\u00ednicos, hemograma, para ver inclusive a gravidade [do quadro], receber orienta\u00e7\u00e3o sobre os sinais de alarme, para que a pessoa possa voltar caso tais sinais apare\u00e7am na evolu\u00e7\u00e3o da doen\u00e7a\u201d.<\/p>\n<p>Os casos devem ser encaminhados \u00e0s unidades de pronto atendimento (UPAs) e \u00e0s cl\u00ednicas de fam\u00edlia.<\/p>\n<h2 style=\"text-align: justify;\">Sintomas graves<\/h2>\n<p style=\"text-align: justify;\">Entre os sinais de alarme, Chebabo destacou v\u00f4mito incoerc\u00edvel, que n\u00e3o para, n\u00e3o melhora e prejudica a hidrata\u00e7\u00e3o; dor abdominal de forte intensidade; tonteira; desidrata\u00e7\u00e3o; cansa\u00e7o; sonol\u00eancia e altera\u00e7\u00e3o de comportamento, al\u00e9m de sinais de sangramento. \u201cQualquer sangramento ativo tamb\u00e9m deve levar \u00e0 busca de atendimento m\u00e9dico\u201d, alertou. No entanto, a maior preocupa\u00e7\u00e3o dever ser com a hidrata\u00e7\u00e3o e com sinais e sintomas de que a pessoa est\u00e1 evoluindo para uma forma grave da doen\u00e7a.<\/p>\n<p style=\"text-align: justify;\">Quanto ao carnaval, o infectologista disse os festejos n\u00e3o agravam o problema da dengue, porque n\u00e3o se muda a forma de transmiss\u00e3o, que \u00e9 o mosquito<em>\u00a0Aedes aegypti<\/em>. \u201cTalvez impacte mais a covid do que a dengue, mas \u00e9 mais uma quest\u00e3o, porque, no carnaval, h\u00e1 doen\u00e7as associadas, que acabam aumentando a demanda dos servi\u00e7os de sa\u00fade. Esta \u00e9 uma preocupa\u00e7\u00e3o\u201d.<\/p>\n<p>Entre os problemas relacionados ao carnaval, Chebabo destacou traumas, doen\u00e7as respirat\u00f3rias e desidrata\u00e7\u00e3o, que podem sobrecarregar ainda mais o sistema de sa\u00fade.<\/p>\n<p style=\"text-align: justify;\">\n<p style=\"text-align: justify;\">\n<p style=\"text-align: justify;\">\n<p style=\"text-align: justify;\">\n<p style=\"text-align: justify;\">\n<p style=\"text-align: justify;\">\n<p style=\"text-align: justify;\">agenciabrasil<\/p>\n","protected":false},"excerpt":{"rendered":"<p>A Sociedade Brasileira de Infectologia (SBI) alertou, nesta quarta-feira (7), para os rem\u00e9dios contraindicados em caso de suspeita da doen\u00e7a. Segundo o Minist\u00e9rio da Sa\u00fade, do in\u00edcio deste ano at\u00e9 a \u00faltima segunda-feira (5), a doen\u00e7a provocou 36 mortes no pa\u00eds. O presidente da SBI, Alberto Chebabo, citou o \u00e1cido acetilsalic\u00edlico, ou AAS, conhecido popularmente<\/p>\n","protected":false},"author":1,"featured_media":22406,"comment_status":"open","ping_status":"open","sticky":false,"template":"","format":"standard","meta":{"_eb_attr":"","footnotes":""},"categories":[7,5],"tags":[],"class_list":["post-22402","post","type-post","status-publish","format-standard","has-post-thumbnail","hentry","category-destaque","category-saude"],"_links":{"self":[{"href":"https:\/\/portalmidia.net\/index.php\/wp-json\/wp\/v2\/posts\/22402","targetHints":{"allow":["GET"]}}],"collection":[{"href":"https:\/\/portalmidia.net\/index.php\/wp-json\/wp\/v2\/posts"}],"about":[{"href":"https:\/\/portalmidia.net\/index.php\/wp-json\/wp\/v2\/types\/post"}],"author":[{"embeddable":true,"href":"https:\/\/portalmidia.net\/index.php\/wp-json\/wp\/v2\/users\/1"}],"replies":[{"embeddable":true,"href":"https:\/\/portalmidia.net\/index.php\/wp-json\/wp\/v2\/comments?post=22402"}],"version-history":[{"count":1,"href":"https:\/\/portalmidia.net\/index.php\/wp-json\/wp\/v2\/posts\/22402\/revisions"}],"predecessor-version":[{"id":22409,"href":"https:\/\/portalmidia.net\/index.php\/wp-json\/wp\/v2\/posts\/22402\/revisions\/22409"}],"wp:featuredmedia":[{"embeddable":true,"href":"https:\/\/portalmidia.net\/index.php\/wp-json\/wp\/v2\/media\/22406"}],"wp:attachment":[{"href":"https:\/\/portalmidia.net\/index.php\/wp-json\/wp\/v2\/media?parent=22402"}],"wp:term":[{"taxonomy":"category","embeddable":true,"href":"https:\/\/portalmidia.net\/index.php\/wp-json\/wp\/v2\/categories?post=22402"},{"taxonomy":"post_tag","embeddable":true,"href":"https:\/\/portalmidia.net\/index.php\/wp-json\/wp\/v2\/tags?post=22402"}],"curies":[{"name":"wp","href":"https:\/\/api.w.org\/{rel}","templated":true}]}}