 {"id":22407,"date":"2024-02-08T08:07:14","date_gmt":"2024-02-08T11:07:14","guid":{"rendered":"https:\/\/portalmidia.net\/?p=22407"},"modified":"2024-02-08T08:07:14","modified_gmt":"2024-02-08T11:07:14","slug":"pf-faz-megaoperacao-contra-aliados-de-bolsonaro-por-tentativa-de-golpe","status":"publish","type":"post","link":"https:\/\/portalmidia.net\/index.php\/2024\/02\/08\/pf-faz-megaoperacao-contra-aliados-de-bolsonaro-por-tentativa-de-golpe\/","title":{"rendered":"PF faz megaopera\u00e7\u00e3o contra aliados de Bolsonaro por tentativa de golpe"},"content":{"rendered":"<p style=\"text-align: justify;\">A\u00a0<a href=\"https:\/\/www.gov.br\/pf\/pt-br\" target=\"_blank\" rel=\"noopener\">Pol\u00edcia Federal<\/a>\u00a0deflagrou nesta quinta-feira (8\/2) a Opera\u00e7\u00e3o Tempus Veritatis para apurar organiza\u00e7\u00e3o criminosa que atuou na tentativa de golpe de Estado e aboli\u00e7\u00e3o do Estado Democr\u00e1tico de Direito, para obter vantagem de natureza pol\u00edtica com a manuten\u00e7\u00e3o do ent\u00e3o presidente da Rep\u00fablica no poder.<\/p>\n<div class=\"m-banner-wrap m-banner-rectangle m-publicity-content-middle\" style=\"text-align: justify;\"><\/div>\n<p style=\"text-align: justify;\" data-gtm-vis-recent-on-screen104869357_94=\"527720\" data-gtm-vis-first-on-screen104869357_94=\"527720\" data-gtm-vis-total-visible-time104869357_94=\"100\" data-gtm-vis-has-fired104869357_94=\"1\">Os alvos s\u00e3o aliados do ex-presidente Jair Bolsonaro (PL). Entre eles, est\u00e3o o presidente do Partido Liberal, Valdemar Costa Neto; o ex-chefe do Gabinete de Seguran\u00e7a Institucional (GSI) general Augusto Heleno; al\u00e9m dos ex-ministros Braga Netto (Casa Civil) e Anderson Torres (Justi\u00e7a).<\/p>\n<p style=\"text-align: justify;\" data-gtm-vis-recent-on-screen104869357_94=\"13363\" data-gtm-vis-first-on-screen104869357_94=\"13363\" data-gtm-vis-total-visible-time104869357_94=\"100\" data-gtm-vis-has-fired104869357_94=\"1\">Segundo\u00a0<a href=\"https:\/\/www.metropoles.com\/colunas\/igor-gadelha\/pf-filipe-martins-seguranca-bolsonaro\">a coluna de Igor Gadelha<\/a>, foram presos Filipe Martins, ex-assessor para Assuntos Internacionais da Presid\u00eancia, e o coronel Marcelo C\u00e2mara, ex-ajudante de ordens de Bolsonaro na Presid\u00eancia e atual seguran\u00e7a do ex-presidente contratado pelo PL. Segundo fontes da PF, Martins foi preso em Ponta Grossa (PR).<\/p>\n<div class=\"m-banner-wrap m-banner-rectangle m-publicity-content-middle\" style=\"text-align: justify;\"><\/div>\n<p style=\"text-align: justify;\">Ao todo, s\u00e3o cumpridos 33 mandados de busca e apreens\u00e3o, quatro de pris\u00e3o preventiva e 48 medidas cautelares diversas da pris\u00e3o, que incluem a proibi\u00e7\u00e3o de manter contato com os demais investigados, proibi\u00e7\u00e3o de se ausentarem do pa\u00eds, com entrega dos passaportes no prazo de 24 horas e suspens\u00e3o do exerc\u00edcio de fun\u00e7\u00f5es p\u00fablicas.<\/p>\n<p style=\"text-align: justify;\">Policiais federais cumprem as medidas judiciais, expedidas pelo Supremo Tribunal Federal, nos estados do Amazonas, Rio de Janeiro, S\u00e3o Paulo, Minas Gerais, Mato Grosso do Sul, Cear\u00e1, Esp\u00edrito Santo, Paran\u00e1, Goi\u00e1s e no Distrito Federal.<\/p>\n<p style=\"text-align: justify;\">Viaturas da PF e da Pol\u00edcia do Ex\u00e9rcito foram vistas \u00e0s 6h30 na porta das resid\u00eancias de oficiais do Ex\u00e9rcito em Goi\u00e2nia.<\/p>\n<h4 style=\"text-align: justify;\">Atua\u00e7\u00e3o nas elei\u00e7\u00f5es<\/h4>\n<p style=\"text-align: justify;\">Investiga\u00e7\u00f5es da Pol\u00edcia Federal (PF) apontam que\u00a0pol\u00edticos e militares se aliaram para uma tentativa de golpe de Estado\u00a0e aboli\u00e7\u00e3o do Estado Democr\u00e1tico de Direito. O objetivo, segundo as apura\u00e7\u00f5es, era manter Jair Bolsonaro (PL) no poder e colocar em d\u00favida o resultado das elei\u00e7\u00f5es realizadas em 2022.<\/p>\n<p style=\"text-align: justify;\">As apura\u00e7\u00f5es apontam que o grupo investigado se dividiu em n\u00facleos de atua\u00e7\u00e3o para disseminar a ocorr\u00eancia de fraude nas Elei\u00e7\u00f5es Presidenciais de 2022, antes mesmo da realiza\u00e7\u00e3o do pleito, de modo a viabilizar e legitimar uma interven\u00e7\u00e3o militar, em din\u00e2mica de mil\u00edcia digital.<\/p>\n<div class=\"m-banner-wrap m-banner-rectangle m-publicity-content-middle\" style=\"text-align: justify;\"><\/div>\n<p style=\"text-align: justify;\">O primeiro eixo constituiu na constru\u00e7\u00e3o e propaga\u00e7\u00e3o da vers\u00e3o de fraude nas elei\u00e7\u00f5es de 2022, por meio da dissemina\u00e7\u00e3o de que a urna eletr\u00f4nica poderia ser adulterada, discurso reiterado pelos investigados desde 2019 e que persistiu mesmo ap\u00f3s os resultados do segundo turno do pleito em 2022.<\/p>\n<p style=\"text-align: justify;\">O segundo eixo de atua\u00e7\u00e3o consistiu na pr\u00e1tica de atos para subsidiar a aboli\u00e7\u00e3o do Estado Democr\u00e1tico de Direito, por meio de um golpe de Estado, com apoio de militares com conhecimentos e t\u00e1ticas de for\u00e7as especiais no ambiente politicamente sens\u00edvel.<\/p>\n<p style=\"text-align: justify;\">O Ex\u00e9rcito Brasileiro acompanha o cumprimento de alguns mandados, em apoio \u00e0 Pol\u00edcia Federal.<\/p>\n<div class=\"m-banner-teads\" style=\"text-align: justify;\"><\/div>\n<p style=\"text-align: justify;\">Os fatos investigados configuram, em tese, os crimes de organiza\u00e7\u00e3o criminosa, aboli\u00e7\u00e3o violenta do Estado Democr\u00e1tico de Direito e golpe de Estado.<\/p>\n<p style=\"text-align: justify;\">\n<p style=\"text-align: justify;\">\n<p style=\"text-align: justify;\">\n<p style=\"text-align: justify;\">\n<p style=\"text-align: justify;\">metropoles<\/p>\n","protected":false},"excerpt":{"rendered":"<p>A\u00a0Pol\u00edcia Federal\u00a0deflagrou nesta quinta-feira (8\/2) a Opera\u00e7\u00e3o Tempus Veritatis para apurar organiza\u00e7\u00e3o criminosa que atuou na tentativa de golpe de Estado e aboli\u00e7\u00e3o do Estado Democr\u00e1tico de Direito, para obter vantagem de natureza pol\u00edtica com a manuten\u00e7\u00e3o do ent\u00e3o presidente da Rep\u00fablica no poder. Os alvos s\u00e3o aliados do ex-presidente Jair Bolsonaro (PL). Entre eles,<\/p>\n","protected":false},"author":1,"featured_media":22410,"comment_status":"open","ping_status":"open","sticky":false,"template":"","format":"standard","meta":{"_eb_attr":"","footnotes":""},"categories":[7,2],"tags":[],"class_list":["post-22407","post","type-post","status-publish","format-standard","has-post-thumbnail","hentry","category-destaque","category-policial"],"_links":{"self":[{"href":"https:\/\/portalmidia.net\/index.php\/wp-json\/wp\/v2\/posts\/22407","targetHints":{"allow":["GET"]}}],"collection":[{"href":"https:\/\/portalmidia.net\/index.php\/wp-json\/wp\/v2\/posts"}],"about":[{"href":"https:\/\/portalmidia.net\/index.php\/wp-json\/wp\/v2\/types\/post"}],"author":[{"embeddable":true,"href":"https:\/\/portalmidia.net\/index.php\/wp-json\/wp\/v2\/users\/1"}],"replies":[{"embeddable":true,"href":"https:\/\/portalmidia.net\/index.php\/wp-json\/wp\/v2\/comments?post=22407"}],"version-history":[{"count":1,"href":"https:\/\/portalmidia.net\/index.php\/wp-json\/wp\/v2\/posts\/22407\/revisions"}],"predecessor-version":[{"id":22413,"href":"https:\/\/portalmidia.net\/index.php\/wp-json\/wp\/v2\/posts\/22407\/revisions\/22413"}],"wp:featuredmedia":[{"embeddable":true,"href":"https:\/\/portalmidia.net\/index.php\/wp-json\/wp\/v2\/media\/22410"}],"wp:attachment":[{"href":"https:\/\/portalmidia.net\/index.php\/wp-json\/wp\/v2\/media?parent=22407"}],"wp:term":[{"taxonomy":"category","embeddable":true,"href":"https:\/\/portalmidia.net\/index.php\/wp-json\/wp\/v2\/categories?post=22407"},{"taxonomy":"post_tag","embeddable":true,"href":"https:\/\/portalmidia.net\/index.php\/wp-json\/wp\/v2\/tags?post=22407"}],"curies":[{"name":"wp","href":"https:\/\/api.w.org\/{rel}","templated":true}]}}