 {"id":23071,"date":"2024-02-16T07:47:03","date_gmt":"2024-02-16T10:47:03","guid":{"rendered":"https:\/\/portalmidia.net\/?p=23071"},"modified":"2024-02-16T07:47:03","modified_gmt":"2024-02-16T10:47:03","slug":"buscas-em-mossoro-nao-avancam-e-pf-e-prf-enviam-seus-grupos-de-elite","status":"publish","type":"post","link":"https:\/\/portalmidia.net\/index.php\/2024\/02\/16\/buscas-em-mossoro-nao-avancam-e-pf-e-prf-enviam-seus-grupos-de-elite\/","title":{"rendered":"Buscas em Mossor\u00f3 n\u00e3o avan\u00e7am e PF e PRF enviam seus grupos de elite"},"content":{"rendered":"<p style=\"text-align: justify;\">\n<p style=\"text-align: justify;\">Grupos de elite da Pol\u00edcia Federal (<a href=\"https:\/\/www.gov.br\/pf\/pt-br\" target=\"_blank\" rel=\"noopener\">PF<\/a>) e da Pol\u00edcia Rodovi\u00e1ria Federal (PRF) embarcam nesta sexta-feira (16\/2) para Mossor\u00f3, onde ir\u00e3o se juntar \u00e0s buscas pelos dois integrantes do Comando Vermelho que\u00a0<a href=\"https:\/\/www.metropoles.com\/brasil\/fuga-de-presos-leva-governo-a-rever-protocolos-em-presidios-federais\">fugiram do pres\u00eddio federal<\/a>.<\/p>\n<div class=\"m-banner-wrap m-banner-rectangle m-publicity-content-middle\" style=\"text-align: justify;\"><\/div>\n<p style=\"text-align: justify;\" data-gtm-vis-recent-on-screen104869357_94=\"95559\" data-gtm-vis-first-on-screen104869357_94=\"95559\" data-gtm-vis-total-visible-time104869357_94=\"100\" data-gtm-vis-has-fired104869357_94=\"1\">Os agentes partir\u00e3o de Bras\u00edlia em uma aeronave da PF. O envio dos grupos foi definido pelas c\u00fapulas das pol\u00edcias em acordo com o ministro da Justi\u00e7a e Seguran\u00e7a P\u00fablica, Ricardo Lewandowski, na quinta-feira (15\/2).<\/p>\n<p style=\"text-align: justify;\">A PF enviar\u00e1 um grupo do Comando de Opera\u00e7\u00f5es T\u00e1ticas (COT), enquanto a PRF destacou agentes do Grupo de Respostas R\u00e1pidas (GRR).<\/p>\n<div class=\"m-banner-wrap m-banner-rectangle m-publicity-content-middle\" style=\"text-align: justify;\"><\/div>\n<p style=\"text-align: justify;\">A ida dos agentes de elite a campo ocorre ap\u00f3s as buscas pelos fugitivos extrapolarem 24 horas. Os grupos s\u00e3o especializados em incurs\u00f5es em \u00e1reas remotas. O bioma da caatinga \u00e9 predominante no entorno de Mossor\u00f3, sendo que um parque nacional de 8 mil hectares, com mais de 200 cavernas, fica a 20 quil\u00f4metros do pres\u00eddio.<\/p>\n<p style=\"text-align: justify;\">A fuga dos integrantes do Comando Vermelho foi a primeira registrada em um pres\u00eddio federal na hist\u00f3ria.<\/p>\n<p style=\"text-align: justify;\">\n<p style=\"text-align: justify;\">\n<p style=\"text-align: justify;\">\n<p style=\"text-align: justify;\">\n<p style=\"text-align: justify;\">\n<p style=\"text-align: justify;\">\n<p style=\"text-align: justify;\">metropoles<\/p>\n","protected":false},"excerpt":{"rendered":"<p>Grupos de elite da Pol\u00edcia Federal (PF) e da Pol\u00edcia Rodovi\u00e1ria Federal (PRF) embarcam nesta sexta-feira (16\/2) para Mossor\u00f3, onde ir\u00e3o se juntar \u00e0s buscas pelos dois integrantes do Comando Vermelho que\u00a0fugiram do pres\u00eddio federal. Os agentes partir\u00e3o de Bras\u00edlia em uma aeronave da PF. O envio dos grupos foi definido pelas c\u00fapulas das pol\u00edcias<\/p>\n","protected":false},"author":1,"featured_media":23075,"comment_status":"open","ping_status":"open","sticky":false,"template":"","format":"standard","meta":{"_eb_attr":"","footnotes":""},"categories":[7,2],"tags":[],"class_list":["post-23071","post","type-post","status-publish","format-standard","has-post-thumbnail","hentry","category-destaque","category-policial"],"_links":{"self":[{"href":"https:\/\/portalmidia.net\/index.php\/wp-json\/wp\/v2\/posts\/23071","targetHints":{"allow":["GET"]}}],"collection":[{"href":"https:\/\/portalmidia.net\/index.php\/wp-json\/wp\/v2\/posts"}],"about":[{"href":"https:\/\/portalmidia.net\/index.php\/wp-json\/wp\/v2\/types\/post"}],"author":[{"embeddable":true,"href":"https:\/\/portalmidia.net\/index.php\/wp-json\/wp\/v2\/users\/1"}],"replies":[{"embeddable":true,"href":"https:\/\/portalmidia.net\/index.php\/wp-json\/wp\/v2\/comments?post=23071"}],"version-history":[{"count":1,"href":"https:\/\/portalmidia.net\/index.php\/wp-json\/wp\/v2\/posts\/23071\/revisions"}],"predecessor-version":[{"id":23078,"href":"https:\/\/portalmidia.net\/index.php\/wp-json\/wp\/v2\/posts\/23071\/revisions\/23078"}],"wp:featuredmedia":[{"embeddable":true,"href":"https:\/\/portalmidia.net\/index.php\/wp-json\/wp\/v2\/media\/23075"}],"wp:attachment":[{"href":"https:\/\/portalmidia.net\/index.php\/wp-json\/wp\/v2\/media?parent=23071"}],"wp:term":[{"taxonomy":"category","embeddable":true,"href":"https:\/\/portalmidia.net\/index.php\/wp-json\/wp\/v2\/categories?post=23071"},{"taxonomy":"post_tag","embeddable":true,"href":"https:\/\/portalmidia.net\/index.php\/wp-json\/wp\/v2\/tags?post=23071"}],"curies":[{"name":"wp","href":"https:\/\/api.w.org\/{rel}","templated":true}]}}