 {"id":23086,"date":"2024-02-16T07:50:54","date_gmt":"2024-02-16T10:50:54","guid":{"rendered":"https:\/\/portalmidia.net\/?p=23086"},"modified":"2024-02-16T07:50:54","modified_gmt":"2024-02-16T10:50:54","slug":"filho-da-cantora-eyshila-e-internado-em-clinica-espiritual","status":"publish","type":"post","link":"https:\/\/portalmidia.net\/index.php\/2024\/02\/16\/filho-da-cantora-eyshila-e-internado-em-clinica-espiritual\/","title":{"rendered":"Filho da cantora Eyshila \u00e9 internado em cl\u00ednica espiritual"},"content":{"rendered":"<p style=\"text-align: justify;\">O filho da cantora gospel\u00a0<a href=\"https:\/\/www.instagram.com\/eyshilasantos\/\" target=\"_blank\" rel=\"noopener\">Eyshila Santos<\/a>\u00a0e do\u00a0<a href=\"https:\/\/www.metropoles.com\/tag\/pastor\" target=\"_blank\" rel=\"noopener\">pastor<\/a>\u00a0Odilon Santos, Lucas Santos, de 23 anos, foi internado em uma cl\u00ednica espiritual da Igreja Batista da Lagoinha, em Minas Gerais. A informa\u00e7\u00e3o foi confirmada ao site O Fuxico Gospel por uma fonte ligada \u00e0 ADVEC em S\u00e3o Paulo.<\/p>\n<div class=\"m-banner-wrap m-banner-rectangle m-publicity-content-middle\" style=\"text-align: justify;\"><\/div>\n<p style=\"text-align: justify;\" data-gtm-vis-recent-on-screen104869357_94=\"13985\" data-gtm-vis-first-on-screen104869357_94=\"13985\" data-gtm-vis-total-visible-time104869357_94=\"100\" data-gtm-vis-has-fired104869357_94=\"1\">Segundo o portal, na cl\u00ednica da Lagoinha, ele tem per\u00edodos sem usar o celular ou se conectar \u00e0 internet, e o ambiente \u00e9 preparado para reflex\u00e3o. O intuito \u00e9 o paciente buscar se reconectar consigo mesmo e com a sua f\u00e9.<\/p>\n<p style=\"text-align: justify;\">Lucas Santos voltou para o Brasil no fim do ano passado e encerrou o seu perfil nas redes sociais, onde aparecia montado como\u00a0<a href=\"https:\/\/www.metropoles.com\/tag\/drag-queen\" target=\"_blank\" rel=\"noopener\">drag queen<\/a>. A situa\u00e7\u00e3o repercutiu muito, principalmente no meio evang\u00e9lico.<\/p>\n<p style=\"text-align: justify;\">Lucas vivia h\u00e1 cerca de cinco anos nos Estados Unidos, onde deu vida \u00e0 drag Peridot, inspirada em um cristal de g\u00eanero neutro.<\/p>\n<p style=\"text-align: justify;\">\n<p style=\"text-align: justify;\">\n<p style=\"text-align: justify;\">\n<p style=\"text-align: justify;\">\n<p style=\"text-align: justify;\">metropoles<\/p>\n","protected":false},"excerpt":{"rendered":"<p>O filho da cantora gospel\u00a0Eyshila Santos\u00a0e do\u00a0pastor\u00a0Odilon Santos, Lucas Santos, de 23 anos, foi internado em uma cl\u00ednica espiritual da Igreja Batista da Lagoinha, em Minas Gerais. A informa\u00e7\u00e3o foi confirmada ao site O Fuxico Gospel por uma fonte ligada \u00e0 ADVEC em S\u00e3o Paulo. Segundo o portal, na cl\u00ednica da Lagoinha, ele tem per\u00edodos<\/p>\n","protected":false},"author":1,"featured_media":23088,"comment_status":"open","ping_status":"open","sticky":false,"template":"","format":"standard","meta":{"_eb_attr":"","footnotes":""},"categories":[7,11],"tags":[],"class_list":["post-23086","post","type-post","status-publish","format-standard","has-post-thumbnail","hentry","category-destaque","category-famosos"],"_links":{"self":[{"href":"https:\/\/portalmidia.net\/index.php\/wp-json\/wp\/v2\/posts\/23086","targetHints":{"allow":["GET"]}}],"collection":[{"href":"https:\/\/portalmidia.net\/index.php\/wp-json\/wp\/v2\/posts"}],"about":[{"href":"https:\/\/portalmidia.net\/index.php\/wp-json\/wp\/v2\/types\/post"}],"author":[{"embeddable":true,"href":"https:\/\/portalmidia.net\/index.php\/wp-json\/wp\/v2\/users\/1"}],"replies":[{"embeddable":true,"href":"https:\/\/portalmidia.net\/index.php\/wp-json\/wp\/v2\/comments?post=23086"}],"version-history":[{"count":1,"href":"https:\/\/portalmidia.net\/index.php\/wp-json\/wp\/v2\/posts\/23086\/revisions"}],"predecessor-version":[{"id":23089,"href":"https:\/\/portalmidia.net\/index.php\/wp-json\/wp\/v2\/posts\/23086\/revisions\/23089"}],"wp:featuredmedia":[{"embeddable":true,"href":"https:\/\/portalmidia.net\/index.php\/wp-json\/wp\/v2\/media\/23088"}],"wp:attachment":[{"href":"https:\/\/portalmidia.net\/index.php\/wp-json\/wp\/v2\/media?parent=23086"}],"wp:term":[{"taxonomy":"category","embeddable":true,"href":"https:\/\/portalmidia.net\/index.php\/wp-json\/wp\/v2\/categories?post=23086"},{"taxonomy":"post_tag","embeddable":true,"href":"https:\/\/portalmidia.net\/index.php\/wp-json\/wp\/v2\/tags?post=23086"}],"curies":[{"name":"wp","href":"https:\/\/api.w.org\/{rel}","templated":true}]}}