 {"id":23398,"date":"2024-02-19T08:49:32","date_gmt":"2024-02-19T11:49:32","guid":{"rendered":"https:\/\/portalmidia.net\/?p=23398"},"modified":"2024-02-19T08:49:32","modified_gmt":"2024-02-19T11:49:32","slug":"lindas-memorias-e-encontro-de-almas-mulher-se-despede-de-diniz","status":"publish","type":"post","link":"https:\/\/portalmidia.net\/index.php\/2024\/02\/19\/lindas-memorias-e-encontro-de-almas-mulher-se-despede-de-diniz\/","title":{"rendered":"\u201cLindas mem\u00f3rias\u201d e \u201cencontro de almas\u201d: mulher se despede de Diniz"},"content":{"rendered":"<p style=\"text-align: justify;\">A mulher do empres\u00e1rio Abilio Diniz, Geyze Diniz, fez uma homenagem ao marido,\u00a0morto em S\u00e3o Paulo nesse domingo aos 87 anos, nas redes sociais. O casal tem dois filhos, Rafaela e Miguel.<\/p>\n<div class=\"m-banner-wrap m-banner-rectangle m-publicity-content-middle\" style=\"text-align: justify;\"><\/div>\n<p style=\"text-align: justify;\" data-gtm-vis-recent-on-screen104869357_94=\"317907\" data-gtm-vis-first-on-screen104869357_94=\"317907\" data-gtm-vis-total-visible-time104869357_94=\"100\" data-gtm-vis-has-fired104869357_94=\"1\">A morte de Diniz foi confirmada pela fam\u00edlia no fim da noite de domingo. Ele\u00a0estava internado no hospital Albert Einstein, na capital paulista, havia mais de duas semanas tratando uma pneumonia.<\/p>\n<p style=\"text-align: justify;\">\u201cBi, meu amor, a vida sem voc\u00ea n\u00e3o ser\u00e1 mais a mesma, mas as lembran\u00e7as, os aprendizados e as lindas mem\u00f3rias ficar\u00e3o eternizadas. Que b\u00ean\u00e7\u00e3o termos compartilhado esse amor t\u00e3o verdadeiro que nos deu de presente a Rafa e o Mi. Muita gratid\u00e3o por cada dia vivido ao seu lado\u201d, escreveu Geyze.<\/p>\n<p style=\"text-align: justify;\">\u201cFaltam palavras e me sobra dor e tristeza, mas me sinto em paz e tenho muita f\u00e9 em Deus, acreditando que era o seu momento de fazer sua passagem. Neste per\u00edodo, imagino que voc\u00ea estava em sua cura espiritual, enquanto nos prepar\u00e1vamos (se \u00e9 que isso \u00e9 mesmo poss\u00edvel)\u201d, postou a mulher.<\/p>\n<p style=\"text-align: justify;\">\u201cQue voc\u00ea siga em paz, meu amor, e seja recebido por Deus com muita luz. Acredito que Santa Rita esteja te esperando, ao lado de Jo\u00e3o Paulo, Seu Valentim e Dona Floripes. N\u00f3s aqui ficaremos bem e seguiremos seus ensinamentos. Um dia reviveremos este encontro de almas.<br \/>\nTe amo, meu Bi.\u201d<\/p>\n<p style=\"text-align: justify;\">Abilio e Geyze se casaram em 2004. Eles costumavam trocar declara\u00e7\u00f5es de amor nas redes sociais. Em um post de dezembro, Abilio escreveu:<\/p>\n<p style=\"text-align: justify;\">\u201cGe, minha pequena, hoje celebramos 19 anos de casamento. S\u00e3o quase duas d\u00e9cadas, realmente \u00e9 muito tempo, mas me lembro como se fosse hoje de como a minha vida se transformou com a sua chegada. Voc\u00ea me fez vibrar com amor novamente e ampliou meu olhar para novos horizontes. Sempre conectados pela nossa espiritualidade e f\u00e9, constru\u00edmos uma fam\u00edlia linda com nossos dois maiores presentes, a Rafa e o Mi, nossa princesa e nosso pr\u00edncipe. Quantas coisas vivemos nesses anos todos e o quanto crescemos juntos. Aprendi com voc\u00ea o poder da gratid\u00e3o e posso dizer que sou extremamente grato por toda a nossa trajet\u00f3ria. Te amo muito, pequena. Feliz anivers\u00e1rio de casamento para n\u00f3s!\u201d<\/p>\n<h4 style=\"text-align: justify;\">Vel\u00f3rio no Morumbi<\/h4>\n<p style=\"text-align: justify;\">O\u00a0vel\u00f3rio de Diniz ser\u00e1 realizado nesta segunda-feira\u00a0(19\/2) no Sal\u00e3o Nobre do Est\u00e1dio do Morumbi. A cerim\u00f4nia, aberta ao p\u00fablico, vai acontecer das 11h \u00e0s 15h. O enterro ser\u00e1 restrito a familiares e amigos.<\/p>\n<div class=\"m-banner-wrap m-banner-rectangle m-publicity-content-middle\" style=\"text-align: justify;\"><\/div>\n<p style=\"text-align: justify;\">O\u00a0<a href=\"https:\/\/www.saopaulofc.net\/\" target=\"_blank\" rel=\"noopener\">S\u00e3o Paulo Futebol Club<\/a>e, time do cora\u00e7\u00e3o do empres\u00e1rio, lamentou a morte. Em nota oficial, o clube decretou luto oficial de tr\u00eas dias.<\/p>\n<p style=\"text-align: justify;\">\u201cCom o mais profundo pesar, o S\u00e3o Paulo Futebol Clube lamenta o falecimento do empres\u00e1rio e ilustre s\u00e3o-paulino Ab\u00edlio Diniz, aos 87 anos. Ele foi v\u00edtima de insufici\u00eancia respirat\u00f3ria em fun\u00e7\u00e3o de uma pneumonite\u201d, postou o S\u00e3o Paulo em seus canais oficiais.<\/p>\n<p style=\"text-align: justify;\">\u201cEmpres\u00e1rio, Abilio se tornou figura p\u00fablica importante no cen\u00e1rio nacional, e sempre se fez presente no ambiente s\u00e3o-paulino, agregando conhecimento e muita torcida\u201d, diz a nota.<\/p>\n<p style=\"text-align: justify;\">\n<p style=\"text-align: justify;\">\n<p style=\"text-align: justify;\">\n<p style=\"text-align: justify;\">metropoles<\/p>\n","protected":false},"excerpt":{"rendered":"<p>A mulher do empres\u00e1rio Abilio Diniz, Geyze Diniz, fez uma homenagem ao marido,\u00a0morto em S\u00e3o Paulo nesse domingo aos 87 anos, nas redes sociais. O casal tem dois filhos, Rafaela e Miguel. A morte de Diniz foi confirmada pela fam\u00edlia no fim da noite de domingo. Ele\u00a0estava internado no hospital Albert Einstein, na capital paulista,<\/p>\n","protected":false},"author":1,"featured_media":23402,"comment_status":"open","ping_status":"open","sticky":false,"template":"","format":"standard","meta":{"_eb_attr":"","footnotes":""},"categories":[7,13],"tags":[],"class_list":["post-23398","post","type-post","status-publish","format-standard","has-post-thumbnail","hentry","category-destaque","category-noticias"],"_links":{"self":[{"href":"https:\/\/portalmidia.net\/index.php\/wp-json\/wp\/v2\/posts\/23398","targetHints":{"allow":["GET"]}}],"collection":[{"href":"https:\/\/portalmidia.net\/index.php\/wp-json\/wp\/v2\/posts"}],"about":[{"href":"https:\/\/portalmidia.net\/index.php\/wp-json\/wp\/v2\/types\/post"}],"author":[{"embeddable":true,"href":"https:\/\/portalmidia.net\/index.php\/wp-json\/wp\/v2\/users\/1"}],"replies":[{"embeddable":true,"href":"https:\/\/portalmidia.net\/index.php\/wp-json\/wp\/v2\/comments?post=23398"}],"version-history":[{"count":1,"href":"https:\/\/portalmidia.net\/index.php\/wp-json\/wp\/v2\/posts\/23398\/revisions"}],"predecessor-version":[{"id":23405,"href":"https:\/\/portalmidia.net\/index.php\/wp-json\/wp\/v2\/posts\/23398\/revisions\/23405"}],"wp:featuredmedia":[{"embeddable":true,"href":"https:\/\/portalmidia.net\/index.php\/wp-json\/wp\/v2\/media\/23402"}],"wp:attachment":[{"href":"https:\/\/portalmidia.net\/index.php\/wp-json\/wp\/v2\/media?parent=23398"}],"wp:term":[{"taxonomy":"category","embeddable":true,"href":"https:\/\/portalmidia.net\/index.php\/wp-json\/wp\/v2\/categories?post=23398"},{"taxonomy":"post_tag","embeddable":true,"href":"https:\/\/portalmidia.net\/index.php\/wp-json\/wp\/v2\/tags?post=23398"}],"curies":[{"name":"wp","href":"https:\/\/api.w.org\/{rel}","templated":true}]}}