 {"id":23411,"date":"2024-02-19T08:53:59","date_gmt":"2024-02-19T11:53:59","guid":{"rendered":"https:\/\/portalmidia.net\/?p=23411"},"modified":"2024-02-19T08:53:59","modified_gmt":"2024-02-19T11:53:59","slug":"rafa-sieg-sobre-nosso-lar-2-humaniza-o-olhar-sobre-o-espiritismo","status":"publish","type":"post","link":"https:\/\/portalmidia.net\/index.php\/2024\/02\/19\/rafa-sieg-sobre-nosso-lar-2-humaniza-o-olhar-sobre-o-espiritismo\/","title":{"rendered":"Rafa Sieg sobre Nosso Lar 2: \u201cHumaniza o olhar sobre o espiritismo\u201d"},"content":{"rendered":"<p style=\"text-align: justify;\">O ator\u00a0<a href=\"https:\/\/www.instagram.com\/siegrafa\/\" target=\"_blank\" rel=\"nofollow noopener\">Rafa Sieg<\/a>\u00a0conta com diversos personagens no curr\u00edculo, mas um em especial pode ser visto nas telas dos cinemas em\u00a0<a href=\"https:\/\/www.metropoles.com\/entretenimento\/cinema\/nosso-lar-2-quer-manter-prestigio-da-franquia-religiosa-nos-cinemas\">Nosso Lar 2<\/a>. Na trama, ele vive um homem rico, nos anos 1930, que se compromete a ajudar uma casa esp\u00edrita no plano espiritual, mas n\u00e3o executa sua miss\u00e3o na terra.<\/p>\n<div class=\"m-banner-wrap m-banner-rectangle m-publicity-content-middle\" style=\"text-align: justify;\"><\/div>\n<p style=\"text-align: justify;\" data-gtm-vis-recent-on-screen104869357_94=\"31002\" data-gtm-vis-first-on-screen104869357_94=\"31002\" data-gtm-vis-total-visible-time104869357_94=\"100\" data-gtm-vis-has-fired104869357_94=\"1\">Dar vida ao personagem marcou o ator n\u00e3o apenas pelo \u00e2ngulo profissional, mas tamb\u00e9m pelo ponto de vista pessoal. Embora n\u00e3o seja esp\u00edrita, o artista cresceu em uma fam\u00edlia que segue a doutrina \u2014 inclusive, os pais dele dirigiram uma casa esp\u00edrita em Santa Catarina.<\/p>\n<p style=\"text-align: justify;\">\u201cEu estava falando sobre um tema que eu conhecia, que me interessava, me afetava, e principalmente, falando um pouco do livro e do filme desse livro, Os Mensageiros, ele fala sobre a \u2018falhabilidade\u2019 [sic] e eu acho que isso humaniza muito o pr\u00f3prio olhar sobre o espiritismo. Mostrar que podemos falhar enquanto seres humanos\u201d, avalia o ator.<\/p>\n<p style=\"text-align: justify;\">Ele pontua ainda que a vida na Terra \u00e9 a \u00fanica oportunidade de aprender e se melhorar. \u201cN\u00e3o tem outro caminho. \u00c9 como um jogador, \u00e9 s\u00f3 jogando e treinando, n\u00e3o \u00e9 se preparando no banco de reserva, \u00e9 s\u00f3 jogando o jogo que eu vou ter a oportunidade de fazer gol ou de errar, n\u00e9?\u201d<\/p>\n<p style=\"text-align: justify;\">Rafa conta ainda que se sentiu feliz em poder falar sobre o assunto. \u201cEu me apaixonei pela possibilidade de contar uma hist\u00f3ria de algo que me tocava, que me afetava, que tinha a ver comigo tamb\u00e9m\u201d, confessa.<\/p>\n<h3 style=\"text-align: justify;\"><b>Outros projetos<\/b><\/h3>\n<p style=\"text-align: justify;\">Enquanto segue como estrela do longa, o ator, que viveu o matador Solano em Pantanal, se prepara para a estreia de Guerreiros do Sol. Prevista para chegar \u00e0 Globoplay em 2025, a telenovela inspirada no livro de Frederico Pernambuco de Mello fala sobre o canga\u00e7o e o banditismo no Nordeste do pa\u00eds h\u00e1 cerca de 100 anos.<\/p>\n<div class=\"m-banner-wrap m-banner-rectangle m-publicity-content-middle\" style=\"text-align: justify;\"><\/div>\n<p style=\"text-align: justify;\">\u201cFoi muito legal estudar esse projeto e entender esses movimentos todos que existiram nesse Brasil. Como que como que ocorreu essa ocupa\u00e7\u00e3o Brasil adentro, como que essas pessoas foram abandonadas naquele sert\u00e3o que era muito dif\u00edcil de viver, e \u00e9 preciso ser muito guerreiro para sobreviver naquele sert\u00e3o\u201d, revela Sieg.<\/p>\n<p style=\"text-align: justify;\">Ele conta ainda que o personagem \u00e9 um jagun\u00e7o, mas tamb\u00e9m vive uma hist\u00f3ria de amor. \u201cEle se apaixona pela personagem da Alice Carvalho, mas ele acaba se des<\/p>\n<p style=\"text-align: justify;\">\n<p style=\"text-align: justify;\">\n<p style=\"text-align: justify;\">\n<p style=\"text-align: justify;\">metropoles<\/p>\n","protected":false},"excerpt":{"rendered":"<p>O ator\u00a0Rafa Sieg\u00a0conta com diversos personagens no curr\u00edculo, mas um em especial pode ser visto nas telas dos cinemas em\u00a0Nosso Lar 2. Na trama, ele vive um homem rico, nos anos 1930, que se compromete a ajudar uma casa esp\u00edrita no plano espiritual, mas n\u00e3o executa sua miss\u00e3o na terra. Dar vida ao personagem marcou<\/p>\n","protected":false},"author":1,"featured_media":23414,"comment_status":"open","ping_status":"open","sticky":false,"template":"","format":"standard","meta":{"_eb_attr":"","footnotes":""},"categories":[7,11],"tags":[],"class_list":["post-23411","post","type-post","status-publish","format-standard","has-post-thumbnail","hentry","category-destaque","category-famosos"],"_links":{"self":[{"href":"https:\/\/portalmidia.net\/index.php\/wp-json\/wp\/v2\/posts\/23411","targetHints":{"allow":["GET"]}}],"collection":[{"href":"https:\/\/portalmidia.net\/index.php\/wp-json\/wp\/v2\/posts"}],"about":[{"href":"https:\/\/portalmidia.net\/index.php\/wp-json\/wp\/v2\/types\/post"}],"author":[{"embeddable":true,"href":"https:\/\/portalmidia.net\/index.php\/wp-json\/wp\/v2\/users\/1"}],"replies":[{"embeddable":true,"href":"https:\/\/portalmidia.net\/index.php\/wp-json\/wp\/v2\/comments?post=23411"}],"version-history":[{"count":1,"href":"https:\/\/portalmidia.net\/index.php\/wp-json\/wp\/v2\/posts\/23411\/revisions"}],"predecessor-version":[{"id":23415,"href":"https:\/\/portalmidia.net\/index.php\/wp-json\/wp\/v2\/posts\/23411\/revisions\/23415"}],"wp:featuredmedia":[{"embeddable":true,"href":"https:\/\/portalmidia.net\/index.php\/wp-json\/wp\/v2\/media\/23414"}],"wp:attachment":[{"href":"https:\/\/portalmidia.net\/index.php\/wp-json\/wp\/v2\/media?parent=23411"}],"wp:term":[{"taxonomy":"category","embeddable":true,"href":"https:\/\/portalmidia.net\/index.php\/wp-json\/wp\/v2\/categories?post=23411"},{"taxonomy":"post_tag","embeddable":true,"href":"https:\/\/portalmidia.net\/index.php\/wp-json\/wp\/v2\/tags?post=23411"}],"curies":[{"name":"wp","href":"https:\/\/api.w.org\/{rel}","templated":true}]}}