 {"id":23830,"date":"2024-02-23T17:42:30","date_gmt":"2024-02-23T20:42:30","guid":{"rendered":"https:\/\/portalmidia.net\/?p=23830"},"modified":"2024-02-23T17:42:30","modified_gmt":"2024-02-23T20:42:30","slug":"prefeito-elias-costa-e-empossado-para-nova-diretoria-da-famup","status":"publish","type":"post","link":"https:\/\/portalmidia.net\/index.php\/2024\/02\/23\/prefeito-elias-costa-e-empossado-para-nova-diretoria-da-famup\/","title":{"rendered":"Prefeito Elias Costa \u00e9 empossado para nova diretoria da FAMUP"},"content":{"rendered":"<p style=\"text-align: justify;\">Foi realizado no audit\u00f3rio da Associa\u00e7\u00e3o dos Plantadores de Cana da Para\u00edba (ASPLAN), em Jo\u00e3o Pessoa, no dia 31 de janeiro, a\u00a0 cerim\u00f4nia de posse da nova diretoria da Federa\u00e7\u00e3o das Associa\u00e7\u00f5es de Munic\u00edpios da Para\u00edba (Famup) eleita para o tri\u00eanio 2024\/2026.<\/p>\n<p style=\"text-align: justify;\">\nO atual presidente George Coelho foi reconduzido \u00e0 presid\u00eancia da entidade por unanimidade entre os participantes do processo eleitoral. A nova diretoria \u00e9 composta ainda pelo prefeito Andr\u00e9 Gomes (Boa Vista) como 1\u00ba vice-presidente; Anna Lorena (Monteiro) como 2\u00ba vice-presidente; Roberto Bayma (Bom Jesus) como 3\u00ba vice-presidente; S\u00e9rgio Lima (Ba\u00eda da Trai\u00e7\u00e3o) como 4\u00ba vice-presidente; Allan Bastos (Pedra Branca) como 1\u00ba secret\u00e1rio; Jarcques L\u00facio (S\u00e3o Bento) como 2\u00ba secret\u00e1rio; Bevilacqua Matias (Juazeirinho) como 3\u00ba secret\u00e1rio; Joyce Renally (Duas Estradas) como 1\u00ba tesoureira e Jos\u00e9 Alexandre (Santa Luzia) como 2\u00ba tesoureiro.<\/p>\n<p style=\"text-align: justify;\">\nTamb\u00e9m comp\u00f5e a diretoria no Conselho Fiscal: Maria Rodrigues (Alagoinha); Adriano Wolff (S\u00e3o Sebasti\u00e3o do Umbuzeiro); Neto Nepomuceno (Barra de Santa Roza); Cl\u00e1udia Mac\u00e1rio (Quixaba); Doutor L\u00facio (Itabaiana); Tiago Castro (Cabaceiras); Vital Costa (Araruna); Elias Costa (Jacara\u00fa); Ricardo Pereira (Princesa Isabel) e Jos\u00e9 Ben\u00edcio Neto (Pilar).<\/p>\n<p style=\"text-align: justify;\">\nO prefeito Elias Costa, parabenizou George Coelho e todos os membros da nova diretoria pela vit\u00f3ria, e disse que \u00e9 um momento de uni\u00e3o e fortalecimento dos munic\u00edpios para enfrentar os desafios, pois todos unidos com um objetivo em comum, todos os munic\u00edpios ganham.<\/p>\n<p style=\"text-align: justify;\">\nAo longo da trajet\u00f3ria, de 29 anos, a Famup vem assegurando para os munic\u00edpios paraibanos parcerias e vit\u00f3rias importantes que fortalecem o municipalismo. Por isso, a Federa\u00e7\u00e3o tem seu trabalho em defesa dos munic\u00edpios e da popula\u00e7\u00e3o paraibana reconhecido em todo o Brasil.<\/p>\n<p><img fetchpriority=\"high\" decoding=\"async\" class=\"aligncenter size-large wp-image-23819\" src=\"https:\/\/portalmidia.net\/wp-content\/uploads\/2024\/02\/WhatsApp-Image-2024-02-23-at-16.51.35-1024x682.jpeg\" alt=\"\" width=\"640\" height=\"426\" srcset=\"https:\/\/portalmidia.net\/wp-content\/uploads\/2024\/02\/WhatsApp-Image-2024-02-23-at-16.51.35-1024x682.jpeg 1024w, https:\/\/portalmidia.net\/wp-content\/uploads\/2024\/02\/WhatsApp-Image-2024-02-23-at-16.51.35-300x200.jpeg 300w, https:\/\/portalmidia.net\/wp-content\/uploads\/2024\/02\/WhatsApp-Image-2024-02-23-at-16.51.35-768x512.jpeg 768w, https:\/\/portalmidia.net\/wp-content\/uploads\/2024\/02\/WhatsApp-Image-2024-02-23-at-16.51.35.jpeg 1280w\" sizes=\"(max-width: 640px) 100vw, 640px\" \/> <img decoding=\"async\" class=\"aligncenter size-large wp-image-23818\" src=\"https:\/\/portalmidia.net\/wp-content\/uploads\/2024\/02\/WhatsApp-Image-2024-02-23-at-16.51.35-1-1024x682.jpeg\" alt=\"\" width=\"640\" height=\"426\" srcset=\"https:\/\/portalmidia.net\/wp-content\/uploads\/2024\/02\/WhatsApp-Image-2024-02-23-at-16.51.35-1-1024x682.jpeg 1024w, https:\/\/portalmidia.net\/wp-content\/uploads\/2024\/02\/WhatsApp-Image-2024-02-23-at-16.51.35-1-300x200.jpeg 300w, https:\/\/portalmidia.net\/wp-content\/uploads\/2024\/02\/WhatsApp-Image-2024-02-23-at-16.51.35-1-768x512.jpeg 768w, https:\/\/portalmidia.net\/wp-content\/uploads\/2024\/02\/WhatsApp-Image-2024-02-23-at-16.51.35-1.jpeg 1280w\" sizes=\"(max-width: 640px) 100vw, 640px\" \/> <img decoding=\"async\" class=\"aligncenter size-large wp-image-23817\" src=\"https:\/\/portalmidia.net\/wp-content\/uploads\/2024\/02\/WhatsApp-Image-2024-02-23-at-16.51.35-2-1024x682.jpeg\" alt=\"\" width=\"640\" height=\"426\" srcset=\"https:\/\/portalmidia.net\/wp-content\/uploads\/2024\/02\/WhatsApp-Image-2024-02-23-at-16.51.35-2-1024x682.jpeg 1024w, https:\/\/portalmidia.net\/wp-content\/uploads\/2024\/02\/WhatsApp-Image-2024-02-23-at-16.51.35-2-300x200.jpeg 300w, https:\/\/portalmidia.net\/wp-content\/uploads\/2024\/02\/WhatsApp-Image-2024-02-23-at-16.51.35-2-768x512.jpeg 768w, https:\/\/portalmidia.net\/wp-content\/uploads\/2024\/02\/WhatsApp-Image-2024-02-23-at-16.51.35-2.jpeg 1280w\" sizes=\"(max-width: 640px) 100vw, 640px\" \/> <img loading=\"lazy\" decoding=\"async\" class=\"aligncenter size-large wp-image-23816\" src=\"https:\/\/portalmidia.net\/wp-content\/uploads\/2024\/02\/WhatsApp-Image-2024-02-23-at-16.51.36-1024x682.jpeg\" alt=\"\" width=\"640\" height=\"426\" srcset=\"https:\/\/portalmidia.net\/wp-content\/uploads\/2024\/02\/WhatsApp-Image-2024-02-23-at-16.51.36-1024x682.jpeg 1024w, https:\/\/portalmidia.net\/wp-content\/uploads\/2024\/02\/WhatsApp-Image-2024-02-23-at-16.51.36-300x200.jpeg 300w, https:\/\/portalmidia.net\/wp-content\/uploads\/2024\/02\/WhatsApp-Image-2024-02-23-at-16.51.36-768x512.jpeg 768w, https:\/\/portalmidia.net\/wp-content\/uploads\/2024\/02\/WhatsApp-Image-2024-02-23-at-16.51.36.jpeg 1280w\" sizes=\"(max-width: 640px) 100vw, 640px\" \/> <img loading=\"lazy\" decoding=\"async\" class=\"aligncenter size-large wp-image-23815\" src=\"https:\/\/portalmidia.net\/wp-content\/uploads\/2024\/02\/WhatsApp-Image-2024-02-23-at-16.51.36-1-1024x682.jpeg\" alt=\"\" width=\"640\" height=\"426\" srcset=\"https:\/\/portalmidia.net\/wp-content\/uploads\/2024\/02\/WhatsApp-Image-2024-02-23-at-16.51.36-1-1024x682.jpeg 1024w, https:\/\/portalmidia.net\/wp-content\/uploads\/2024\/02\/WhatsApp-Image-2024-02-23-at-16.51.36-1-300x200.jpeg 300w, https:\/\/portalmidia.net\/wp-content\/uploads\/2024\/02\/WhatsApp-Image-2024-02-23-at-16.51.36-1-768x512.jpeg 768w, https:\/\/portalmidia.net\/wp-content\/uploads\/2024\/02\/WhatsApp-Image-2024-02-23-at-16.51.36-1.jpeg 1280w\" sizes=\"(max-width: 640px) 100vw, 640px\" \/> <img loading=\"lazy\" decoding=\"async\" class=\"aligncenter size-large wp-image-23814\" src=\"https:\/\/portalmidia.net\/wp-content\/uploads\/2024\/02\/WhatsApp-Image-2024-02-23-at-16.51.36-2-1024x575.jpeg\" alt=\"\" width=\"640\" height=\"359\" srcset=\"https:\/\/portalmidia.net\/wp-content\/uploads\/2024\/02\/WhatsApp-Image-2024-02-23-at-16.51.36-2-1024x575.jpeg 1024w, https:\/\/portalmidia.net\/wp-content\/uploads\/2024\/02\/WhatsApp-Image-2024-02-23-at-16.51.36-2-300x169.jpeg 300w, https:\/\/portalmidia.net\/wp-content\/uploads\/2024\/02\/WhatsApp-Image-2024-02-23-at-16.51.36-2-768x431.jpeg 768w, https:\/\/portalmidia.net\/wp-content\/uploads\/2024\/02\/WhatsApp-Image-2024-02-23-at-16.51.36-2.jpeg 1280w\" sizes=\"(max-width: 640px) 100vw, 640px\" \/><\/p>\n","protected":false},"excerpt":{"rendered":"<p>Foi realizado no audit\u00f3rio da Associa\u00e7\u00e3o dos Plantadores de Cana da Para\u00edba (ASPLAN), em Jo\u00e3o Pessoa, no dia 31 de janeiro, a\u00a0 cerim\u00f4nia de posse da nova diretoria da Federa\u00e7\u00e3o das Associa\u00e7\u00f5es de Munic\u00edpios da Para\u00edba (Famup) eleita para o tri\u00eanio 2024\/2026. O atual presidente George Coelho foi reconduzido \u00e0 presid\u00eancia da entidade por unanimidade<\/p>\n","protected":false},"author":1,"featured_media":23820,"comment_status":"open","ping_status":"open","sticky":false,"template":"","format":"standard","meta":{"_eb_attr":"","footnotes":""},"categories":[7,3],"tags":[],"class_list":["post-23830","post","type-post","status-publish","format-standard","has-post-thumbnail","hentry","category-destaque","category-politica"],"_links":{"self":[{"href":"https:\/\/portalmidia.net\/index.php\/wp-json\/wp\/v2\/posts\/23830","targetHints":{"allow":["GET"]}}],"collection":[{"href":"https:\/\/portalmidia.net\/index.php\/wp-json\/wp\/v2\/posts"}],"about":[{"href":"https:\/\/portalmidia.net\/index.php\/wp-json\/wp\/v2\/types\/post"}],"author":[{"embeddable":true,"href":"https:\/\/portalmidia.net\/index.php\/wp-json\/wp\/v2\/users\/1"}],"replies":[{"embeddable":true,"href":"https:\/\/portalmidia.net\/index.php\/wp-json\/wp\/v2\/comments?post=23830"}],"version-history":[{"count":1,"href":"https:\/\/portalmidia.net\/index.php\/wp-json\/wp\/v2\/posts\/23830\/revisions"}],"predecessor-version":[{"id":23835,"href":"https:\/\/portalmidia.net\/index.php\/wp-json\/wp\/v2\/posts\/23830\/revisions\/23835"}],"wp:featuredmedia":[{"embeddable":true,"href":"https:\/\/portalmidia.net\/index.php\/wp-json\/wp\/v2\/media\/23820"}],"wp:attachment":[{"href":"https:\/\/portalmidia.net\/index.php\/wp-json\/wp\/v2\/media?parent=23830"}],"wp:term":[{"taxonomy":"category","embeddable":true,"href":"https:\/\/portalmidia.net\/index.php\/wp-json\/wp\/v2\/categories?post=23830"},{"taxonomy":"post_tag","embeddable":true,"href":"https:\/\/portalmidia.net\/index.php\/wp-json\/wp\/v2\/tags?post=23830"}],"curies":[{"name":"wp","href":"https:\/\/api.w.org\/{rel}","templated":true}]}}