 {"id":23836,"date":"2024-02-23T17:48:49","date_gmt":"2024-02-23T20:48:49","guid":{"rendered":"https:\/\/portalmidia.net\/?p=23836"},"modified":"2024-02-23T17:48:49","modified_gmt":"2024-02-23T20:48:49","slug":"do-silencio-a-patifaria-golpista","status":"publish","type":"post","link":"https:\/\/portalmidia.net\/index.php\/2024\/02\/23\/do-silencio-a-patifaria-golpista\/","title":{"rendered":"Do Sil\u00eancio a Patifaria Golpista!"},"content":{"rendered":"<p style=\"text-align: justify;\">\n<p style=\"text-align: justify;\"><img decoding=\"async\" src=\"https:\/\/blogger.googleusercontent.com\/img\/a\/AVvXsEhUVl3vIwyfNBQj_5j9ZNMgG_KGKhLuwyxvGKvUfhETT4qrJveFcJPqOdxoF2EMLeGpWtCHC95tMSGNI5k41zJaObUc33oD3KZGNuanC7pECY5aQtX-wn9enpeRVm8idvipwWuk8WICjOClm_6MMK4BB05wMk_iIbVI-watZi9a0R6AwQBhK2cpW-2ky8I\" \/><\/p>\n<p style=\"text-align: justify;\">Tadinho, coitadinho, bichinho est\u00e1 sendo perseguido. A Ditadura de toga, o Sr. Alexandre de Moraes \u00e9 um cora\u00e7\u00e3o de pedra.<\/p>\n<p style=\"text-align: justify;\">\nPatifaria, golpistas, autorit\u00e1rios, antidemocr\u00e1ticos, corruptos e propagadores de mentiras e de \u00f3dios.<br \/>\nFalastr\u00e3o, turr\u00e3o, amea\u00e7ador da paz e ordem p\u00fablica, incitador de golpe e quebra da ordem democr\u00e1tica e republicana.<\/p>\n<p style=\"text-align: justify;\">\nPerder a voz para esconder a l\u00edngua podre do golpista n\u00e3o vai servir comi t\u00e1bua de salva\u00e7\u00e3o, pois o discurso golpista j\u00e1 est\u00e1 escrito e dito de diferentes maneiras.<\/p>\n<p style=\"text-align: justify;\">\nNunca defenderam e nem apoiaram o Estado Democr\u00e1tico de Direito. Dizia: &#8220;Vamos metralhar a PeTralhada!&#8221;; &#8220;Alexandre de Moraes deixa de ser cabalha;&#8221;, &#8220;Essa ditadura comunista do Supremo vai acabar!&#8221;.<\/p>\n<p style=\"text-align: justify;\">\nFalastr\u00e3o de palavr\u00f5es e frases desconexas sobre armar cidad\u00e3os de bem para uma guerra civil. Turr\u00e3o amea\u00e7ador da paz e ordem p\u00fablica, incitador de golpe e quebra da ordem democr\u00e1tica e republicana.<\/p>\n<p style=\"text-align: justify;\">\nBolsonaro deixou claro e muito claro que queria dar um golpe de Estado e continua agindo assim. Dia 25\/02 ser\u00e1 uma declara\u00e7\u00e3o de luta armada com milianos e CCC,s armados na Avenida Paulista e em outros pontos do pa\u00eds?<\/p>\n<p style=\"text-align: justify;\">\nO debochado com a morte das pessoas por Covid-19, o defensor da cloriquina, o agressor de jornalistas, de mulheres e negros, acha que ficando calado vai escapar?<\/p>\n<p style=\"text-align: justify;\">\nO 8 de janeiro foi apenas o \u00e1pice de uma extrema direita golpista que usou suas massas de manobras para como gado ou boi de piranha, criar um fato terrorista suficiente para dar um golpe de Estado.<\/p>\n<p style=\"text-align: justify;\">\nDigo uma coisa, estes caras est\u00e3o a\u00ed esperando, usando a liberdade e a democracia para continuar com suas pr\u00e1ticas golpistas e a justi\u00e7a \u00e9 lenta, portanto \u00e9 preciso ALERTAR todos e todas para resistirem ais patifes de plant\u00e3o.<\/p>\n<p style=\"text-align: justify;\">\nO ex\u00e9rcito que gastou milh\u00f5es com leite condensado e pr\u00f3tese peniana, pode preparar celas de luxo, pois tem general e capit\u00e3o com o acento na m\u00e3o e sabemos que tem muitos militares s\u00e9rios est\u00e3o roendo uma rapadura para colocar Bolsonaro e seu comparsas nas quatro linhas da jaula. Mas n\u00e3o falta lugar para prender esses extremistas, das depencias da PF a Papuda, al\u00e9m de outras pris\u00f5es federais, desde que n\u00e3o seja a de Mossor\u00f3.<\/p>\n<p style=\"text-align: justify;\">\n<p style=\"text-align: center;\">Por Belarmino Mariano<\/p>\n<p style=\"text-align: center;\"><img fetchpriority=\"high\" decoding=\"async\" class=\"aligncenter size-large wp-image-14215\" src=\"https:\/\/portalmidia.net\/wp-content\/uploads\/2023\/11\/WhatsApp-Image-2023-11-03-at-11.43.20-576x1024.jpeg\" alt=\"\" width=\"576\" height=\"1024\" srcset=\"https:\/\/portalmidia.net\/wp-content\/uploads\/2023\/11\/WhatsApp-Image-2023-11-03-at-11.43.20-576x1024.jpeg 576w, https:\/\/portalmidia.net\/wp-content\/uploads\/2023\/11\/WhatsApp-Image-2023-11-03-at-11.43.20-169x300.jpeg 169w, https:\/\/portalmidia.net\/wp-content\/uploads\/2023\/11\/WhatsApp-Image-2023-11-03-at-11.43.20-768x1365.jpeg 768w, https:\/\/portalmidia.net\/wp-content\/uploads\/2023\/11\/WhatsApp-Image-2023-11-03-at-11.43.20-864x1536.jpeg 864w, https:\/\/portalmidia.net\/wp-content\/uploads\/2023\/11\/WhatsApp-Image-2023-11-03-at-11.43.20-338x600.jpeg 338w, https:\/\/portalmidia.net\/wp-content\/uploads\/2023\/11\/WhatsApp-Image-2023-11-03-at-11.43.20.jpeg 900w\" sizes=\"(max-width: 576px) 100vw, 576px\" \/><\/p>\n<p style=\"text-align: justify;\">\n","protected":false},"excerpt":{"rendered":"<p>Tadinho, coitadinho, bichinho est\u00e1 sendo perseguido. A Ditadura de toga, o Sr. Alexandre de Moraes \u00e9 um cora\u00e7\u00e3o de pedra. Patifaria, golpistas, autorit\u00e1rios, antidemocr\u00e1ticos, corruptos e propagadores de mentiras e de \u00f3dios. Falastr\u00e3o, turr\u00e3o, amea\u00e7ador da paz e ordem p\u00fablica, incitador de golpe e quebra da ordem democr\u00e1tica e republicana. Perder a voz para esconder<\/p>\n","protected":false},"author":1,"featured_media":14215,"comment_status":"open","ping_status":"open","sticky":false,"template":"","format":"standard","meta":{"_eb_attr":"","footnotes":""},"categories":[279],"tags":[],"class_list":["post-23836","post","type-post","status-publish","format-standard","has-post-thumbnail","hentry","category-colunistas"],"_links":{"self":[{"href":"https:\/\/portalmidia.net\/index.php\/wp-json\/wp\/v2\/posts\/23836","targetHints":{"allow":["GET"]}}],"collection":[{"href":"https:\/\/portalmidia.net\/index.php\/wp-json\/wp\/v2\/posts"}],"about":[{"href":"https:\/\/portalmidia.net\/index.php\/wp-json\/wp\/v2\/types\/post"}],"author":[{"embeddable":true,"href":"https:\/\/portalmidia.net\/index.php\/wp-json\/wp\/v2\/users\/1"}],"replies":[{"embeddable":true,"href":"https:\/\/portalmidia.net\/index.php\/wp-json\/wp\/v2\/comments?post=23836"}],"version-history":[{"count":1,"href":"https:\/\/portalmidia.net\/index.php\/wp-json\/wp\/v2\/posts\/23836\/revisions"}],"predecessor-version":[{"id":23838,"href":"https:\/\/portalmidia.net\/index.php\/wp-json\/wp\/v2\/posts\/23836\/revisions\/23838"}],"wp:featuredmedia":[{"embeddable":true,"href":"https:\/\/portalmidia.net\/index.php\/wp-json\/wp\/v2\/media\/14215"}],"wp:attachment":[{"href":"https:\/\/portalmidia.net\/index.php\/wp-json\/wp\/v2\/media?parent=23836"}],"wp:term":[{"taxonomy":"category","embeddable":true,"href":"https:\/\/portalmidia.net\/index.php\/wp-json\/wp\/v2\/categories?post=23836"},{"taxonomy":"post_tag","embeddable":true,"href":"https:\/\/portalmidia.net\/index.php\/wp-json\/wp\/v2\/tags?post=23836"}],"curies":[{"name":"wp","href":"https:\/\/api.w.org\/{rel}","templated":true}]}}