 {"id":24441,"date":"2024-02-29T08:37:20","date_gmt":"2024-02-29T11:37:20","guid":{"rendered":"https:\/\/portalmidia.net\/?p=24441"},"modified":"2024-02-29T08:37:20","modified_gmt":"2024-02-29T11:37:20","slug":"stf-tem-maioria-para-unificar-futura-decisao-sobre-uber-e-motoristas","status":"publish","type":"post","link":"https:\/\/portalmidia.net\/index.php\/2024\/02\/29\/stf-tem-maioria-para-unificar-futura-decisao-sobre-uber-e-motoristas\/","title":{"rendered":"STF tem maioria para unificar futura decis\u00e3o sobre Uber e motoristas"},"content":{"rendered":"<p style=\"text-align: justify;\">O Supremo Tribunal Federal (STF) formou, nesta quarta-feira (28), maioria de votos para reconhecer que a Corte deve unificar o entendimento futuro sobre o v\u00ednculo de emprego entre motoristas de aplicativo e a plataforma Uber.<img decoding=\"async\" src=\"https:\/\/agenciabrasil.ebc.com.br\/ebc.png?id=1583401&amp;o=node\" \/><img decoding=\"async\" src=\"https:\/\/agenciabrasil.ebc.com.br\/ebc.gif?id=1583401&amp;o=node\" \/><\/p>\n<p style=\"text-align: justify;\">At\u00e9 o momento, \u00a0Supremo tem placar de 6 votos a 0 a favor do reconhecimento da chamada repercuss\u00e3o geral, mecanismo que obriga todo o Judici\u00e1rio a seguir o entendimento do STF ap\u00f3s o julgamento de uma causa. O julgamento ocorre no plen\u00e1rio virtual e ser\u00e1 encerrado no dia 1\u00b0 de mar\u00e7o.<\/p>\n<p style=\"text-align: justify;\">Ap\u00f3s decidir sobre o reconhecimento da repercuss\u00e3o geral, o Supremo vai marcar novo julgamento para decidir definitivamente sobre a validade do v\u00ednculo de emprego dos motoristas com os aplicativos.<\/p>\n<p style=\"text-align: justify;\">Atualmente, grande parte das decis\u00f5es da Justi\u00e7a do Trabalho reconhece v\u00ednculo empregat\u00edcio dos motoristas com as plataformas, mas o pr\u00f3prio Supremo tem decis\u00f5es contr\u00e1rias.<\/p>\n<p style=\"text-align: justify;\">Em dezembro do ano passado, a Primeira Turma da Corte entendeu que n\u00e3o h\u00e1 v\u00ednculo com as plataformas. O mesmo entendimento j\u00e1 foi tomado pelo plen\u00e1rio em decis\u00f5es v\u00e1lidas para casos concretos.<\/p>\n<p style=\"text-align: justify;\">\n<p style=\"text-align: justify;\">\n<p style=\"text-align: justify;\">\n<p style=\"text-align: justify;\">\n<p style=\"text-align: justify;\">\n<p style=\"text-align: justify;\">\n<p style=\"text-align: justify;\">agenciabrasil<\/p>\n","protected":false},"excerpt":{"rendered":"<p>O Supremo Tribunal Federal (STF) formou, nesta quarta-feira (28), maioria de votos para reconhecer que a Corte deve unificar o entendimento futuro sobre o v\u00ednculo de emprego entre motoristas de aplicativo e a plataforma Uber. At\u00e9 o momento, \u00a0Supremo tem placar de 6 votos a 0 a favor do reconhecimento da chamada repercuss\u00e3o geral, mecanismo<\/p>\n","protected":false},"author":1,"featured_media":24447,"comment_status":"open","ping_status":"open","sticky":false,"template":"","format":"standard","meta":{"_eb_attr":"","footnotes":""},"categories":[7,3],"tags":[],"class_list":["post-24441","post","type-post","status-publish","format-standard","has-post-thumbnail","hentry","category-destaque","category-politica"],"_links":{"self":[{"href":"https:\/\/portalmidia.net\/index.php\/wp-json\/wp\/v2\/posts\/24441","targetHints":{"allow":["GET"]}}],"collection":[{"href":"https:\/\/portalmidia.net\/index.php\/wp-json\/wp\/v2\/posts"}],"about":[{"href":"https:\/\/portalmidia.net\/index.php\/wp-json\/wp\/v2\/types\/post"}],"author":[{"embeddable":true,"href":"https:\/\/portalmidia.net\/index.php\/wp-json\/wp\/v2\/users\/1"}],"replies":[{"embeddable":true,"href":"https:\/\/portalmidia.net\/index.php\/wp-json\/wp\/v2\/comments?post=24441"}],"version-history":[{"count":1,"href":"https:\/\/portalmidia.net\/index.php\/wp-json\/wp\/v2\/posts\/24441\/revisions"}],"predecessor-version":[{"id":24448,"href":"https:\/\/portalmidia.net\/index.php\/wp-json\/wp\/v2\/posts\/24441\/revisions\/24448"}],"wp:featuredmedia":[{"embeddable":true,"href":"https:\/\/portalmidia.net\/index.php\/wp-json\/wp\/v2\/media\/24447"}],"wp:attachment":[{"href":"https:\/\/portalmidia.net\/index.php\/wp-json\/wp\/v2\/media?parent=24441"}],"wp:term":[{"taxonomy":"category","embeddable":true,"href":"https:\/\/portalmidia.net\/index.php\/wp-json\/wp\/v2\/categories?post=24441"},{"taxonomy":"post_tag","embeddable":true,"href":"https:\/\/portalmidia.net\/index.php\/wp-json\/wp\/v2\/tags?post=24441"}],"curies":[{"name":"wp","href":"https:\/\/api.w.org\/{rel}","templated":true}]}}