 {"id":25208,"date":"2024-03-08T08:10:55","date_gmt":"2024-03-08T11:10:55","guid":{"rendered":"https:\/\/portalmidia.net\/?p=25208"},"modified":"2024-03-08T08:10:55","modified_gmt":"2024-03-08T11:10:55","slug":"deputado-e-solto-apos-assembleia-derrubar-decisao-de-moraes","status":"publish","type":"post","link":"https:\/\/portalmidia.net\/index.php\/2024\/03\/08\/deputado-e-solto-apos-assembleia-derrubar-decisao-de-moraes\/","title":{"rendered":"Deputado \u00e9 solto ap\u00f3s assembleia derrubar decis\u00e3o de Moraes"},"content":{"rendered":"<p style=\"text-align: justify;\">Preso desde 29\/2, o deputado estadual Capit\u00e3o Assum\u00e7\u00e3o (PL-ES) foi solto na noite desta quinta-feira (7\/3) ap\u00f3s a\u00a0Assembleia Legislativa do Esp\u00edrito Santo\u00a0derrubar a decis\u00e3o do ministro\u00a0Alexandre de Moraes, do STF, que levou o parlamentar \u00e0 pris\u00e3o.<\/p>\n<div class=\"m-banner-wrap m-banner-rectangle m-publicity-content-middle\" style=\"text-align: justify;\"><\/div>\n<p style=\"text-align: justify;\" data-gtm-vis-recent-on-screen104869357_94=\"326699\" data-gtm-vis-first-on-screen104869357_94=\"326699\" data-gtm-vis-total-visible-time104869357_94=\"100\" data-gtm-vis-has-fired104869357_94=\"1\">Ao receber o comunicado sobre a revoga\u00e7\u00e3o da pris\u00e3o, Moraes encaminhou a determina\u00e7\u00e3o de soltura \u00e0s autoridades competentes. Policial militar, o deputado estava detido em um batalh\u00e3o da PM em Vit\u00f3ria.<\/p>\n<p style=\"text-align: justify;\">Capit\u00e3o Assum\u00e7\u00e3o ter\u00e1 de entregar o passaporte, est\u00e1 proibido de se ausentar do estado e permanece impedido de postar em redes sociais. Moraes tamb\u00e9m restringiu seu porte de arma de fogo.<\/p>\n<p style=\"text-align: justify;\">No \u00faltimo dia 29\/2, Alexandre determinou a pris\u00e3o preventiva de Capit\u00e3o Assum\u00e7\u00e3o com a justificativa de que ele descumpriu medida cautelar e usou o TikTok para fazer postagens direcionadas ao Supremo Tribunal Federal (STF).<\/p>\n<p style=\"text-align: justify;\">De acordo com Moraes, as publica\u00e7\u00f5es do deputado afrontavam o Estado Democr\u00e1tico de Direito.<\/p>\n<p style=\"text-align: justify;\">Nesta quarta-feira (6\/3), a Assembleia Legislativa do Esp\u00edrito Santo decidiu, por 24 votos a 4, revogar a pris\u00e3o de Assum\u00e7\u00e3o. Curiosamente, a medida s\u00f3 foi poss\u00edvel por conta de\u00a0um voto proferido pelo pr\u00f3prio ministro\u00a0Alexandre de Moraes em 2022.<\/p>\n<p style=\"text-align: justify;\">Na ocasi\u00e3o, ele votou para estender a imunidade de deputados federais aos estaduais, caso de Capit\u00e3o Assum\u00e7\u00e3o. O placar final ficou em seis votos a cinco.<\/p>\n<p style=\"text-align: justify;\">Ao aprovar a soltura do deputado, a assembleia invocou a imunidade parlamentar. \u201cA Constitui\u00e7\u00e3o estabelece que deputados n\u00e3o podem ser presos salvo em caso de flagrante de crime inafian\u00e7\u00e1vel\u201d. A sess\u00e3o foi conduzida pelo presidente da Casa, Marcelo Santos (Podemos).<\/p>\n<p style=\"text-align: justify;\">\n<p style=\"text-align: justify;\">\n<p style=\"text-align: justify;\">\n<p style=\"text-align: justify;\">\n<p style=\"text-align: justify;\">\n<p style=\"text-align: justify;\">metropoles<\/p>\n","protected":false},"excerpt":{"rendered":"<p>Preso desde 29\/2, o deputado estadual Capit\u00e3o Assum\u00e7\u00e3o (PL-ES) foi solto na noite desta quinta-feira (7\/3) ap\u00f3s a\u00a0Assembleia Legislativa do Esp\u00edrito Santo\u00a0derrubar a decis\u00e3o do ministro\u00a0Alexandre de Moraes, do STF, que levou o parlamentar \u00e0 pris\u00e3o. Ao receber o comunicado sobre a revoga\u00e7\u00e3o da pris\u00e3o, Moraes encaminhou a determina\u00e7\u00e3o de soltura \u00e0s autoridades competentes. Policial<\/p>\n","protected":false},"author":1,"featured_media":25211,"comment_status":"open","ping_status":"open","sticky":false,"template":"","format":"standard","meta":{"_eb_attr":"","footnotes":""},"categories":[7,3],"tags":[],"class_list":["post-25208","post","type-post","status-publish","format-standard","has-post-thumbnail","hentry","category-destaque","category-politica"],"_links":{"self":[{"href":"https:\/\/portalmidia.net\/index.php\/wp-json\/wp\/v2\/posts\/25208","targetHints":{"allow":["GET"]}}],"collection":[{"href":"https:\/\/portalmidia.net\/index.php\/wp-json\/wp\/v2\/posts"}],"about":[{"href":"https:\/\/portalmidia.net\/index.php\/wp-json\/wp\/v2\/types\/post"}],"author":[{"embeddable":true,"href":"https:\/\/portalmidia.net\/index.php\/wp-json\/wp\/v2\/users\/1"}],"replies":[{"embeddable":true,"href":"https:\/\/portalmidia.net\/index.php\/wp-json\/wp\/v2\/comments?post=25208"}],"version-history":[{"count":1,"href":"https:\/\/portalmidia.net\/index.php\/wp-json\/wp\/v2\/posts\/25208\/revisions"}],"predecessor-version":[{"id":25213,"href":"https:\/\/portalmidia.net\/index.php\/wp-json\/wp\/v2\/posts\/25208\/revisions\/25213"}],"wp:featuredmedia":[{"embeddable":true,"href":"https:\/\/portalmidia.net\/index.php\/wp-json\/wp\/v2\/media\/25211"}],"wp:attachment":[{"href":"https:\/\/portalmidia.net\/index.php\/wp-json\/wp\/v2\/media?parent=25208"}],"wp:term":[{"taxonomy":"category","embeddable":true,"href":"https:\/\/portalmidia.net\/index.php\/wp-json\/wp\/v2\/categories?post=25208"},{"taxonomy":"post_tag","embeddable":true,"href":"https:\/\/portalmidia.net\/index.php\/wp-json\/wp\/v2\/tags?post=25208"}],"curies":[{"name":"wp","href":"https:\/\/api.w.org\/{rel}","templated":true}]}}