 {"id":25523,"date":"2024-03-13T07:22:08","date_gmt":"2024-03-13T10:22:08","guid":{"rendered":"https:\/\/portalmidia.net\/?p=25523"},"modified":"2024-03-13T07:22:08","modified_gmt":"2024-03-13T10:22:08","slug":"fugitivos-de-mossoro-estariam-perto-de-serem-pegos-raio-muito-curto","status":"publish","type":"post","link":"https:\/\/portalmidia.net\/index.php\/2024\/03\/13\/fugitivos-de-mossoro-estariam-perto-de-serem-pegos-raio-muito-curto\/","title":{"rendered":"Fugitivos de Mossor\u00f3 estariam perto de serem pegos: \u201cRaio muito curto\u201d"},"content":{"rendered":"<p style=\"text-align: justify;\">O refor\u00e7o na matilha de c\u00e3es farejadores para auxiliar as for\u00e7as policiais na captura dos fugitivos da Penitenci\u00e1ria Federal de Mossor\u00f3 tem um motivo. Os investigadores acreditam que, prestes a completar 30 dias, a ca\u00e7ada estaria perto do fim.\u00a0Deibson Cabral Nascimento e Rog\u00e9rio da Silva Mendon\u00e7a\u00a0estariam em um raio muito curto de dist\u00e2ncia.<\/p>\n<div class=\"m-banner-wrap m-banner-rectangle m-publicity-content-middle\" style=\"text-align: justify;\"><\/div>\n<p style=\"text-align: justify;\" data-gtm-vis-recent-on-screen104869357_94=\"323664\" data-gtm-vis-first-on-screen104869357_94=\"323664\" data-gtm-vis-total-visible-time104869357_94=\"100\" data-gtm-vis-has-fired104869357_94=\"1\">Extenuados pela persegui\u00e7\u00e3o, os dois criminosos deixaram rastros importantes para tr\u00e1s, como uma camisa abandonada em uma regi\u00e3o de mata. A pe\u00e7a foi usada para agu\u00e7ar o faro dos c\u00e3es que integram as equipes de captura. Com tais vest\u00edgios encontrados, a Secretaria Nacional de Pol\u00edticas Penais (Sennapen) requisitou um refor\u00e7o na equipe de c\u00e3es.<\/p>\n<p style=\"text-align: justify;\">Para fechar o cerco contra a dupla de condenados que est\u00e1 em fuga h\u00e1 quase 30 dias, uma cadela treinada pelo Corpo de Bombeiros do Rio de Janeiro participar\u00e1 das opera\u00e7\u00f5es. Outros dois c\u00e3es e quatro policiais penais de S\u00e3o Paulo tamb\u00e9m v\u00e3o engrossar o efetivo das equipes que est\u00e3o no encal\u00e7o dos dois fugitivos. As for\u00e7as policiais devem ampliar a \u00e1rea de buscas, na zona rural de Bara\u00fana (RN), e tentar encurralar os criminosos.<\/p>\n<h3 style=\"text-align: justify;\"><strong>Disfarces<\/strong><\/h3>\n<p style=\"text-align: justify;\">Nesta semana, a Pol\u00edcia Federal (PF) divulgou\u00a0simula\u00e7\u00f5es que mostram poss\u00edveis disfarces dos fugitivos. Papiloscopistas do setor de Representa\u00e7\u00e3o Facial Humana do Instituto Nacional de Criminal\u00edstica (INI) da PF, em Bras\u00edlia, fizeram proje\u00e7\u00f5es de crescimento de cabelo e barba, bem como do uso de disfarces.<\/p>\n<p style=\"text-align: justify;\">Com as imagens, a PF espera que a popula\u00e7\u00e3o ajude na obten\u00e7\u00e3o de informa\u00e7\u00f5es sobre os fugitivos. Al\u00e9m disso, h\u00e1 uma recompensa de at\u00e9 R$ 30 mil para quem fornecer detalhes sobre o paradeiro dos criminosos.<\/p>\n<p style=\"text-align: justify;\" data-gtm-vis-recent-on-screen104869357_94=\"2363\" data-gtm-vis-first-on-screen104869357_94=\"2363\" data-gtm-vis-total-visible-time104869357_94=\"100\" data-gtm-vis-has-fired104869357_94=\"1\">Como a coluna Na Mira divulgou com exclusividade, a dupla foi expulsa do Comando Vermelho (CV) e est\u00e1 jurada de morte. Deibson e Rog\u00e9rio pertenciam \u00e0 fac\u00e7\u00e3o criminosa at\u00e9 tentarem fugir do Pres\u00eddio Ant\u00f4nio Amaro Alves (AC), em julho de 2023.<\/p>\n<p style=\"text-align: justify;\">A decreta\u00e7\u00e3o das mortes partiu da lideran\u00e7a do CV no estado, justificada por suposta trai\u00e7\u00e3o da dupla, que pretendia fundar uma organiza\u00e7\u00e3o criminosa pr\u00f3pria.<\/p>\n<p style=\"text-align: justify;\">\n<p style=\"text-align: justify;\">\n<p style=\"text-align: justify;\">metropoles<\/p>\n","protected":false},"excerpt":{"rendered":"<p>O refor\u00e7o na matilha de c\u00e3es farejadores para auxiliar as for\u00e7as policiais na captura dos fugitivos da Penitenci\u00e1ria Federal de Mossor\u00f3 tem um motivo. Os investigadores acreditam que, prestes a completar 30 dias, a ca\u00e7ada estaria perto do fim.\u00a0Deibson Cabral Nascimento e Rog\u00e9rio da Silva Mendon\u00e7a\u00a0estariam em um raio muito curto de dist\u00e2ncia. Extenuados pela<\/p>\n","protected":false},"author":1,"featured_media":25528,"comment_status":"open","ping_status":"open","sticky":false,"template":"","format":"standard","meta":{"_eb_attr":"","footnotes":""},"categories":[7,2],"tags":[],"class_list":["post-25523","post","type-post","status-publish","format-standard","has-post-thumbnail","hentry","category-destaque","category-policial"],"_links":{"self":[{"href":"https:\/\/portalmidia.net\/index.php\/wp-json\/wp\/v2\/posts\/25523","targetHints":{"allow":["GET"]}}],"collection":[{"href":"https:\/\/portalmidia.net\/index.php\/wp-json\/wp\/v2\/posts"}],"about":[{"href":"https:\/\/portalmidia.net\/index.php\/wp-json\/wp\/v2\/types\/post"}],"author":[{"embeddable":true,"href":"https:\/\/portalmidia.net\/index.php\/wp-json\/wp\/v2\/users\/1"}],"replies":[{"embeddable":true,"href":"https:\/\/portalmidia.net\/index.php\/wp-json\/wp\/v2\/comments?post=25523"}],"version-history":[{"count":1,"href":"https:\/\/portalmidia.net\/index.php\/wp-json\/wp\/v2\/posts\/25523\/revisions"}],"predecessor-version":[{"id":25531,"href":"https:\/\/portalmidia.net\/index.php\/wp-json\/wp\/v2\/posts\/25523\/revisions\/25531"}],"wp:featuredmedia":[{"embeddable":true,"href":"https:\/\/portalmidia.net\/index.php\/wp-json\/wp\/v2\/media\/25528"}],"wp:attachment":[{"href":"https:\/\/portalmidia.net\/index.php\/wp-json\/wp\/v2\/media?parent=25523"}],"wp:term":[{"taxonomy":"category","embeddable":true,"href":"https:\/\/portalmidia.net\/index.php\/wp-json\/wp\/v2\/categories?post=25523"},{"taxonomy":"post_tag","embeddable":true,"href":"https:\/\/portalmidia.net\/index.php\/wp-json\/wp\/v2\/tags?post=25523"}],"curies":[{"name":"wp","href":"https:\/\/api.w.org\/{rel}","templated":true}]}}