 {"id":25616,"date":"2024-03-13T15:55:27","date_gmt":"2024-03-13T18:55:27","guid":{"rendered":"https:\/\/portalmidia.net\/?p=25616"},"modified":"2024-03-13T15:55:27","modified_gmt":"2024-03-13T18:55:27","slug":"marinha-abre-porta-helicopteros-para-visitacao-no-porto-de-cabedelo-neste-domingo-17","status":"publish","type":"post","link":"https:\/\/portalmidia.net\/index.php\/2024\/03\/13\/marinha-abre-porta-helicopteros-para-visitacao-no-porto-de-cabedelo-neste-domingo-17\/","title":{"rendered":"Marinha abre porta-helic\u00f3pteros para visita\u00e7\u00e3o no Porto de Cabedelo, neste domingo (17)"},"content":{"rendered":"<p style=\"text-align: justify;\">O maior navio de guerra da Am\u00e9rica Latina, Navio Aer\u00f3dromo Multiprop\u00f3sito (NAM)<br \/>\n\u201cAtl\u00e2ntico\u201d (A-140), da Marinha do Brasil, estar\u00e1 aberto para visita\u00e7\u00e3o das 9h \u00e0s 17h deste domingo (17), no Porto de Cabedelo.<\/p>\n<p style=\"text-align: justify;\">A embarca\u00e7\u00e3o, que atraca pela primeira vez no estado, faz parte da Opera\u00e7\u00e3o \u201cADEREX\u201d 2024, na qual a Marinha far\u00e1 exerc\u00edcios na \u00e1rea mar\u00edtima entre Recife (PE) e Cabedelo, como pouso de aeronaves a bordo, procedimentos para controle de intercepta\u00e7\u00e3o de aeronaves, combate a amea\u00e7as diversas, transfer\u00eancia de carga entre navios no mar e emprego de armamento.<\/p>\n<p style=\"text-align: justify;\">\n<p style=\"text-align: justify;\">De acordo com a Marinha, na ocasi\u00e3o, tamb\u00e9m ser\u00e1 promovida uma campanha para arrecada\u00e7\u00e3o de alimentos n\u00e3o perec\u00edveis, que ser\u00e3o destinados a institui\u00e7\u00f5es filantr\u00f3picas da sociedade paraibana.<\/p>\n<p style=\"text-align: justify;\">\n<p style=\"text-align: justify;\">\n<p style=\"text-align: justify;\">\n<p style=\"text-align: justify;\">\n<p style=\"text-align: justify;\">\n<p style=\"text-align: justify;\">Portalcorreio<\/p>\n","protected":false},"excerpt":{"rendered":"<p>O maior navio de guerra da Am\u00e9rica Latina, Navio Aer\u00f3dromo Multiprop\u00f3sito (NAM) \u201cAtl\u00e2ntico\u201d (A-140), da Marinha do Brasil, estar\u00e1 aberto para visita\u00e7\u00e3o das 9h \u00e0s 17h deste domingo (17), no Porto de Cabedelo. A embarca\u00e7\u00e3o, que atraca pela primeira vez no estado, faz parte da Opera\u00e7\u00e3o \u201cADEREX\u201d 2024, na qual a Marinha far\u00e1 exerc\u00edcios na<\/p>\n","protected":false},"author":1,"featured_media":25618,"comment_status":"open","ping_status":"open","sticky":false,"template":"","format":"standard","meta":{"_eb_attr":"","footnotes":""},"categories":[7,13],"tags":[],"class_list":["post-25616","post","type-post","status-publish","format-standard","has-post-thumbnail","hentry","category-destaque","category-noticias"],"_links":{"self":[{"href":"https:\/\/portalmidia.net\/index.php\/wp-json\/wp\/v2\/posts\/25616","targetHints":{"allow":["GET"]}}],"collection":[{"href":"https:\/\/portalmidia.net\/index.php\/wp-json\/wp\/v2\/posts"}],"about":[{"href":"https:\/\/portalmidia.net\/index.php\/wp-json\/wp\/v2\/types\/post"}],"author":[{"embeddable":true,"href":"https:\/\/portalmidia.net\/index.php\/wp-json\/wp\/v2\/users\/1"}],"replies":[{"embeddable":true,"href":"https:\/\/portalmidia.net\/index.php\/wp-json\/wp\/v2\/comments?post=25616"}],"version-history":[{"count":1,"href":"https:\/\/portalmidia.net\/index.php\/wp-json\/wp\/v2\/posts\/25616\/revisions"}],"predecessor-version":[{"id":25619,"href":"https:\/\/portalmidia.net\/index.php\/wp-json\/wp\/v2\/posts\/25616\/revisions\/25619"}],"wp:featuredmedia":[{"embeddable":true,"href":"https:\/\/portalmidia.net\/index.php\/wp-json\/wp\/v2\/media\/25618"}],"wp:attachment":[{"href":"https:\/\/portalmidia.net\/index.php\/wp-json\/wp\/v2\/media?parent=25616"}],"wp:term":[{"taxonomy":"category","embeddable":true,"href":"https:\/\/portalmidia.net\/index.php\/wp-json\/wp\/v2\/categories?post=25616"},{"taxonomy":"post_tag","embeddable":true,"href":"https:\/\/portalmidia.net\/index.php\/wp-json\/wp\/v2\/tags?post=25616"}],"curies":[{"name":"wp","href":"https:\/\/api.w.org\/{rel}","templated":true}]}}