 {"id":25632,"date":"2024-03-14T08:10:01","date_gmt":"2024-03-14T11:10:01","guid":{"rendered":"https:\/\/portalmidia.net\/?p=25632"},"modified":"2024-03-14T08:10:01","modified_gmt":"2024-03-14T11:10:01","slug":"senado-aprova-isencao-de-ipva-para-carros-com-mais-de-20-anos","status":"publish","type":"post","link":"https:\/\/portalmidia.net\/index.php\/2024\/03\/14\/senado-aprova-isencao-de-ipva-para-carros-com-mais-de-20-anos\/","title":{"rendered":"Senado aprova isen\u00e7\u00e3o de IPVA para carros com mais de 20 anos"},"content":{"rendered":"<p style=\"text-align: justify;\">O Senado aprovou\u00a0nesta quarta-feira (13) proposta de\u00a0emenda constitucional, em dois turnos, que isenta ve\u00edculos com mais de 20 anos\u00a0do pagamento do Imposto sobre a Propriedade de Ve\u00edculos Automotores (IPVA).\u00a0O texto vai para an\u00e1lise\u00a0da C\u00e2mara dos Deputados.<img decoding=\"async\" src=\"https:\/\/agenciabrasil.ebc.com.br\/ebc.png?id=1585586&amp;o=node\" \/><img decoding=\"async\" src=\"https:\/\/agenciabrasil.ebc.com.br\/ebc.gif?id=1585586&amp;o=node\" \/><\/p>\n<p style=\"text-align: justify;\">A regra ir\u00e1 atingir cinco estados, onde a isen\u00e7\u00e3o ainda n\u00e3o vigora &#8211; Minas Gerais, Pernambuco, Tocantins, Alagoas e Santa Catarina. Em estados onde j\u00e1 existe algum tipo de isen\u00e7\u00e3o, como Rond\u00f4nia, n\u00e3o ter\u00e1 nenhuma mudan\u00e7a.<\/p>\n<p style=\"text-align: justify;\">&#8220;A regra valer\u00e1 para todo o territ\u00f3rio nacional. No caso daqueles estados onde j\u00e1 h\u00e1 isen\u00e7\u00e3o, a partir de dez ou 15\u00a0anos, a regra atual n\u00e3o muda, continua como est\u00e1. A regra vai vincular seus efeitos a partir dos 20\u00a0anos, porque \u00e9 uma prote\u00e7\u00e3o contra tributar&#8221;, disse o relator, senador Marcos Rog\u00e9rio (PL-RO). Segundo o relator, a medida beneficia popula\u00e7\u00e3o com menor poder aquisitivo, que acaba por comprometer parte significativa da renda para custear o imposto.<\/p>\n<p style=\"text-align: justify;\">A norma n\u00e3o incide para micro\u00f4nibus, \u00f4nibus, reboques e semirreboques.<\/p>\n<p style=\"text-align: justify;\">Pesquisa do Sindicato Nacional da Indu\u0301stria de Componentes para Vei\u0301culos Automotores (Sindipec\u0327as) aponta\u00a0que a frota de vei\u0301culos em circulac\u0327a\u0303o no Brasil e\u0301 a mais velha desde 1995. De 2020 a 2021, o n\u00famero de\u00a0ve\u00edculos com mais de 20 anos de uso cresceu de 2,5 milh\u00f5es para 3,6 milho\u0303es.<\/p>\n<p style=\"text-align: justify;\">\n<p style=\"text-align: justify;\">\n<p style=\"text-align: justify;\">\n<p style=\"text-align: justify;\">\n<p style=\"text-align: justify;\">\n<p style=\"text-align: justify;\">\n<p style=\"text-align: justify;\">\n<p style=\"text-align: justify;\">\n<p style=\"text-align: justify;\">agenciabrasil<\/p>\n","protected":false},"excerpt":{"rendered":"<p>O Senado aprovou\u00a0nesta quarta-feira (13) proposta de\u00a0emenda constitucional, em dois turnos, que isenta ve\u00edculos com mais de 20 anos\u00a0do pagamento do Imposto sobre a Propriedade de Ve\u00edculos Automotores (IPVA).\u00a0O texto vai para an\u00e1lise\u00a0da C\u00e2mara dos Deputados. A regra ir\u00e1 atingir cinco estados, onde a isen\u00e7\u00e3o ainda n\u00e3o vigora &#8211; Minas Gerais, Pernambuco, Tocantins, Alagoas e<\/p>\n","protected":false},"author":1,"featured_media":25636,"comment_status":"open","ping_status":"open","sticky":false,"template":"","format":"standard","meta":{"_eb_attr":"","footnotes":""},"categories":[7,3],"tags":[],"class_list":["post-25632","post","type-post","status-publish","format-standard","has-post-thumbnail","hentry","category-destaque","category-politica"],"_links":{"self":[{"href":"https:\/\/portalmidia.net\/index.php\/wp-json\/wp\/v2\/posts\/25632","targetHints":{"allow":["GET"]}}],"collection":[{"href":"https:\/\/portalmidia.net\/index.php\/wp-json\/wp\/v2\/posts"}],"about":[{"href":"https:\/\/portalmidia.net\/index.php\/wp-json\/wp\/v2\/types\/post"}],"author":[{"embeddable":true,"href":"https:\/\/portalmidia.net\/index.php\/wp-json\/wp\/v2\/users\/1"}],"replies":[{"embeddable":true,"href":"https:\/\/portalmidia.net\/index.php\/wp-json\/wp\/v2\/comments?post=25632"}],"version-history":[{"count":1,"href":"https:\/\/portalmidia.net\/index.php\/wp-json\/wp\/v2\/posts\/25632\/revisions"}],"predecessor-version":[{"id":25637,"href":"https:\/\/portalmidia.net\/index.php\/wp-json\/wp\/v2\/posts\/25632\/revisions\/25637"}],"wp:featuredmedia":[{"embeddable":true,"href":"https:\/\/portalmidia.net\/index.php\/wp-json\/wp\/v2\/media\/25636"}],"wp:attachment":[{"href":"https:\/\/portalmidia.net\/index.php\/wp-json\/wp\/v2\/media?parent=25632"}],"wp:term":[{"taxonomy":"category","embeddable":true,"href":"https:\/\/portalmidia.net\/index.php\/wp-json\/wp\/v2\/categories?post=25632"},{"taxonomy":"post_tag","embeddable":true,"href":"https:\/\/portalmidia.net\/index.php\/wp-json\/wp\/v2\/tags?post=25632"}],"curies":[{"name":"wp","href":"https:\/\/api.w.org\/{rel}","templated":true}]}}