 {"id":26441,"date":"2024-03-27T14:39:23","date_gmt":"2024-03-27T17:39:23","guid":{"rendered":"https:\/\/portalmidia.net\/?p=26441"},"modified":"2024-03-27T14:39:23","modified_gmt":"2024-03-27T17:39:23","slug":"reconectando-com-nossos-adolescentes-uma-jornada-de-compreensao-e-empatia","status":"publish","type":"post","link":"https:\/\/portalmidia.net\/index.php\/2024\/03\/27\/reconectando-com-nossos-adolescentes-uma-jornada-de-compreensao-e-empatia\/","title":{"rendered":"Reconectando com Nossos Adolescentes: Uma Jornada de Compreens\u00e3o e Empatia."},"content":{"rendered":"<p style=\"text-align: justify;\">Na complexa tape\u00e7aria da vida, a fase da adolesc\u00eancia emerge como um dos cap\u00edtulos mais desafiadores e din\u00e2micos. Os adolescentes, imersos em um mar de mudan\u00e7as f\u00edsicas, emocionais e sociais, muitas vezes parecem distantes e enigm\u00e1ticos para aqueles que desejam entender seus mundos interiores. No entanto, \u00e9 exatamente nessa encruzilhada de desenvolvimento que a necessidade de reconex\u00e3o se torna mais premente.<\/p>\n<p style=\"text-align: justify;\">\nCompreender o comportamento dos nossos adolescentes n\u00e3o \u00e9 uma tarefa simples. Eles est\u00e3o imersos em uma era digital, onde as intera\u00e7\u00f5es virtuais muitas vezes eclipsam as rela\u00e7\u00f5es cara a cara. As press\u00f5es da sociedade moderna, juntamente com as lutas internas pelo autoconhecimento e aceita\u00e7\u00e3o, criam um turbilh\u00e3o de emo\u00e7\u00f5es e conflitos.<\/p>\n<p style=\"text-align: justify;\">\nPara iniciar o processo de reconex\u00e3o com nossos adolescentes, \u00e9 essencial adotar uma abordagem de compreens\u00e3o e empatia. Isso requer a disposi\u00e7\u00e3o de mergulhar no universo deles sem julgamentos pr\u00e9-concebidos. Significa reconhecer que suas experi\u00eancias e perspectivas podem ser diferentes das nossas, mas igualmente v\u00e1lidas e dignas de considera\u00e7\u00e3o.<\/p>\n<p style=\"text-align: justify;\">\nA constru\u00e7\u00e3o de um v\u00ednculo de confian\u00e7a \u00e9 fundamental nessa jornada. Os adolescentes precisam sentir-se seguros para compartilhar suas preocupa\u00e7\u00f5es, alegrias e frustra\u00e7\u00f5es sem medo de repreens\u00e3o ou cr\u00edtica. Isso implica em criar um espa\u00e7o seguro e acolhedor onde eles se sintam ouvidos e compreendidos.<\/p>\n<p style=\"text-align: justify;\">\nAo interagir com os adolescentes, devemos praticar uma escuta ativa e atenta. Isso significa n\u00e3o apenas ouvir suas palavras, mas tamb\u00e9m buscar compreender suas emo\u00e7\u00f5es subjacentes e necessidades n\u00e3o verbalizadas. \u00c0s vezes, o que n\u00e3o \u00e9 dito \u00e9 t\u00e3o importante quanto o que \u00e9 expresso verbalmente.<\/p>\n<p style=\"text-align: justify;\">\nAl\u00e9m disso, \u00e9 essencial cultivar uma atmosfera de respeito m\u00fatuo. Os adolescentes est\u00e3o em uma jornada de descoberta de si mesmos e do mundo ao seu redor. Eles merecem ser tratados com dignidade e considera\u00e7\u00e3o, mesmo quando suas opini\u00f5es diferem das nossas.<\/p>\n<p style=\"text-align: justify;\">\nA tecnologia pode ser uma aliada nesse processo, desde que seja utilizada de forma consciente e equilibrada. Ela pode servir como uma ponte para a comunica\u00e7\u00e3o e intera\u00e7\u00e3o, permitindo-nos estar presentes na vida dos adolescentes mesmo quando estamos fisicamente distantes.<\/p>\n<p style=\"text-align: justify;\">\nEm \u00faltima an\u00e1lise, reconectar com nossos adolescentes \u00e9 uma jornada de aprendizado m\u00fatuo e crescimento pessoal. \u00c0 medida que nos comprometemos a compreender e apoiar suas jornadas individuais, estamos fortalecendo os la\u00e7os familiares e construindo alicerces para relacionamentos saud\u00e1veis e significativos.<\/p>\n<p style=\"text-align: justify;\">\nPortanto, que possamos abra\u00e7ar a oportunidade de reconex\u00e3o com nossos adolescentes, lembrando-nos de que quanto mais nos encolvemos em seus universos sem julg\u00e1-los, maior ser\u00e1 o v\u00ednculo de confian\u00e7a que podemos construir. Que possamos ser guias compassivos em suas jornadas de autodescoberta, oferecendo amor, apoio e compreens\u00e3o em cada passo do caminho.<\/p>\n<p><img fetchpriority=\"high\" decoding=\"async\" class=\"aligncenter size-full wp-image-26444\" src=\"https:\/\/portalmidia.net\/wp-content\/uploads\/2024\/03\/Opera-Instantaneo_2024-03-27_143502_Reconectando20Nossos20-20Midia.pdf.png\" alt=\"\" width=\"427\" height=\"276\" srcset=\"https:\/\/portalmidia.net\/wp-content\/uploads\/2024\/03\/Opera-Instantaneo_2024-03-27_143502_Reconectando20Nossos20-20Midia.pdf.png 427w, https:\/\/portalmidia.net\/wp-content\/uploads\/2024\/03\/Opera-Instantaneo_2024-03-27_143502_Reconectando20Nossos20-20Midia.pdf-300x194.png 300w\" sizes=\"(max-width: 427px) 100vw, 427px\" \/><\/p>\n<p>&nbsp;<\/p>\n<p>&nbsp;<\/p>\n<p style=\"text-align: center;\">Psi. Francisco Almeida<\/p>\n<p style=\"text-align: center;\">Psic\u00f3logo Cl\u00ednico<br \/>\nCRP13 \/ 10638<br \/>\nP\u00f3s-graduado em Neuropsicologia Cl\u00ednica e em Sa\u00fade Mental, Psicopatologia e<br \/>\nAten\u00e7\u00e3o Psicossocial<\/p>\n<p style=\"text-align: center;\"><img decoding=\"async\" class=\"aligncenter size-full wp-image-26443\" src=\"https:\/\/portalmidia.net\/wp-content\/uploads\/2024\/03\/WhatsApp-Image-2024-01-18-at-15.44.23-768x882-3.webp\" alt=\"\" width=\"768\" height=\"882\" srcset=\"https:\/\/portalmidia.net\/wp-content\/uploads\/2024\/03\/WhatsApp-Image-2024-01-18-at-15.44.23-768x882-3.webp 768w, https:\/\/portalmidia.net\/wp-content\/uploads\/2024\/03\/WhatsApp-Image-2024-01-18-at-15.44.23-768x882-3-261x300.webp 261w\" sizes=\"(max-width: 768px) 100vw, 768px\" \/><\/p>\n<p style=\"text-align: center;\">\n<p style=\"text-align: center;\">\n","protected":false},"excerpt":{"rendered":"<p>Na complexa tape\u00e7aria da vida, a fase da adolesc\u00eancia emerge como um dos cap\u00edtulos mais desafiadores e din\u00e2micos. Os adolescentes, imersos em um mar de mudan\u00e7as f\u00edsicas, emocionais e sociais, muitas vezes parecem distantes e enigm\u00e1ticos para aqueles que desejam entender seus mundos interiores. No entanto, \u00e9 exatamente nessa encruzilhada de desenvolvimento que a necessidade<\/p>\n","protected":false},"author":1,"featured_media":26443,"comment_status":"open","ping_status":"open","sticky":false,"template":"","format":"standard","meta":{"_eb_attr":"","footnotes":""},"categories":[279],"tags":[],"class_list":["post-26441","post","type-post","status-publish","format-standard","has-post-thumbnail","hentry","category-colunistas"],"_links":{"self":[{"href":"https:\/\/portalmidia.net\/index.php\/wp-json\/wp\/v2\/posts\/26441","targetHints":{"allow":["GET"]}}],"collection":[{"href":"https:\/\/portalmidia.net\/index.php\/wp-json\/wp\/v2\/posts"}],"about":[{"href":"https:\/\/portalmidia.net\/index.php\/wp-json\/wp\/v2\/types\/post"}],"author":[{"embeddable":true,"href":"https:\/\/portalmidia.net\/index.php\/wp-json\/wp\/v2\/users\/1"}],"replies":[{"embeddable":true,"href":"https:\/\/portalmidia.net\/index.php\/wp-json\/wp\/v2\/comments?post=26441"}],"version-history":[{"count":1,"href":"https:\/\/portalmidia.net\/index.php\/wp-json\/wp\/v2\/posts\/26441\/revisions"}],"predecessor-version":[{"id":26445,"href":"https:\/\/portalmidia.net\/index.php\/wp-json\/wp\/v2\/posts\/26441\/revisions\/26445"}],"wp:featuredmedia":[{"embeddable":true,"href":"https:\/\/portalmidia.net\/index.php\/wp-json\/wp\/v2\/media\/26443"}],"wp:attachment":[{"href":"https:\/\/portalmidia.net\/index.php\/wp-json\/wp\/v2\/media?parent=26441"}],"wp:term":[{"taxonomy":"category","embeddable":true,"href":"https:\/\/portalmidia.net\/index.php\/wp-json\/wp\/v2\/categories?post=26441"},{"taxonomy":"post_tag","embeddable":true,"href":"https:\/\/portalmidia.net\/index.php\/wp-json\/wp\/v2\/tags?post=26441"}],"curies":[{"name":"wp","href":"https:\/\/api.w.org\/{rel}","templated":true}]}}