 {"id":26452,"date":"2024-03-28T08:28:33","date_gmt":"2024-03-28T11:28:33","guid":{"rendered":"https:\/\/portalmidia.net\/?p=26452"},"modified":"2024-03-28T08:28:33","modified_gmt":"2024-03-28T11:28:33","slug":"jair-renan-vira-reu-por-lavagem-de-dinheiro-e-falsidade-ideologica","status":"publish","type":"post","link":"https:\/\/portalmidia.net\/index.php\/2024\/03\/28\/jair-renan-vira-reu-por-lavagem-de-dinheiro-e-falsidade-ideologica\/","title":{"rendered":"Jair Renan vira r\u00e9u por lavagem de dinheiro e falsidade ideol\u00f3gica"},"content":{"rendered":"<p style=\"text-align: justify;\">A Justi\u00e7a do Distrito Federal aceitou den\u00fancia e tornou r\u00e9u Jair Renan Bolsonaro, filho do ex-presidente Jair Bolsonaro, pelos crimes de lavagem de dinheiro, falsidade ideol\u00f3gica e uso de documento falso.\u00a0<img decoding=\"async\" src=\"https:\/\/agenciabrasil.ebc.com.br\/ebc.png?id=1587838&amp;o=node\" \/><img decoding=\"async\" src=\"https:\/\/agenciabrasil.ebc.com.br\/ebc.gif?id=1587838&amp;o=node\" \/><\/p>\n<p style=\"text-align: justify;\">A decis\u00e3o foi proferida na segunda-feira (25) pela 5\u00aa Vara Criminal de Bras\u00edlia, ap\u00f3s den\u00fancia apresentada pelo Minist\u00e9rio P\u00fablico contra Jair Renan e outros acusados.<\/p>\n<p style=\"text-align: justify;\">De acordo com as investiga\u00e7\u00f5es, Jair Renan teria forjado resultados financeiros de sua empresa Bolsonaro Jr. Eventos e M\u00eddia para obter empr\u00e9stimo no banco Santander, que n\u00e3o foi pago. A den\u00fancia criminal no caso est\u00e1 sob sigilo. A institui\u00e7\u00e3o financeira tamb\u00e9m moveu um processo para a cobran\u00e7a da d\u00edvida e obteve uma decis\u00e3o favor\u00e1vel para o pagamento de R$ 360 mil.<\/p>\n<p style=\"text-align: justify;\">Em fevereiro, a Pol\u00edcia Civil do DF apresentou o relat\u00f3rio final da investiga\u00e7\u00e3o, na qual indiciou Jair Renan e seu instrutor de tiro, Maciel Alves,\u00a0 tamb\u00e9m denunciado. O indiciamento foi pelos mesmos crimes. Em agosto do ano passado, a pol\u00edcia cumpriu mandados de busca e apreens\u00e3o contra os dois.<\/p>\n<p style=\"text-align: justify;\">A defesa do filho de Bolsonaro disse que n\u00e3o vai se manifestar sobre a decis\u00e3o.<\/p>\n<p style=\"text-align: justify;\">\n<p style=\"text-align: justify;\">\n<p style=\"text-align: justify;\">\n<p style=\"text-align: justify;\">\n<p style=\"text-align: justify;\">\n<p style=\"text-align: justify;\">\n<p style=\"text-align: justify;\">\n<p style=\"text-align: justify;\">agenciabrasil<\/p>\n","protected":false},"excerpt":{"rendered":"<p>A Justi\u00e7a do Distrito Federal aceitou den\u00fancia e tornou r\u00e9u Jair Renan Bolsonaro, filho do ex-presidente Jair Bolsonaro, pelos crimes de lavagem de dinheiro, falsidade ideol\u00f3gica e uso de documento falso.\u00a0 A decis\u00e3o foi proferida na segunda-feira (25) pela 5\u00aa Vara Criminal de Bras\u00edlia, ap\u00f3s den\u00fancia apresentada pelo Minist\u00e9rio P\u00fablico contra Jair Renan e outros<\/p>\n","protected":false},"author":1,"featured_media":26460,"comment_status":"open","ping_status":"open","sticky":false,"template":"","format":"standard","meta":{"_eb_attr":"","footnotes":""},"categories":[7,3],"tags":[],"class_list":["post-26452","post","type-post","status-publish","format-standard","has-post-thumbnail","hentry","category-destaque","category-politica"],"_links":{"self":[{"href":"https:\/\/portalmidia.net\/index.php\/wp-json\/wp\/v2\/posts\/26452","targetHints":{"allow":["GET"]}}],"collection":[{"href":"https:\/\/portalmidia.net\/index.php\/wp-json\/wp\/v2\/posts"}],"about":[{"href":"https:\/\/portalmidia.net\/index.php\/wp-json\/wp\/v2\/types\/post"}],"author":[{"embeddable":true,"href":"https:\/\/portalmidia.net\/index.php\/wp-json\/wp\/v2\/users\/1"}],"replies":[{"embeddable":true,"href":"https:\/\/portalmidia.net\/index.php\/wp-json\/wp\/v2\/comments?post=26452"}],"version-history":[{"count":1,"href":"https:\/\/portalmidia.net\/index.php\/wp-json\/wp\/v2\/posts\/26452\/revisions"}],"predecessor-version":[{"id":26463,"href":"https:\/\/portalmidia.net\/index.php\/wp-json\/wp\/v2\/posts\/26452\/revisions\/26463"}],"wp:featuredmedia":[{"embeddable":true,"href":"https:\/\/portalmidia.net\/index.php\/wp-json\/wp\/v2\/media\/26460"}],"wp:attachment":[{"href":"https:\/\/portalmidia.net\/index.php\/wp-json\/wp\/v2\/media?parent=26452"}],"wp:term":[{"taxonomy":"category","embeddable":true,"href":"https:\/\/portalmidia.net\/index.php\/wp-json\/wp\/v2\/categories?post=26452"},{"taxonomy":"post_tag","embeddable":true,"href":"https:\/\/portalmidia.net\/index.php\/wp-json\/wp\/v2\/tags?post=26452"}],"curies":[{"name":"wp","href":"https:\/\/api.w.org\/{rel}","templated":true}]}}