 {"id":26456,"date":"2024-03-28T08:27:45","date_gmt":"2024-03-28T11:27:45","guid":{"rendered":"https:\/\/portalmidia.net\/?p=26456"},"modified":"2024-03-28T08:27:45","modified_gmt":"2024-03-28T11:27:45","slug":"bolsonaro-diz-ao-stf-que-seria-ilogico-pedir-asilo-a-embaixador","status":"publish","type":"post","link":"https:\/\/portalmidia.net\/index.php\/2024\/03\/28\/bolsonaro-diz-ao-stf-que-seria-ilogico-pedir-asilo-a-embaixador\/","title":{"rendered":"Bolsonaro diz ao STF que seria &#8220;il\u00f3gico&#8221; pedir asilo a embaixador"},"content":{"rendered":"<p style=\"text-align: justify;\">O ex-presidente Jair Bolsonaro afirmou nesta quarta-feira (27) ao ministro Alexandre de Moraes, do Supremo Tribunal Federal (STF), que seria &#8220;il\u00f3gico&#8221; sugerir que ele pediria asilo pol\u00edtico durante o per\u00edodo em que ficou hospedado na Embaixada da Hungria, em Bras\u00edlia, no m\u00eas passado.<img decoding=\"async\" src=\"https:\/\/agenciabrasil.ebc.com.br\/ebc.png?id=1587786&amp;o=node\" \/><img decoding=\"async\" src=\"https:\/\/agenciabrasil.ebc.com.br\/ebc.gif?id=1587786&amp;o=node\" \/><\/p>\n<p style=\"text-align: justify;\">A explica\u00e7\u00e3o foi enviada ao Supremo ap\u00f3s o ministro dar\u00a0<a href=\"https:\/\/agenciabrasil.ebc.com.br\/justica\/noticia\/2024-03\/moraes-da-48-horas-para-bolsonaro-explicar-estadia-na-embaixada-da-hungria\" target=\"_blank\" rel=\"noopener\">prazo de 48 horas<\/a>\u00a0para Bolsonaro explicar a estadia.<\/p>\n<p style=\"text-align: justify;\">Na segunda-feira (25), o jornal\u00a0<em>The New York Times<\/em>\u00a0publicou que o ex-presidente permaneceu entre os dias 12 e 14 de fevereiro deste ano\u00a0hospedado na embaixada.<\/p>\n<p style=\"text-align: justify;\">Dias antes, em 8 de fevereiro,\u00a0Bolsonaro teve o passaporte apreendido\u00a0por determina\u00e7\u00e3o de Moraes ap\u00f3s sofrer uma busca e apreens\u00e3o durante a\u00a0Opera\u00e7\u00e3o Tempus Veritatis, que investiga a tentativa de golpe de Estado no pa\u00eds ap\u00f3s o resultado das elei\u00e7\u00f5es de 2022.<\/p>\n<p style=\"text-align: justify;\">Pelas regras internacionais, a \u00e1rea da embaixada \u00e9 inviol\u00e1vel pelas autoridades brasileiras. Dessa forma, Bolsonaro estaria imune ao eventual cumprimento de um mandado de pris\u00e3o.<\/p>\n<p style=\"text-align: justify;\">Na peti\u00e7\u00e3o, a defesa de Bolsonaro diz que \u00e9 &#8220;il\u00f3gico&#8221; considerar que o ex-presidente pediria asilo pol\u00edtico para a embaixada. Segundo a defesa, Bolsonaro n\u00e3o tinha preocupa\u00e7\u00e3o com eventual pris\u00e3o.<\/p>\n<p style=\"text-align: justify;\">\u201cDiante da aus\u00eancia de preocupa\u00e7\u00e3o com a pris\u00e3o preventiva, \u00e9 il\u00f3gico sugerir que a visita do peticion\u00e1rio \u00e0 embaixada de um pa\u00eds estrangeiro fosse um pedido de asilo ou uma tentativa de fuga. A pr\u00f3pria imposi\u00e7\u00e3o das recentes medidas cautelares tornava essa suposi\u00e7\u00e3o altamente improv\u00e1vel e infundada\u201d, afirmou a defesa.<\/p>\n<p style=\"text-align: justify;\">Os advogados tamb\u00e9m afirmaram que o ex-presidente sempre manteve interlocu\u00e7\u00e3o com as autoridades h\u00fangaras e recha\u00e7aram ila\u00e7\u00f5es sobre eventual pedido de asilo diplom\u00e1tico.<\/p>\n<p style=\"text-align: justify;\">\u201cS\u00e3o, portanto, equivocadas quaisquer conclus\u00f5es decorrentes da mat\u00e9ria veiculada pelo jornal norte-americano, no sentido de que o ex-presidente tinha interesse em alguma esp\u00e9cie de asilo diplom\u00e1tico, conclus\u00e3o a que se chega bastando considerar a postura e atitude que sempre manteve em rela\u00e7\u00e3o as investiga\u00e7\u00f5es a ele dirigidas\u201d, completou a defesa.<\/p>\n<p style=\"text-align: justify;\">Bolsonaro \u00e9\u00a0aliado do primeiro-ministro da Hungria, Viktor Orb\u00e1n, que esteve na posse do ex-presidente em 2018. Em 2022, Bolsonaro visitou Budapeste, capital h\u00fangara, e foi recebido por Orb\u00e1n. Al\u00e9m disso, ambos trocam constantes elogios p\u00fablicos<\/p>\n<h2 style=\"text-align: justify;\">Hospedagem<\/h2>\n<p style=\"text-align: justify;\">A publica\u00e7\u00e3o norte-americana analisou as imagens das c\u00e2meras de seguran\u00e7a do local e imagens de sat\u00e9lite, que mostram que Bolsonaro chegou no dia 12 de fevereiro \u00e0 tarde e saiu na tarde do dia 14 de fevereiro.<\/p>\n<p style=\"text-align: justify;\">As imagens mostram que a embaixada estava praticamente vazia, exceto por alguns diplomatas h\u00fangaros que moram no local. Segundo o jornal, os funcion\u00e1rios estavam de f\u00e9rias\u00a0e a estadia de Bolsonaro ocorreu durante o feriado de carnaval.<\/p>\n<p style=\"text-align: justify;\">Segundo a reportagem, no dia 14 de fevereiro, os diplomatas h\u00fangaros contataram os funcion\u00e1rios brasileiros, que deveriam retornar ao trabalho no dia seguinte, dando a orienta\u00e7\u00e3o para que ficassem em casa pelo resto da semana.<\/p>\n<p style=\"text-align: justify;\">\n<p style=\"text-align: justify;\">\n<p style=\"text-align: justify;\">\n<p style=\"text-align: justify;\">\n<p style=\"text-align: justify;\">\n<p style=\"text-align: justify;\">\n<p style=\"text-align: justify;\">\n<p style=\"text-align: justify;\">\n<p style=\"text-align: justify;\">\n<p style=\"text-align: justify;\">agenciabrasil<\/p>\n","protected":false},"excerpt":{"rendered":"<p>O ex-presidente Jair Bolsonaro afirmou nesta quarta-feira (27) ao ministro Alexandre de Moraes, do Supremo Tribunal Federal (STF), que seria &#8220;il\u00f3gico&#8221; sugerir que ele pediria asilo pol\u00edtico durante o per\u00edodo em que ficou hospedado na Embaixada da Hungria, em Bras\u00edlia, no m\u00eas passado. A explica\u00e7\u00e3o foi enviada ao Supremo ap\u00f3s o ministro dar\u00a0prazo de 48<\/p>\n","protected":false},"author":1,"featured_media":26458,"comment_status":"open","ping_status":"open","sticky":false,"template":"","format":"standard","meta":{"_eb_attr":"","footnotes":""},"categories":[7,3],"tags":[],"class_list":["post-26456","post","type-post","status-publish","format-standard","has-post-thumbnail","hentry","category-destaque","category-politica"],"_links":{"self":[{"href":"https:\/\/portalmidia.net\/index.php\/wp-json\/wp\/v2\/posts\/26456","targetHints":{"allow":["GET"]}}],"collection":[{"href":"https:\/\/portalmidia.net\/index.php\/wp-json\/wp\/v2\/posts"}],"about":[{"href":"https:\/\/portalmidia.net\/index.php\/wp-json\/wp\/v2\/types\/post"}],"author":[{"embeddable":true,"href":"https:\/\/portalmidia.net\/index.php\/wp-json\/wp\/v2\/users\/1"}],"replies":[{"embeddable":true,"href":"https:\/\/portalmidia.net\/index.php\/wp-json\/wp\/v2\/comments?post=26456"}],"version-history":[{"count":1,"href":"https:\/\/portalmidia.net\/index.php\/wp-json\/wp\/v2\/posts\/26456\/revisions"}],"predecessor-version":[{"id":26459,"href":"https:\/\/portalmidia.net\/index.php\/wp-json\/wp\/v2\/posts\/26456\/revisions\/26459"}],"wp:featuredmedia":[{"embeddable":true,"href":"https:\/\/portalmidia.net\/index.php\/wp-json\/wp\/v2\/media\/26458"}],"wp:attachment":[{"href":"https:\/\/portalmidia.net\/index.php\/wp-json\/wp\/v2\/media?parent=26456"}],"wp:term":[{"taxonomy":"category","embeddable":true,"href":"https:\/\/portalmidia.net\/index.php\/wp-json\/wp\/v2\/categories?post=26456"},{"taxonomy":"post_tag","embeddable":true,"href":"https:\/\/portalmidia.net\/index.php\/wp-json\/wp\/v2\/tags?post=26456"}],"curies":[{"name":"wp","href":"https:\/\/api.w.org\/{rel}","templated":true}]}}